{"id":29961,"date":"2025-08-27T09:33:56","date_gmt":"2025-08-27T12:33:56","guid":{"rendered":"https:\/\/sgvaimudar.com.br\/?p=29961"},"modified":"2025-08-27T09:33:56","modified_gmt":"2025-08-27T12:33:56","slug":"sg-previ-convoca-aposentados-e-dependentes-para-realizacao-de-pericia-medica","status":"publish","type":"post","link":"https:\/\/sgvaimudar.com.br\/index.php\/2025\/08\/27\/sg-previ-convoca-aposentados-e-dependentes-para-realizacao-de-pericia-medica\/","title":{"rendered":"SG-Previ convoca aposentados e dependentes para realiza\u00e7\u00e3o de per\u00edcia m\u00e9dica"},"content":{"rendered":"\n<p><em>Benefici\u00e1rios devem comparecer \u00e0 sede do SG-PREVI at\u00e9 29 de setembro<\/em><\/p>\n\n\n\n<p>O Instituto de Previd\u00eancia do Munic\u00edpio de S\u00e3o Gon\u00e7alo (SG-Previ) convocou, nesta ter\u00e7a-feira (26), os segurados aniversariantes do m\u00eas de janeiro que recebem aposentadoria por incapacidade permanente em raz\u00e3o de invalidez para a realiza\u00e7\u00e3o de per\u00edcia m\u00e9dica. Ficam tamb\u00e9m convocados os dependentes, que fazem anivers\u00e1rio no m\u00eas de janeiro, que possuam o benef\u00edcio de pens\u00e3o por morte em raz\u00e3o de defici\u00eancia f\u00edsica, intelectual ou mental que os tornem inv\u00e1lidos para o trabalho.<\/p>\n\n\n\n<p>A medida tem como objetivo revisar periodicamente as condi\u00e7\u00f5es que garantem a manuten\u00e7\u00e3o dos benef\u00edcios previdenci\u00e1rios.\u00a0<\/p>\n\n\n\n<figure class=\"wp-block-image size-large\"><img fetchpriority=\"high\" decoding=\"async\" width=\"768\" height=\"1024\" src=\"https:\/\/sgvaimudar.com.br\/wp-content\/uploads\/2025\/08\/unnamed-1-768x1024.png\" alt=\"\" class=\"wp-image-29962\" srcset=\"https:\/\/sgvaimudar.com.br\/wp-content\/uploads\/2025\/08\/unnamed-1-768x1024.png 768w, https:\/\/sgvaimudar.com.br\/wp-content\/uploads\/2025\/08\/unnamed-1-225x300.png 225w, https:\/\/sgvaimudar.com.br\/wp-content\/uploads\/2025\/08\/unnamed-1.png 1080w\" sizes=\"(max-width: 768px) 100vw, 768px\" \/><\/figure>\n\n\n\n<p>De acordo com a convoca\u00e7\u00e3o, os benefici\u00e1rios listados no Di\u00e1rio Oficial do munic\u00edpio deste 26 de agosto de 2025 &#8211; dispon\u00edvel no site da Prefeitura de S\u00e3o Gon\u00e7alo &#8211; devem comparecer \u00e0 sede do SG-Previ at\u00e9 29 de setembro, munidos de laudo m\u00e9dico emitido h\u00e1, no m\u00e1ximo, 60 dias.\u00a0\u00a0<\/p>\n\n\n\n<p>O n\u00e3o comparecimento, sem justificativa, poder\u00e1 resultar na suspens\u00e3o do pagamento do benefici\u00e1rio. Caso seja necess\u00e1rio, o segurado ou dependente tamb\u00e9m poder\u00e1 ser convocado para per\u00edcia oficial junto \u00e0 Coordenadoria de Sa\u00fade Ocupacional (CSO).<\/p>\n\n\n\n<p>Quem n\u00e3o puder comparecer presencialmente deve enviar o laudo m\u00e9dico por via postal para o endere\u00e7o do SG-Previ, que fica na Rua Coronel Serrado, n\u00ba 1000, S\u00e3o Gon\u00e7alo\/RJ, CEP 24.440-000, dentro do prazo estabelecido.\u00a0\u00a0<\/p>\n\n\n\n<p>Link do Di\u00e1rio Oficial do dia 26 de agosto de 2025:\u00a0<a rel=\"noreferrer noopener\" href=\"https:\/\/click.cse360.com.br\/Click\/AddCampaignEmailClick\/da17485d-c98e-4f21-6d64-08dde49c45bd\/https%253a%252f%252fdo.pmsg.rj.gov.br%252fdiario%252f2025_08_26.pdf\/ac66966e-2b55-4484-fb2c-08dc491eed5f\/jornalistaws@gmail.com\/False\" target=\"_blank\"><u>https:\/\/do.pmsg.rj.gov.br\/diario\/2025_08_26.pdf<\/u><\/a>.\u00a0<\/p>\n\n\n\n<p><strong><em>Fa\u00e7a sua den\u00fancia pelo nosso WhatsApp: (21) <\/em><\/strong><strong><em>99744 5345<\/em><\/strong><strong><em><\/em><\/strong><\/p>\n\n\n\n<p><strong><em>S\u00e3o Gon\u00e7alo vai mudar: Not\u00edcias de S\u00e3o Gon\u00e7alo e toda regi\u00e3o.<\/em><\/strong><\/p>\n\n\n\n<figure class=\"wp-block-image size-large\"><img decoding=\"async\" width=\"1024\" height=\"252\" src=\"https:\/\/sgvaimudar.com.br\/wp-content\/uploads\/2025\/03\/Anuncie-Aqui-Sao-Goncalo-vai-mudar-1024x252.jpg\" alt=\"\" class=\"wp-image-22693\" srcset=\"https:\/\/sgvaimudar.com.br\/wp-content\/uploads\/2025\/03\/Anuncie-Aqui-Sao-Goncalo-vai-mudar-1024x252.jpg 1024w, https:\/\/sgvaimudar.com.br\/wp-content\/uploads\/2025\/03\/Anuncie-Aqui-Sao-Goncalo-vai-mudar-300x74.jpg 300w, https:\/\/sgvaimudar.com.br\/wp-content\/uploads\/2025\/03\/Anuncie-Aqui-Sao-Goncalo-vai-mudar-768x189.jpg 768w, https:\/\/sgvaimudar.com.br\/wp-content\/uploads\/2025\/03\/Anuncie-Aqui-Sao-Goncalo-vai-mudar-1536x378.jpg 1536w, https:\/\/sgvaimudar.com.br\/wp-content\/uploads\/2025\/03\/Anuncie-Aqui-Sao-Goncalo-vai-mudar-2048x504.jpg 2048w\" sizes=\"(max-width: 1024px) 100vw, 1024px\" \/><\/figure>\n","protected":false},"excerpt":{"rendered":"<p>Benefici\u00e1rios devem comparecer \u00e0 sede do SG-PREVI at\u00e9 29 de setembro O Instituto de Previd\u00eancia do Munic\u00edpio de S\u00e3o Gon\u00e7alo&hellip;<\/p>\n","protected":false},"author":5,"featured_media":29963,"comment_status":"open","ping_status":"open","sticky":false,"template":"","format":"standard","meta":{"fifu_image_url":"","fifu_image_alt":"","footnotes":""},"categories":[7],"tags":[47,75],"class_list":["post-29961","post","type-post","status-publish","format-standard","has-post-thumbnail","hentry","category-saude","tag-rj","tag-sao-goncalo"],"_links":{"self":[{"href":"https:\/\/sgvaimudar.com.br\/index.php\/wp-json\/wp\/v2\/posts\/29961","targetHints":{"allow":["GET"]}}],"collection":[{"href":"https:\/\/sgvaimudar.com.br\/index.php\/wp-json\/wp\/v2\/posts"}],"about":[{"href":"https:\/\/sgvaimudar.com.br\/index.php\/wp-json\/wp\/v2\/types\/post"}],"author":[{"embeddable":true,"href":"https:\/\/sgvaimudar.com.br\/index.php\/wp-json\/wp\/v2\/users\/5"}],"replies":[{"embeddable":true,"href":"https:\/\/sgvaimudar.com.br\/index.php\/wp-json\/wp\/v2\/comments?post=29961"}],"version-history":[{"count":1,"href":"https:\/\/sgvaimudar.com.br\/index.php\/wp-json\/wp\/v2\/posts\/29961\/revisions"}],"predecessor-version":[{"id":29964,"href":"https:\/\/sgvaimudar.com.br\/index.php\/wp-json\/wp\/v2\/posts\/29961\/revisions\/29964"}],"wp:featuredmedia":[{"embeddable":true,"href":"https:\/\/sgvaimudar.com.br\/index.php\/wp-json\/wp\/v2\/media\/29963"}],"wp:attachment":[{"href":"https:\/\/sgvaimudar.com.br\/index.php\/wp-json\/wp\/v2\/media?parent=29961"}],"wp:term":[{"taxonomy":"category","embeddable":true,"href":"https:\/\/sgvaimudar.com.br\/index.php\/wp-json\/wp\/v2\/categories?post=29961"},{"taxonomy":"post_tag","embeddable":true,"href":"https:\/\/sgvaimudar.com.br\/index.php\/wp-json\/wp\/v2\/tags?post=29961"}],"curies":[{"name":"wp","href":"https:\/\/api.w.org\/{rel}","templated":true}]}}