{"id":29939,"date":"2025-08-26T19:00:00","date_gmt":"2025-08-26T22:00:00","guid":{"rendered":"https:\/\/sgvaimudar.com.br\/?p=29939"},"modified":"2025-08-26T09:36:51","modified_gmt":"2025-08-26T12:36:51","slug":"justica-realiza-palestra-sobre-centro-integrado-para-atendimento-de-criancas-e-adolescentes-vitimas-e-testemunhas-de-violencia-em-itaborai","status":"publish","type":"post","link":"https:\/\/sgvaimudar.com.br\/index.php\/2025\/08\/26\/justica-realiza-palestra-sobre-centro-integrado-para-atendimento-de-criancas-e-adolescentes-vitimas-e-testemunhas-de-violencia-em-itaborai\/","title":{"rendered":"Justi\u00e7a realiza palestra sobre centro integrado para atendimento de crian\u00e7as e adolescentes v\u00edtimas e testemunhas de viol\u00eancia em Itabora\u00ed"},"content":{"rendered":"\n<p><em>O evento ocorreu na sede da Ordem dos Advogados do Brasil (OAB), em Itabora\u00ed<\/em><\/p>\n\n\n\n<p>A promotora de Justi\u00e7a Rhamile Sodr\u00e9, titular da Promotoria de Justi\u00e7a da Inf\u00e2ncia e da Juventude de Itabora\u00ed, realizou uma palestra, no \u00faltimo dia 31\/07, sobre a implementa\u00e7\u00e3o, no munic\u00edpio de Itabora\u00ed, do Centro Integrado Especializado para atendimento de crian\u00e7as e adolescentes v\u00edtimas ou testemunhas de viol\u00eancia. <\/p>\n\n\n\n<p>A palestra teve como objetivo destacar pontos importantes da Lei 13.431\/2017, que estabelece o sistema de garantia de direitos da crian\u00e7a e do adolescente v\u00edtima ou testemunha de viol\u00eancia, e a import\u00e2ncia da cria\u00e7\u00e3o do centro integrado.\u00a0<\/p>\n\n\n\n<figure class=\"wp-block-image size-full\"><img fetchpriority=\"high\" decoding=\"async\" width=\"1024\" height=\"682\" src=\"https:\/\/sgvaimudar.com.br\/wp-content\/uploads\/2025\/08\/upload_00000739.jpg\" alt=\"\" class=\"wp-image-29940\" srcset=\"https:\/\/sgvaimudar.com.br\/wp-content\/uploads\/2025\/08\/upload_00000739.jpg 1024w, https:\/\/sgvaimudar.com.br\/wp-content\/uploads\/2025\/08\/upload_00000739-300x200.jpg 300w, https:\/\/sgvaimudar.com.br\/wp-content\/uploads\/2025\/08\/upload_00000739-768x512.jpg 768w\" sizes=\"(max-width: 1024px) 100vw, 1024px\" \/><\/figure>\n\n\n\n<p>A promotora de Justi\u00e7a orientou o munic\u00edpio, como primeiro passo para a implementa\u00e7\u00e3o do centro integrado especializado, sobre a cria\u00e7\u00e3o do comit\u00ea gestor e de um plano municipal destinado \u00e0 preven\u00e7\u00e3o,&nbsp;enfrentamento e ao atendimento especializado de crian\u00e7as e adolescentes v\u00edtimas ou testemunhas de viol\u00eancia.<\/p>\n\n\n\n<p>Al\u00e9m da presen\u00e7a da equipe do N\u00facleo de Apoio T\u00e9cnico Multidisciplinar do Minist\u00e9rio P\u00fablico do Estado do Rio de Janeiro (MPRJ) de S\u00e3o Gon\u00e7alo, o evento contou com a participa\u00e7\u00e3o dos secret\u00e1rios municipais de sa\u00fade, desenvolvimento social, educa\u00e7\u00e3o e seguran\u00e7a p\u00fablica, da delegada da Pol\u00edcia Civil, Norma Passos, do procurador-geral do munic\u00edpio, Edson Jos\u00e9 Xavier, e de representantes dos Conselhos Tutelares I e II de Itabora\u00ed.<\/p>\n\n\n\n<p><strong><em>S\u00e3o Gon\u00e7alo vai mudar: Not\u00edcias de S\u00e3o Gon\u00e7alo e toda regi\u00e3o.<\/em><\/strong><\/p>\n\n\n\n<figure class=\"wp-block-image size-large\"><img decoding=\"async\" width=\"1024\" height=\"252\" src=\"https:\/\/sgvaimudar.com.br\/wp-content\/uploads\/2025\/03\/Anuncie-Aqui-Sao-Goncalo-vai-mudar-1024x252.jpg\" alt=\"\" class=\"wp-image-22693\" srcset=\"https:\/\/sgvaimudar.com.br\/wp-content\/uploads\/2025\/03\/Anuncie-Aqui-Sao-Goncalo-vai-mudar-1024x252.jpg 1024w, https:\/\/sgvaimudar.com.br\/wp-content\/uploads\/2025\/03\/Anuncie-Aqui-Sao-Goncalo-vai-mudar-300x74.jpg 300w, https:\/\/sgvaimudar.com.br\/wp-content\/uploads\/2025\/03\/Anuncie-Aqui-Sao-Goncalo-vai-mudar-768x189.jpg 768w, https:\/\/sgvaimudar.com.br\/wp-content\/uploads\/2025\/03\/Anuncie-Aqui-Sao-Goncalo-vai-mudar-1536x378.jpg 1536w, https:\/\/sgvaimudar.com.br\/wp-content\/uploads\/2025\/03\/Anuncie-Aqui-Sao-Goncalo-vai-mudar-2048x504.jpg 2048w\" sizes=\"(max-width: 1024px) 100vw, 1024px\" \/><\/figure>\n","protected":false},"excerpt":{"rendered":"<p>O evento ocorreu na sede da Ordem dos Advogados do Brasil (OAB), em Itabora\u00ed A promotora de Justi\u00e7a Rhamile Sodr\u00e9,&hellip;<\/p>\n","protected":false},"author":5,"featured_media":29941,"comment_status":"open","ping_status":"open","sticky":false,"template":"","format":"standard","meta":{"fifu_image_url":"","fifu_image_alt":"","footnotes":""},"categories":[32],"tags":[47],"class_list":["post-29939","post","type-post","status-publish","format-standard","has-post-thumbnail","hentry","category-casos-de-policia","tag-rj"],"_links":{"self":[{"href":"https:\/\/sgvaimudar.com.br\/index.php\/wp-json\/wp\/v2\/posts\/29939","targetHints":{"allow":["GET"]}}],"collection":[{"href":"https:\/\/sgvaimudar.com.br\/index.php\/wp-json\/wp\/v2\/posts"}],"about":[{"href":"https:\/\/sgvaimudar.com.br\/index.php\/wp-json\/wp\/v2\/types\/post"}],"author":[{"embeddable":true,"href":"https:\/\/sgvaimudar.com.br\/index.php\/wp-json\/wp\/v2\/users\/5"}],"replies":[{"embeddable":true,"href":"https:\/\/sgvaimudar.com.br\/index.php\/wp-json\/wp\/v2\/comments?post=29939"}],"version-history":[{"count":1,"href":"https:\/\/sgvaimudar.com.br\/index.php\/wp-json\/wp\/v2\/posts\/29939\/revisions"}],"predecessor-version":[{"id":29942,"href":"https:\/\/sgvaimudar.com.br\/index.php\/wp-json\/wp\/v2\/posts\/29939\/revisions\/29942"}],"wp:featuredmedia":[{"embeddable":true,"href":"https:\/\/sgvaimudar.com.br\/index.php\/wp-json\/wp\/v2\/media\/29941"}],"wp:attachment":[{"href":"https:\/\/sgvaimudar.com.br\/index.php\/wp-json\/wp\/v2\/media?parent=29939"}],"wp:term":[{"taxonomy":"category","embeddable":true,"href":"https:\/\/sgvaimudar.com.br\/index.php\/wp-json\/wp\/v2\/categories?post=29939"},{"taxonomy":"post_tag","embeddable":true,"href":"https:\/\/sgvaimudar.com.br\/index.php\/wp-json\/wp\/v2\/tags?post=29939"}],"curies":[{"name":"wp","href":"https:\/\/api.w.org\/{rel}","templated":true}]}}