{"id":29936,"date":"2025-08-26T17:00:00","date_gmt":"2025-08-26T20:00:00","guid":{"rendered":"https:\/\/sgvaimudar.com.br\/?p=29936"},"modified":"2025-08-26T09:22:17","modified_gmt":"2025-08-26T12:22:17","slug":"em-itaborai-casa-de-cultura-recebe-espetaculo-samba-nego-miudinho-a-partir-desta-terca-26","status":"publish","type":"post","link":"https:\/\/sgvaimudar.com.br\/index.php\/2025\/08\/26\/em-itaborai-casa-de-cultura-recebe-espetaculo-samba-nego-miudinho-a-partir-desta-terca-26\/","title":{"rendered":"Em Itabora\u00ed, Casa de Cultura recebe espet\u00e1culo \u201cSamba Nego Miudinho\u201d a partir desta ter\u00e7a 26"},"content":{"rendered":"\n<p><em>A CCHAT fica localizada na Pra\u00e7a Marechal Floriano Peixoto, 303, no Centro<\/em><\/p>\n\n\n\n<p>A Casa de Cultura Helo\u00edsa Alberto Torres (CCHAT), em Itabora\u00ed, vai receber nesta ter\u00e7a-feira (26\/08), \u00e0s 18h30min, a estreia do espet\u00e1culo \u201cSamba Nego Miudinho\u201d, que segue em cartaz at\u00e9 o dia 6 de setembro, com entrada gratuita. &#8220;A Casa abre espa\u00e7o para o p\u00fablico mergulhar na hist\u00f3ria e na riqueza do samba brasileiro&#8221;, disse a Prefeitura no texto.<\/p>\n\n\n\n<p>A abertura ser\u00e1 marcada pela apresenta\u00e7\u00e3o das Matriarcas do Samba, grupo formado por Selma Candeia, Vera de Jesus e Nilcemar Nogueira, herdeiras de tr\u00eas grandes nomes da m\u00fasica nacional: Candeia, Clementina de Jesus e Cartola. Em cena, o trio une m\u00fasica e conta\u00e7\u00e3o de hist\u00f3rias, relembrando mem\u00f3rias familiares e trazendo \u00e0 tona a for\u00e7a das mulheres na preserva\u00e7\u00e3o dessa tradi\u00e7\u00e3o cultural.<\/p>\n\n\n\n<figure class=\"wp-block-image size-large\"><img fetchpriority=\"high\" decoding=\"async\" width=\"1024\" height=\"768\" src=\"https:\/\/sgvaimudar.com.br\/wp-content\/uploads\/2025\/08\/Casa-de-Cultura-recebe-espetaculo-Samba-Nego-Miudinho-a-partir-desta-terca-feira-2608-1024x768.jpeg\" alt=\"\" class=\"wp-image-29937\" srcset=\"https:\/\/sgvaimudar.com.br\/wp-content\/uploads\/2025\/08\/Casa-de-Cultura-recebe-espetaculo-Samba-Nego-Miudinho-a-partir-desta-terca-feira-2608-1024x768.jpeg 1024w, https:\/\/sgvaimudar.com.br\/wp-content\/uploads\/2025\/08\/Casa-de-Cultura-recebe-espetaculo-Samba-Nego-Miudinho-a-partir-desta-terca-feira-2608-300x225.jpeg 300w, https:\/\/sgvaimudar.com.br\/wp-content\/uploads\/2025\/08\/Casa-de-Cultura-recebe-espetaculo-Samba-Nego-Miudinho-a-partir-desta-terca-feira-2608-768x576.jpeg 768w, https:\/\/sgvaimudar.com.br\/wp-content\/uploads\/2025\/08\/Casa-de-Cultura-recebe-espetaculo-Samba-Nego-Miudinho-a-partir-desta-terca-feira-2608-1536x1152.jpeg 1536w, https:\/\/sgvaimudar.com.br\/wp-content\/uploads\/2025\/08\/Casa-de-Cultura-recebe-espetaculo-Samba-Nego-Miudinho-a-partir-desta-terca-feira-2608.jpeg 1600w\" sizes=\"(max-width: 1024px) 100vw, 1024px\" \/><\/figure>\n\n\n\n<p>Al\u00e9m da programa\u00e7\u00e3o musical, o espet\u00e1culo conta com uma instala\u00e7\u00e3o interativa que apresenta a trajet\u00f3ria do samba por meio de pain\u00e9is, fantasias de carnaval e elementos que destacam suas ra\u00edzes africanas e sua import\u00e2ncia na forma\u00e7\u00e3o da identidade cultural brasileira.<\/p>\n\n\n\n<p>Para o subsecret\u00e1rio e gestor da CCHAT, Alan Motta, o espet\u00e1culo reafirma o papel de Itabora\u00ed na valoriza\u00e7\u00e3o da cultura popular.<\/p>\n\n\n\n<p>\u201cO samba \u00e9 uma das manifesta\u00e7\u00f5es mais importantes da nossa cultura, e Itabora\u00ed tem a alegria de abrir espa\u00e7o para projetos que celebram e preservam essa heran\u00e7a. A Casa de Cultura cumpre sua miss\u00e3o de ser um ponto de encontro entre tradi\u00e7\u00e3o e novas gera\u00e7\u00f5es, proporcionando acesso gratuito a todos\u201d, destacou o secret\u00e1rio.<\/p>\n\n\n\n<p>Antes de chegar a Itabora\u00ed, o projeto passou por Maca\u00e9 e tamb\u00e9m ter\u00e1 edi\u00e7\u00e3o especial no Museu do Samba, na comunidade da Mangueira, consolidando sua proposta de educa\u00e7\u00e3o antirracista e valoriza\u00e7\u00e3o da mem\u00f3ria do samba em diferentes territ\u00f3rios.<\/p>\n\n\n\n<p>A realiza\u00e7\u00e3o \u00e9 do Museu do Samba, com patroc\u00ednio do Governo do Estado do Rio de Janeiro, por meio da Secretaria de Estado de Cultura e Economia Criativa, e conta com apoio da Prefeitura de Itabora\u00ed, por meio da Secretaria Municipal de Educa\u00e7\u00e3o e da Casa de Cultura Helo\u00edsa Alberto Torres.<\/p>\n\n\n\n<p><strong><em>S\u00e3o Gon\u00e7alo vai mudar: Not\u00edcias de S\u00e3o Gon\u00e7alo e toda regi\u00e3o.<\/em><\/strong><\/p>\n\n\n\n<figure class=\"wp-block-image size-large\"><img decoding=\"async\" width=\"1024\" height=\"252\" src=\"https:\/\/sgvaimudar.com.br\/wp-content\/uploads\/2025\/03\/Anuncie-Aqui-Sao-Goncalo-vai-mudar-1024x252.jpg\" alt=\"\" class=\"wp-image-22693\" srcset=\"https:\/\/sgvaimudar.com.br\/wp-content\/uploads\/2025\/03\/Anuncie-Aqui-Sao-Goncalo-vai-mudar-1024x252.jpg 1024w, https:\/\/sgvaimudar.com.br\/wp-content\/uploads\/2025\/03\/Anuncie-Aqui-Sao-Goncalo-vai-mudar-300x74.jpg 300w, https:\/\/sgvaimudar.com.br\/wp-content\/uploads\/2025\/03\/Anuncie-Aqui-Sao-Goncalo-vai-mudar-768x189.jpg 768w, https:\/\/sgvaimudar.com.br\/wp-content\/uploads\/2025\/03\/Anuncie-Aqui-Sao-Goncalo-vai-mudar-1536x378.jpg 1536w, https:\/\/sgvaimudar.com.br\/wp-content\/uploads\/2025\/03\/Anuncie-Aqui-Sao-Goncalo-vai-mudar-2048x504.jpg 2048w\" sizes=\"(max-width: 1024px) 100vw, 1024px\" \/><\/figure>\n","protected":false},"excerpt":{"rendered":"<p>A CCHAT fica localizada na Pra\u00e7a Marechal Floriano Peixoto, 303, no Centro A Casa de Cultura Helo\u00edsa Alberto Torres (CCHAT),&hellip;<\/p>\n","protected":false},"author":5,"featured_media":16763,"comment_status":"open","ping_status":"open","sticky":false,"template":"","format":"standard","meta":{"fifu_image_url":"","fifu_image_alt":"","footnotes":""},"categories":[6],"tags":[47],"class_list":["post-29936","post","type-post","status-publish","format-standard","has-post-thumbnail","hentry","category-entretenimento","tag-rj"],"_links":{"self":[{"href":"https:\/\/sgvaimudar.com.br\/index.php\/wp-json\/wp\/v2\/posts\/29936","targetHints":{"allow":["GET"]}}],"collection":[{"href":"https:\/\/sgvaimudar.com.br\/index.php\/wp-json\/wp\/v2\/posts"}],"about":[{"href":"https:\/\/sgvaimudar.com.br\/index.php\/wp-json\/wp\/v2\/types\/post"}],"author":[{"embeddable":true,"href":"https:\/\/sgvaimudar.com.br\/index.php\/wp-json\/wp\/v2\/users\/5"}],"replies":[{"embeddable":true,"href":"https:\/\/sgvaimudar.com.br\/index.php\/wp-json\/wp\/v2\/comments?post=29936"}],"version-history":[{"count":1,"href":"https:\/\/sgvaimudar.com.br\/index.php\/wp-json\/wp\/v2\/posts\/29936\/revisions"}],"predecessor-version":[{"id":29938,"href":"https:\/\/sgvaimudar.com.br\/index.php\/wp-json\/wp\/v2\/posts\/29936\/revisions\/29938"}],"wp:featuredmedia":[{"embeddable":true,"href":"https:\/\/sgvaimudar.com.br\/index.php\/wp-json\/wp\/v2\/media\/16763"}],"wp:attachment":[{"href":"https:\/\/sgvaimudar.com.br\/index.php\/wp-json\/wp\/v2\/media?parent=29936"}],"wp:term":[{"taxonomy":"category","embeddable":true,"href":"https:\/\/sgvaimudar.com.br\/index.php\/wp-json\/wp\/v2\/categories?post=29936"},{"taxonomy":"post_tag","embeddable":true,"href":"https:\/\/sgvaimudar.com.br\/index.php\/wp-json\/wp\/v2\/tags?post=29936"}],"curies":[{"name":"wp","href":"https:\/\/api.w.org\/{rel}","templated":true}]}}