{"id":29932,"date":"2025-08-26T15:00:00","date_gmt":"2025-08-26T18:00:00","guid":{"rendered":"https:\/\/sgvaimudar.com.br\/?p=29932"},"modified":"2025-08-26T09:15:45","modified_gmt":"2025-08-26T12:15:45","slug":"militares-do-cbmerj-recebem-a-medalha-merito-avante-bombeiro","status":"publish","type":"post","link":"https:\/\/sgvaimudar.com.br\/index.php\/2025\/08\/26\/militares-do-cbmerj-recebem-a-medalha-merito-avante-bombeiro\/","title":{"rendered":"Militares do CBMERJ recebem a Medalha M\u00e9rito Avante Bombeiro"},"content":{"rendered":"\n<p><em>A mais alta condecora\u00e7\u00e3o da corpora\u00e7\u00e3o reconhece servi\u00e7os relevantes prestados \u00e0 sociedade<br><\/em><br>No Dia do Soldado, celebrado em mem\u00f3ria ao nascimento de Lu\u00eds Alves de Lima e Silva, o Duque de Caxias, Patrono do Ex\u00e9rcito Brasileiro, o p\u00e1tio do Quartel do Comando-Geral do Corpo de Bombeiros Militar do Estado do Rio de Janeiro (CBMERJ) foi palco, nesta segunda-feira (25.08), da cerim\u00f4nia de entrega da Medalha M\u00e9rito Avante Bombeiro.<\/p>\n\n\n\n<p>Na ocasi\u00e3o, cerca de 100 militares do CBMERJ foram homenageados. Integrantes de outras for\u00e7as tamb\u00e9m receberam a condecora\u00e7\u00e3o, considerada a maior honraria da corpora\u00e7\u00e3o.<\/p>\n\n\n\n<figure class=\"wp-block-image size-large\"><img fetchpriority=\"high\" decoding=\"async\" width=\"1024\" height=\"700\" src=\"https:\/\/sgvaimudar.com.br\/wp-content\/uploads\/2025\/08\/RWB_3656-1024x700.jpg\" alt=\"\" class=\"wp-image-29933\" srcset=\"https:\/\/sgvaimudar.com.br\/wp-content\/uploads\/2025\/08\/RWB_3656-1024x700.jpg 1024w, https:\/\/sgvaimudar.com.br\/wp-content\/uploads\/2025\/08\/RWB_3656-300x205.jpg 300w, https:\/\/sgvaimudar.com.br\/wp-content\/uploads\/2025\/08\/RWB_3656-768x525.jpg 768w, https:\/\/sgvaimudar.com.br\/wp-content\/uploads\/2025\/08\/RWB_3656-1536x1050.jpg 1536w, https:\/\/sgvaimudar.com.br\/wp-content\/uploads\/2025\/08\/RWB_3656-2048x1400.jpg 2048w\" sizes=\"(max-width: 1024px) 100vw, 1024px\" \/><\/figure>\n\n\n\n<p>\u201cQuero parabenizar todos os soldados que, em qualquer dia e hora, est\u00e3o na linha de frente servindo \u00e0 sociedade, inclusive nos feriados e datas mais importantes. Esta medalha representa um singelo, mas justo reconhecimento ao valor, \u00e0 coragem e \u00e0 dedica\u00e7\u00e3o de cada um, em todas as regi\u00f5es do nosso estado. Que Deus aben\u00e7oe nossa tropa unida, sob a lideran\u00e7a do comando e do nosso governador, e que sigamos firmes na miss\u00e3o de pacifica\u00e7\u00e3o do Rio de Janeiro\u201d, declarou o secret\u00e1rio de Estado de Defesa Civil e comandante-geral do Corpo de Bombeiros do RJ, coronel Tarciso Salles.<\/p>\n\n\n\n<p>Institu\u00edda pelo Decreto n\u00ba 9.632\/1987, a Medalha M\u00e9rito Avante Bombeiro simboliza o reconhecimento \u00e0queles que, com dedica\u00e7\u00e3o exemplar, esp\u00edrito de sacrif\u00edcio e firmeza de car\u00e1ter, dignificam a farda que vestem e honram o juramento feito \u00e0 sociedade fluminense.<\/p>\n\n\n\n<p><em>Fotos \/ Ricardo Cassiano<\/em><\/p>\n\n\n\n<p><strong><em>S\u00e3o Gon\u00e7alo vai mudar: Not\u00edcias de S\u00e3o Gon\u00e7alo e toda regi\u00e3o.<\/em><\/strong><\/p>\n\n\n\n<figure class=\"wp-block-image size-large\"><img decoding=\"async\" width=\"1024\" height=\"252\" src=\"https:\/\/sgvaimudar.com.br\/wp-content\/uploads\/2025\/03\/Anuncie-Aqui-Sao-Goncalo-vai-mudar-1024x252.jpg\" alt=\"\" class=\"wp-image-22693\" srcset=\"https:\/\/sgvaimudar.com.br\/wp-content\/uploads\/2025\/03\/Anuncie-Aqui-Sao-Goncalo-vai-mudar-1024x252.jpg 1024w, https:\/\/sgvaimudar.com.br\/wp-content\/uploads\/2025\/03\/Anuncie-Aqui-Sao-Goncalo-vai-mudar-300x74.jpg 300w, https:\/\/sgvaimudar.com.br\/wp-content\/uploads\/2025\/03\/Anuncie-Aqui-Sao-Goncalo-vai-mudar-768x189.jpg 768w, https:\/\/sgvaimudar.com.br\/wp-content\/uploads\/2025\/03\/Anuncie-Aqui-Sao-Goncalo-vai-mudar-1536x378.jpg 1536w, https:\/\/sgvaimudar.com.br\/wp-content\/uploads\/2025\/03\/Anuncie-Aqui-Sao-Goncalo-vai-mudar-2048x504.jpg 2048w\" sizes=\"(max-width: 1024px) 100vw, 1024px\" \/><\/figure>\n","protected":false},"excerpt":{"rendered":"<p>A mais alta condecora\u00e7\u00e3o da corpora\u00e7\u00e3o reconhece servi\u00e7os relevantes prestados \u00e0 sociedadeNo Dia do Soldado, celebrado em mem\u00f3ria ao nascimento&hellip;<\/p>\n","protected":false},"author":5,"featured_media":29934,"comment_status":"open","ping_status":"open","sticky":false,"template":"","format":"standard","meta":{"fifu_image_url":"","fifu_image_alt":"","footnotes":""},"categories":[32],"tags":[47],"class_list":["post-29932","post","type-post","status-publish","format-standard","has-post-thumbnail","hentry","category-casos-de-policia","tag-rj"],"_links":{"self":[{"href":"https:\/\/sgvaimudar.com.br\/index.php\/wp-json\/wp\/v2\/posts\/29932","targetHints":{"allow":["GET"]}}],"collection":[{"href":"https:\/\/sgvaimudar.com.br\/index.php\/wp-json\/wp\/v2\/posts"}],"about":[{"href":"https:\/\/sgvaimudar.com.br\/index.php\/wp-json\/wp\/v2\/types\/post"}],"author":[{"embeddable":true,"href":"https:\/\/sgvaimudar.com.br\/index.php\/wp-json\/wp\/v2\/users\/5"}],"replies":[{"embeddable":true,"href":"https:\/\/sgvaimudar.com.br\/index.php\/wp-json\/wp\/v2\/comments?post=29932"}],"version-history":[{"count":1,"href":"https:\/\/sgvaimudar.com.br\/index.php\/wp-json\/wp\/v2\/posts\/29932\/revisions"}],"predecessor-version":[{"id":29935,"href":"https:\/\/sgvaimudar.com.br\/index.php\/wp-json\/wp\/v2\/posts\/29932\/revisions\/29935"}],"wp:featuredmedia":[{"embeddable":true,"href":"https:\/\/sgvaimudar.com.br\/index.php\/wp-json\/wp\/v2\/media\/29934"}],"wp:attachment":[{"href":"https:\/\/sgvaimudar.com.br\/index.php\/wp-json\/wp\/v2\/media?parent=29932"}],"wp:term":[{"taxonomy":"category","embeddable":true,"href":"https:\/\/sgvaimudar.com.br\/index.php\/wp-json\/wp\/v2\/categories?post=29932"},{"taxonomy":"post_tag","embeddable":true,"href":"https:\/\/sgvaimudar.com.br\/index.php\/wp-json\/wp\/v2\/tags?post=29932"}],"curies":[{"name":"wp","href":"https:\/\/api.w.org\/{rel}","templated":true}]}}