{"id":29928,"date":"2025-08-26T14:00:00","date_gmt":"2025-08-26T17:00:00","guid":{"rendered":"https:\/\/sgvaimudar.com.br\/?p=29928"},"modified":"2025-08-26T09:05:13","modified_gmt":"2025-08-26T12:05:13","slug":"jornada-de-nutricao-tem-inicio-no-centro-de-imagens-e-especialidades-de-sao-goncalo","status":"publish","type":"post","link":"https:\/\/sgvaimudar.com.br\/index.php\/2025\/08\/26\/jornada-de-nutricao-tem-inicio-no-centro-de-imagens-e-especialidades-de-sao-goncalo\/","title":{"rendered":"Jornada de Nutri\u00e7\u00e3o tem in\u00edcio no Centro de Imagens e Especialidades de S\u00e3o Gon\u00e7alo"},"content":{"rendered":"\n<p><em>Evento, organizado pelo HCCOR, acontece at\u00e9 a pr\u00f3xima quinta-feira<\/em><\/p>\n\n\n\n<p>Profissionais e acad\u00eamicos de nutri\u00e7\u00e3o participaram, nesta segunda-feira (25), do primeiro dia da 1\u00aa Jornada de Nutri\u00e7\u00e3o, realizada pelo Hospital do C\u00e2ncer e do Cora\u00e7\u00e3o (HCCOR) no Centro de Imagens e Especialidades (Ciesg), no Vila Tr\u00eas. O evento continua at\u00e9 a pr\u00f3xima quinta-feira (28), mas as inscri\u00e7\u00f5es est\u00e3o encerradas.<\/p>\n\n\n\n<p>Com o tema \u201cNutri\u00e7\u00e3o em foco, gest\u00e3o, suplementa\u00e7\u00e3o e comunica\u00e7\u00e3o &#8211; estrat\u00e9gia na oncologia e cuidados intensivos\u201d, o primeiro dia contou com palestras da nutricionista de produ\u00e7\u00e3o Thalya Viana, que falou sobre \u201cEstrat\u00e9gias para aumentar a ades\u00e3o da dieta do paciente hospitalizado\u201d; e da nutricionista cl\u00ednica Bruna Fiuza, que abordou \u201cGest\u00e3o em Nutri\u00e7\u00e3o Cl\u00ednica\u201d.\u00a0\u00a0<\/p>\n\n\n\n<figure class=\"wp-block-image size-full\"><img fetchpriority=\"high\" decoding=\"async\" width=\"1024\" height=\"683\" src=\"https:\/\/sgvaimudar.com.br\/wp-content\/uploads\/2025\/08\/unnamed-8-11.jpg\" alt=\"\" class=\"wp-image-29930\" srcset=\"https:\/\/sgvaimudar.com.br\/wp-content\/uploads\/2025\/08\/unnamed-8-11.jpg 1024w, https:\/\/sgvaimudar.com.br\/wp-content\/uploads\/2025\/08\/unnamed-8-11-300x200.jpg 300w, https:\/\/sgvaimudar.com.br\/wp-content\/uploads\/2025\/08\/unnamed-8-11-768x512.jpg 768w\" sizes=\"(max-width: 1024px) 100vw, 1024px\" \/><\/figure>\n\n\n\n<p>Ap\u00f3s a apresenta\u00e7\u00e3o, os profissionais puderam avaliar trabalhos acad\u00eamicos e cient\u00edficos que estavam em exposi\u00e7\u00e3o em uma sala anexa. Os participantes poder\u00e3o votar no trabalho de maior representatividade para a profiss\u00e3o. E, no \u00faltimo dia, os autores receber\u00e3o pr\u00eamios de primeiro, segundo e terceiro lugares pelas apresenta\u00e7\u00f5es.\u00a0<\/p>\n\n\n\n<p>\u201cNeste primeiro dia de jornada, j\u00e1 tivemos palestras de nutricionistas renomadas que trabalham no HCCOR e no Heat (Hospital Estadual Azevedo Lima). As palestras foram voltadas para a nutri\u00e7\u00e3o oncol\u00f3gica e cardiol\u00f3gica e enriqueceram bastante o evento. Ainda temos a exposi\u00e7\u00e3o com 11 trabalhos, que ser\u00e3o avaliados ao longo da jornada, que contou com cerca de 200 inscritos e ter\u00e1 uma m\u00e9dia de 60 participantes por dia\u201d, contou um dos organizadores da jornada, o enfermeiro e gerente de qualidade do HCCOR, Anderson Pais.\u00a0\u00a0<\/p>\n\n\n\n<p>O objetivo da jornada \u00e9 valorizar e fortalecer a ci\u00eancia da nutri\u00e7\u00e3o hospitalar com a atualiza\u00e7\u00e3o cient\u00edfica e a ess\u00eancia humanizada do cuidado. Durante a jornada, os profissionais tamb\u00e9m podem trocar experi\u00eancias e debater a integra\u00e7\u00e3o entre teoria e pr\u00e1tica, tamb\u00e9m refletindo sobre o papel da nutri\u00e7\u00e3o na preven\u00e7\u00e3o, tratamento e na reabilita\u00e7\u00e3o.\u00a0<\/p>\n\n\n\n<p><strong>Programa\u00e7\u00e3o<\/strong>:&nbsp;<\/p>\n\n\n\n<p>Nesta ter\u00e7a (26), os temas \u201cCuidados nutricionais no paciente oncol\u00f3gico\u201d ser\u00e1 ministrado pela nutricionista cl\u00ednica Marcela Santos e \u201cOs desafios da inser\u00e7\u00e3o profissional no campo da nutri\u00e7\u00e3o\u201d pela nutricionista cl\u00ednica Julyana Martins.\u00a0\u00a0\u00a0\u00a0<\/p>\n\n\n\n<p>As enfermeiras intensivistas Aline Borba e C\u00e9lia Aguiar e a nutricionista intensivista Carmine Dornelles v\u00e3o discursar sobre a \u201cSuplementa\u00e7\u00e3o nutricional na preven\u00e7\u00e3o e tratamento de les\u00e3o por press\u00e3o (LPP)\u201d no dia 27. Ainda haver\u00e1 a palestra \u201cS\u00edndrome de realimenta\u00e7\u00e3o na UTI &#8211; preven\u00e7\u00e3o e manejo\u201d com a m\u00e9dica intensivista Michele Lima.\u00a0\u00a0<\/p>\n\n\n\n<p>No \u00faltimo dia da jornada (28), a comunica\u00e7\u00e3o estar\u00e1 em evid\u00eancia com o tema: \u201cRedes sociais e influ\u00eancia no comportamento alimentar\u201d com a nutricionista cl\u00ednica Damaris Ara\u00fajo.\u00a0<\/p>\n\n\n\n<p><em>Foto: Fabio Guimar\u00e3es<\/em><\/p>\n\n\n\n<p><strong><em>S\u00e3o Gon\u00e7alo vai mudar: Not\u00edcias de S\u00e3o Gon\u00e7alo e toda regi\u00e3o.<\/em><\/strong><\/p>\n\n\n\n<figure class=\"wp-block-image size-large\"><img decoding=\"async\" width=\"1024\" height=\"252\" src=\"https:\/\/sgvaimudar.com.br\/wp-content\/uploads\/2025\/03\/Anuncie-Aqui-Sao-Goncalo-vai-mudar-1024x252.jpg\" alt=\"\" class=\"wp-image-22693\" srcset=\"https:\/\/sgvaimudar.com.br\/wp-content\/uploads\/2025\/03\/Anuncie-Aqui-Sao-Goncalo-vai-mudar-1024x252.jpg 1024w, https:\/\/sgvaimudar.com.br\/wp-content\/uploads\/2025\/03\/Anuncie-Aqui-Sao-Goncalo-vai-mudar-300x74.jpg 300w, https:\/\/sgvaimudar.com.br\/wp-content\/uploads\/2025\/03\/Anuncie-Aqui-Sao-Goncalo-vai-mudar-768x189.jpg 768w, https:\/\/sgvaimudar.com.br\/wp-content\/uploads\/2025\/03\/Anuncie-Aqui-Sao-Goncalo-vai-mudar-1536x378.jpg 1536w, https:\/\/sgvaimudar.com.br\/wp-content\/uploads\/2025\/03\/Anuncie-Aqui-Sao-Goncalo-vai-mudar-2048x504.jpg 2048w\" sizes=\"(max-width: 1024px) 100vw, 1024px\" \/><\/figure>\n","protected":false},"excerpt":{"rendered":"<p>Evento, organizado pelo HCCOR, acontece at\u00e9 a pr\u00f3xima quinta-feira Profissionais e acad\u00eamicos de nutri\u00e7\u00e3o participaram, nesta segunda-feira (25), do primeiro&hellip;<\/p>\n","protected":false},"author":5,"featured_media":29929,"comment_status":"open","ping_status":"open","sticky":false,"template":"","format":"standard","meta":{"fifu_image_url":"","fifu_image_alt":"","footnotes":""},"categories":[7],"tags":[47,75],"class_list":["post-29928","post","type-post","status-publish","format-standard","has-post-thumbnail","hentry","category-saude","tag-rj","tag-sao-goncalo"],"_links":{"self":[{"href":"https:\/\/sgvaimudar.com.br\/index.php\/wp-json\/wp\/v2\/posts\/29928","targetHints":{"allow":["GET"]}}],"collection":[{"href":"https:\/\/sgvaimudar.com.br\/index.php\/wp-json\/wp\/v2\/posts"}],"about":[{"href":"https:\/\/sgvaimudar.com.br\/index.php\/wp-json\/wp\/v2\/types\/post"}],"author":[{"embeddable":true,"href":"https:\/\/sgvaimudar.com.br\/index.php\/wp-json\/wp\/v2\/users\/5"}],"replies":[{"embeddable":true,"href":"https:\/\/sgvaimudar.com.br\/index.php\/wp-json\/wp\/v2\/comments?post=29928"}],"version-history":[{"count":1,"href":"https:\/\/sgvaimudar.com.br\/index.php\/wp-json\/wp\/v2\/posts\/29928\/revisions"}],"predecessor-version":[{"id":29931,"href":"https:\/\/sgvaimudar.com.br\/index.php\/wp-json\/wp\/v2\/posts\/29928\/revisions\/29931"}],"wp:featuredmedia":[{"embeddable":true,"href":"https:\/\/sgvaimudar.com.br\/index.php\/wp-json\/wp\/v2\/media\/29929"}],"wp:attachment":[{"href":"https:\/\/sgvaimudar.com.br\/index.php\/wp-json\/wp\/v2\/media?parent=29928"}],"wp:term":[{"taxonomy":"category","embeddable":true,"href":"https:\/\/sgvaimudar.com.br\/index.php\/wp-json\/wp\/v2\/categories?post=29928"},{"taxonomy":"post_tag","embeddable":true,"href":"https:\/\/sgvaimudar.com.br\/index.php\/wp-json\/wp\/v2\/tags?post=29928"}],"curies":[{"name":"wp","href":"https:\/\/api.w.org\/{rel}","templated":true}]}}