{"id":29911,"date":"2025-08-26T10:00:00","date_gmt":"2025-08-26T13:00:00","guid":{"rendered":"https:\/\/sgvaimudar.com.br\/?p=29911"},"modified":"2025-08-26T08:44:59","modified_gmt":"2025-08-26T11:44:59","slug":"sao-goncalo-realiza-novo-leilao-de-veiculos-em-setembro","status":"publish","type":"post","link":"https:\/\/sgvaimudar.com.br\/index.php\/2025\/08\/26\/sao-goncalo-realiza-novo-leilao-de-veiculos-em-setembro\/","title":{"rendered":"S\u00e3o Gon\u00e7alo realiza novo leil\u00e3o de ve\u00edculos em setembro"},"content":{"rendered":"\n<p><em>Itens selecionados para preg\u00e3o online foram apreendidos no munic\u00edpio<\/em><\/p>\n\n\n\n<p>A Secretaria de Meio Ambiente e Transportes da Prefeitura de S\u00e3o Gon\u00e7alo realizar\u00e1 um novo leil\u00e3o de ve\u00edculos no pr\u00f3ximo dia 9 de setembro, \u00e0s 10h. Os ve\u00edculos leiloados no preg\u00e3o online foram apreendidos e removidos no munic\u00edpio.<\/p>\n\n\n\n<p>Para participar, basta acessar o site do leil\u00e3o pelos links:\u00a0<a rel=\"noreferrer noopener\" href=\"https:\/\/click.cse360.com.br\/Click\/AddCampaignEmailClick\/e6f51df4-ea57-4b25-52dc-08dddf2eccf8\/https%253a%252f%252feblonline.com.br%252flotes%252f250\/ac66966e-2b55-4484-fb2c-08dc491eed5f\/jornalistaws@gmail.com\/False\" target=\"_blank\">https:\/\/eblonline.com.br\/lotes\/250<\/a>\u00a0e\u00a0<a rel=\"noreferrer noopener\" href=\"https:\/\/click.cse360.com.br\/Click\/AddCampaignEmailClick\/e6f51df4-ea57-4b25-52dc-08dddf2eccf8\/https%253a%252f%252feblonline.com.br%252flotes%252f251\/ac66966e-2b55-4484-fb2c-08dc491eed5f\/jornalistaws@gmail.com\/False\" target=\"_blank\">https:\/\/eblonline.com.br\/lotes\/251<\/a>, realizar o cadastro e ofertar seus lances via internet, acompanhando os lances de terceiros. Apenas poder\u00e3o participar do leil\u00e3o dos lotes classificados como conservados os compradores residentes do Estado do Rio de Janeiro ou com declara\u00e7\u00e3o de resid\u00eancia no Estado, conforme disposto pelo Detran-RJ.<\/p>\n\n\n\n<figure class=\"wp-block-image size-full\"><img fetchpriority=\"high\" decoding=\"async\" width=\"1024\" height=\"673\" src=\"https:\/\/sgvaimudar.com.br\/wp-content\/uploads\/2025\/08\/unnamed-2-13.jpg\" alt=\"\" class=\"wp-image-29912\" srcset=\"https:\/\/sgvaimudar.com.br\/wp-content\/uploads\/2025\/08\/unnamed-2-13.jpg 1024w, https:\/\/sgvaimudar.com.br\/wp-content\/uploads\/2025\/08\/unnamed-2-13-300x197.jpg 300w, https:\/\/sgvaimudar.com.br\/wp-content\/uploads\/2025\/08\/unnamed-2-13-768x505.jpg 768w\" sizes=\"(max-width: 1024px) 100vw, 1024px\" \/><\/figure>\n\n\n\n<p>Todos os ve\u00edculos leiloados s\u00e3o autom\u00f3veis que n\u00e3o foram reclamados por seus propriet\u00e1rios em um prazo de 60 dias a contar da data do recolhimento, conforme o artigo 328 do C\u00f3digo de Tr\u00e2nsito Brasileiro. Os propriet\u00e1rios j\u00e1 foram notificados. Para acessar o edital do leil\u00e3o, basta clicar nos links a seguir:&nbsp;<a href=\"https:\/\/click.cse360.com.br\/Click\/AddCampaignEmailClick\/e6f51df4-ea57-4b25-52dc-08dddf2eccf8\/https%253a%252f%252fwww.eblonline.com.br%252f\/ac66966e-2b55-4484-fb2c-08dc491eed5f\/jornalistaws@gmail.com\/False\" rel=\"noreferrer noopener\" target=\"_blank\">www.eblonline.com.br\/<\/a>,&nbsp;<a href=\"https:\/\/click.cse360.com.br\/Click\/AddCampaignEmailClick\/e6f51df4-ea57-4b25-52dc-08dddf2eccf8\/https%253a%252f%252fwww.saogoncalo.rj.gov.br%252fmeio-ambiente-e-transportes%252f\/ac66966e-2b55-4484-fb2c-08dc491eed5f\/jornalistaws@gmail.com\/False\" rel=\"noreferrer noopener\" target=\"_blank\">https:\/\/www.saogoncalo.rj.gov.br\/meio-ambiente-e-transportes\/<\/a>&nbsp;e&nbsp;<a href=\"https:\/\/click.cse360.com.br\/Click\/AddCampaignEmailClick\/e6f51df4-ea57-4b25-52dc-08dddf2eccf8\/https%253a%252f%252fwww.sergiorepresasleiloes.com.br\/ac66966e-2b55-4484-fb2c-08dc491eed5f\/jornalistaws@gmail.com\/False\" rel=\"noreferrer noopener\" target=\"_blank\">www.sergiorepresasleiloes.com.br<\/a>.<\/p>\n\n\n\n<p>A visita\u00e7\u00e3o ao p\u00e1tio para inspe\u00e7\u00e3o visual dos ve\u00edculos j\u00e1 pode ser feita e acontecer\u00e1 at\u00e9 o dia 8 de setembro, no hor\u00e1rio das 9h \u00e0s 12h e das 14h \u00e0s 17h, de segunda a sexta-feira, e de 9h \u00e0s 12h, aos s\u00e1bados, na Rua Doutor Nilo Pe\u00e7anha, 246, Centro. Na inspe\u00e7\u00e3o visual \u00e9 vedada quaisquer outros procedimentos tais como manuseio, experimenta\u00e7\u00e3o e remo\u00e7\u00e3o de pe\u00e7as. N\u00e3o h\u00e1 visita\u00e7\u00e3o aos domingos, feriados e no dia da realiza\u00e7\u00e3o do leil\u00e3o.<\/p>\n\n\n\n<p><em>Fotos: Luiz Carvalho<\/em><\/p>\n\n\n\n<p><strong><em>S\u00e3o Gon\u00e7alo vai mudar: Not\u00edcias de S\u00e3o Gon\u00e7alo e toda regi\u00e3o.<\/em><\/strong><\/p>\n\n\n\n<figure class=\"wp-block-image size-large\"><img decoding=\"async\" width=\"1024\" height=\"252\" src=\"https:\/\/sgvaimudar.com.br\/wp-content\/uploads\/2025\/03\/Anuncie-Aqui-Sao-Goncalo-vai-mudar-1024x252.jpg\" alt=\"\" class=\"wp-image-22693\" srcset=\"https:\/\/sgvaimudar.com.br\/wp-content\/uploads\/2025\/03\/Anuncie-Aqui-Sao-Goncalo-vai-mudar-1024x252.jpg 1024w, https:\/\/sgvaimudar.com.br\/wp-content\/uploads\/2025\/03\/Anuncie-Aqui-Sao-Goncalo-vai-mudar-300x74.jpg 300w, https:\/\/sgvaimudar.com.br\/wp-content\/uploads\/2025\/03\/Anuncie-Aqui-Sao-Goncalo-vai-mudar-768x189.jpg 768w, https:\/\/sgvaimudar.com.br\/wp-content\/uploads\/2025\/03\/Anuncie-Aqui-Sao-Goncalo-vai-mudar-1536x378.jpg 1536w, https:\/\/sgvaimudar.com.br\/wp-content\/uploads\/2025\/03\/Anuncie-Aqui-Sao-Goncalo-vai-mudar-2048x504.jpg 2048w\" sizes=\"(max-width: 1024px) 100vw, 1024px\" \/><\/figure>\n","protected":false},"excerpt":{"rendered":"<p>Itens selecionados para preg\u00e3o online foram apreendidos no munic\u00edpio A Secretaria de Meio Ambiente e Transportes da Prefeitura de S\u00e3o&hellip;<\/p>\n","protected":false},"author":5,"featured_media":29913,"comment_status":"open","ping_status":"open","sticky":false,"template":"","format":"standard","meta":{"fifu_image_url":"","fifu_image_alt":"","footnotes":""},"categories":[3],"tags":[47,75],"class_list":["post-29911","post","type-post","status-publish","format-standard","has-post-thumbnail","hentry","category-sao-goncalo","tag-rj","tag-sao-goncalo"],"_links":{"self":[{"href":"https:\/\/sgvaimudar.com.br\/index.php\/wp-json\/wp\/v2\/posts\/29911","targetHints":{"allow":["GET"]}}],"collection":[{"href":"https:\/\/sgvaimudar.com.br\/index.php\/wp-json\/wp\/v2\/posts"}],"about":[{"href":"https:\/\/sgvaimudar.com.br\/index.php\/wp-json\/wp\/v2\/types\/post"}],"author":[{"embeddable":true,"href":"https:\/\/sgvaimudar.com.br\/index.php\/wp-json\/wp\/v2\/users\/5"}],"replies":[{"embeddable":true,"href":"https:\/\/sgvaimudar.com.br\/index.php\/wp-json\/wp\/v2\/comments?post=29911"}],"version-history":[{"count":1,"href":"https:\/\/sgvaimudar.com.br\/index.php\/wp-json\/wp\/v2\/posts\/29911\/revisions"}],"predecessor-version":[{"id":29914,"href":"https:\/\/sgvaimudar.com.br\/index.php\/wp-json\/wp\/v2\/posts\/29911\/revisions\/29914"}],"wp:featuredmedia":[{"embeddable":true,"href":"https:\/\/sgvaimudar.com.br\/index.php\/wp-json\/wp\/v2\/media\/29913"}],"wp:attachment":[{"href":"https:\/\/sgvaimudar.com.br\/index.php\/wp-json\/wp\/v2\/media?parent=29911"}],"wp:term":[{"taxonomy":"category","embeddable":true,"href":"https:\/\/sgvaimudar.com.br\/index.php\/wp-json\/wp\/v2\/categories?post=29911"},{"taxonomy":"post_tag","embeddable":true,"href":"https:\/\/sgvaimudar.com.br\/index.php\/wp-json\/wp\/v2\/tags?post=29911"}],"curies":[{"name":"wp","href":"https:\/\/api.w.org\/{rel}","templated":true}]}}