{"id":29901,"date":"2025-08-26T07:52:50","date_gmt":"2025-08-26T10:52:50","guid":{"rendered":"https:\/\/sgvaimudar.com.br\/?p=29901"},"modified":"2025-08-26T07:52:51","modified_gmt":"2025-08-26T10:52:51","slug":"sao-goncalo-recebe-agenda-cultural-com-musica-teatro-e-novos-talentos-ao-longo-da-semana","status":"publish","type":"post","link":"https:\/\/sgvaimudar.com.br\/index.php\/2025\/08\/26\/sao-goncalo-recebe-agenda-cultural-com-musica-teatro-e-novos-talentos-ao-longo-da-semana\/","title":{"rendered":"S\u00e3o Gon\u00e7alo recebe agenda cultural com m\u00fasica, teatro e novos talentos ao longo da semana"},"content":{"rendered":"\n<p><em>Programa\u00e7\u00e3o come\u00e7a na pr\u00f3xima quinta-feira (28), no Teatro Municipal<\/em><\/p>\n\n\n\n<p>S\u00e3o Gon\u00e7alo ter\u00e1 uma semana cultural movimentada no Teatro Municipal, com uma programa\u00e7\u00e3o que re\u00fane m\u00fasica, teatro e for\u00e7a da periferia em apresenta\u00e7\u00f5es abertas ao p\u00fablico para todas as idades.&nbsp;<\/p>\n\n\n\n<p>A agenda come\u00e7a na quinta-feira (28), \u00e0s 10h, com o Momento Salvatori, grupo formado por mais de 30 artistas da terceira idade da cidade. Criado pelo saudoso jornalista Assueres Barbosa e por Josias \u00c1vila, o projeto leva ao p\u00fablico um repert\u00f3rio de seresta de forma gratuita e acess\u00edvel.<\/p>\n\n\n\n<p>Na sexta-feira (29), \u00e0s 20h, \u00e9 a vez da com\u00e9dia subir ao palco com o espet\u00e1culo \u201cA Diretora \u00e9 Uma Com\u00e9dia\u201d. A pe\u00e7a conta a hist\u00f3ria que Margareth Pinto \u00e9 uma desequilibrada diretora, que tenta controlar a vida dos professores dentro e fora de sua escola. O espet\u00e1culo aborda o cotidiano de uma escola. Desde o comportamento dos alunos, at\u00e9 a pr\u00e1tica de ensino dos professores, e tudo com muito bom humor. A classifica\u00e7\u00e3o \u00e9 de 14 anos e os ingressos est\u00e3o dispon\u00edveis no Sympla:&nbsp;<a href=\"https:\/\/click.cse360.com.br\/Click\/AddCampaignEmailClick\/1a568c1d-a2d1-4aa6-e55d-08dddf2eedc9\/https%253a%252f%252fwww.sympla.com.br%252fevento%252fa-diretora-e-uma-comedia-29-de-agosto-sao-goncalorj%252f3027994\/ac66966e-2b55-4484-fb2c-08dc491eed5f\/jornalistaws@gmail.com\/False\" rel=\"noreferrer noopener\" target=\"_blank\"><u>https:\/\/www.sympla.com.br\/evento\/a-diretora-e-uma-comedia-29-de-agosto-sao-goncalorj\/3027994<\/u><\/a>.&nbsp;<\/p>\n\n\n\n<p>Encerrando a programa\u00e7\u00e3o, no s\u00e1bado (30), \u00e0s 16h, acontece o \u201cVozes da Periferia\u201d, iniciativa que abre espa\u00e7o para artistas de diferentes estilos musicais, como charm, funk, rap e trap. O evento tem como objetivo dar visibilidade a talentos da periferia, oferecendo um palco que muitos acreditavam nunca alcan\u00e7ar, fortalecendo a inclus\u00e3o e a valoriza\u00e7\u00e3o cultural da cidade. A classifica\u00e7\u00e3o \u00e9 livre e a entrada \u00e9 gratuita.<\/p>\n\n\n\n<p><em>Foto: Ascom<\/em><\/p>\n\n\n\n<p><strong><em>S\u00e3o Gon\u00e7alo vai mudar: Not\u00edcias de S\u00e3o Gon\u00e7alo e toda regi\u00e3o.<\/em><\/strong><\/p>\n\n\n\n<figure class=\"wp-block-image size-large\"><img fetchpriority=\"high\" decoding=\"async\" width=\"1024\" height=\"252\" src=\"https:\/\/sgvaimudar.com.br\/wp-content\/uploads\/2025\/03\/Anuncie-Aqui-Sao-Goncalo-vai-mudar-1024x252.jpg\" alt=\"\" class=\"wp-image-22693\" srcset=\"https:\/\/sgvaimudar.com.br\/wp-content\/uploads\/2025\/03\/Anuncie-Aqui-Sao-Goncalo-vai-mudar-1024x252.jpg 1024w, https:\/\/sgvaimudar.com.br\/wp-content\/uploads\/2025\/03\/Anuncie-Aqui-Sao-Goncalo-vai-mudar-300x74.jpg 300w, https:\/\/sgvaimudar.com.br\/wp-content\/uploads\/2025\/03\/Anuncie-Aqui-Sao-Goncalo-vai-mudar-768x189.jpg 768w, https:\/\/sgvaimudar.com.br\/wp-content\/uploads\/2025\/03\/Anuncie-Aqui-Sao-Goncalo-vai-mudar-1536x378.jpg 1536w, https:\/\/sgvaimudar.com.br\/wp-content\/uploads\/2025\/03\/Anuncie-Aqui-Sao-Goncalo-vai-mudar-2048x504.jpg 2048w\" sizes=\"(max-width: 1024px) 100vw, 1024px\" \/><\/figure>\n","protected":false},"excerpt":{"rendered":"<p>Programa\u00e7\u00e3o come\u00e7a na pr\u00f3xima quinta-feira (28), no Teatro Municipal S\u00e3o Gon\u00e7alo ter\u00e1 uma semana cultural movimentada no Teatro Municipal, com&hellip;<\/p>\n","protected":false},"author":5,"featured_media":29903,"comment_status":"open","ping_status":"open","sticky":false,"template":"","format":"standard","meta":{"fifu_image_url":"","fifu_image_alt":"","footnotes":""},"categories":[6],"tags":[47,75],"class_list":["post-29901","post","type-post","status-publish","format-standard","has-post-thumbnail","hentry","category-entretenimento","tag-rj","tag-sao-goncalo"],"_links":{"self":[{"href":"https:\/\/sgvaimudar.com.br\/index.php\/wp-json\/wp\/v2\/posts\/29901","targetHints":{"allow":["GET"]}}],"collection":[{"href":"https:\/\/sgvaimudar.com.br\/index.php\/wp-json\/wp\/v2\/posts"}],"about":[{"href":"https:\/\/sgvaimudar.com.br\/index.php\/wp-json\/wp\/v2\/types\/post"}],"author":[{"embeddable":true,"href":"https:\/\/sgvaimudar.com.br\/index.php\/wp-json\/wp\/v2\/users\/5"}],"replies":[{"embeddable":true,"href":"https:\/\/sgvaimudar.com.br\/index.php\/wp-json\/wp\/v2\/comments?post=29901"}],"version-history":[{"count":1,"href":"https:\/\/sgvaimudar.com.br\/index.php\/wp-json\/wp\/v2\/posts\/29901\/revisions"}],"predecessor-version":[{"id":29904,"href":"https:\/\/sgvaimudar.com.br\/index.php\/wp-json\/wp\/v2\/posts\/29901\/revisions\/29904"}],"wp:featuredmedia":[{"embeddable":true,"href":"https:\/\/sgvaimudar.com.br\/index.php\/wp-json\/wp\/v2\/media\/29903"}],"wp:attachment":[{"href":"https:\/\/sgvaimudar.com.br\/index.php\/wp-json\/wp\/v2\/media?parent=29901"}],"wp:term":[{"taxonomy":"category","embeddable":true,"href":"https:\/\/sgvaimudar.com.br\/index.php\/wp-json\/wp\/v2\/categories?post=29901"},{"taxonomy":"post_tag","embeddable":true,"href":"https:\/\/sgvaimudar.com.br\/index.php\/wp-json\/wp\/v2\/tags?post=29901"}],"curies":[{"name":"wp","href":"https:\/\/api.w.org\/{rel}","templated":true}]}}