{"id":29881,"date":"2025-08-25T19:00:00","date_gmt":"2025-08-25T22:00:00","guid":{"rendered":"https:\/\/sgvaimudar.com.br\/?p=29881"},"modified":"2025-08-25T10:54:55","modified_gmt":"2025-08-25T13:54:55","slug":"4a-pre-conferencia-regional-de-saude-reune-moradores-do-bairro-apolo-em-itaborai","status":"publish","type":"post","link":"https:\/\/sgvaimudar.com.br\/index.php\/2025\/08\/25\/4a-pre-conferencia-regional-de-saude-reune-moradores-do-bairro-apolo-em-itaborai\/","title":{"rendered":"4\u00aa Pr\u00e9-Confer\u00eancia Regional de Sa\u00fade re\u00fane moradores do bairro Apolo, em Itabora\u00ed"},"content":{"rendered":"\n<p><em>O encontro aconteceu na Escola Municipal Roberta Maria Sodr\u00e9 de Macedo<\/em><\/p>\n\n\n\n<p>A Prefeitura de Itabora\u00ed, por meio da Secretaria Municipal de Sa\u00fade e do Conselho Municipal de Sa\u00fade, realizou no \u00faltimo s\u00e1bado (23\/08) a 4\u00aa Pr\u00e9-Confer\u00eancia Regional de Sa\u00fade do munic\u00edpio. <\/p>\n\n\n\n<p>O evento reuniu profissionais de sa\u00fade, gestores e representantes da sociedade civil em um espa\u00e7o de di\u00e1logo e constru\u00e7\u00e3o coletiva de propostas para o fortalecimento do Sistema \u00danico de Sa\u00fade (SUS) em Itabora\u00ed.<\/p>\n\n\n\n<figure class=\"wp-block-image size-large\"><img fetchpriority=\"high\" decoding=\"async\" width=\"1024\" height=\"682\" src=\"https:\/\/sgvaimudar.com.br\/wp-content\/uploads\/2025\/08\/4a-Pre-Conferencia-Regional-de-Saude-reune-Regiao-04-no-bairro-Apolo-em-Itaborai-4-1024x682.jpeg\" alt=\"\" class=\"wp-image-29882\" srcset=\"https:\/\/sgvaimudar.com.br\/wp-content\/uploads\/2025\/08\/4a-Pre-Conferencia-Regional-de-Saude-reune-Regiao-04-no-bairro-Apolo-em-Itaborai-4-1024x682.jpeg 1024w, https:\/\/sgvaimudar.com.br\/wp-content\/uploads\/2025\/08\/4a-Pre-Conferencia-Regional-de-Saude-reune-Regiao-04-no-bairro-Apolo-em-Itaborai-4-300x200.jpeg 300w, https:\/\/sgvaimudar.com.br\/wp-content\/uploads\/2025\/08\/4a-Pre-Conferencia-Regional-de-Saude-reune-Regiao-04-no-bairro-Apolo-em-Itaborai-4-768x512.jpeg 768w, https:\/\/sgvaimudar.com.br\/wp-content\/uploads\/2025\/08\/4a-Pre-Conferencia-Regional-de-Saude-reune-Regiao-04-no-bairro-Apolo-em-Itaborai-4-1536x1023.jpeg 1536w, https:\/\/sgvaimudar.com.br\/wp-content\/uploads\/2025\/08\/4a-Pre-Conferencia-Regional-de-Saude-reune-Regiao-04-no-bairro-Apolo-em-Itaborai-4.jpeg 1600w\" sizes=\"(max-width: 1024px) 100vw, 1024px\" \/><\/figure>\n\n\n\n<p>Com o tema central \u201cSa\u00fade com foco no novo modelo de financiamento \u2013 Planejar a sa\u00fade com participa\u00e7\u00e3o popular: desafios e compromisso com o SUS municipal\u201d, a pr\u00e9-confer\u00eancia teve como objetivo discutir as prioridades locais, levantar propostas e eleger os delegados que ir\u00e3o representar a regi\u00e3o na XIII Confer\u00eancia Municipal de Sa\u00fade de Itabora\u00ed.<\/p>\n\n\n\n<p>A abertura contou com a leitura do regulamento e composi\u00e7\u00e3o da mesa de abertura com autoridades municipais. Durante o dia, os participantes acompanharam palestras e rodas de conversa organizadas em tr\u00eas eixos de discuss\u00e3o:<\/p>\n\n\n\n<ul class=\"wp-block-list\">\n<li>Eixo I \u2013 Planejamento em Sa\u00fade e a constru\u00e7\u00e3o coletiva de pol\u00edticas, com palestra do Dr. S\u00e9rgio Perdig\u00e3o;<\/li>\n\n\n\n<li>Eixo II \u2013 Financiamento do SUS municipal e a prioriza\u00e7\u00e3o das demandas populares, conduzido por Viviane Alves de Sousa;<\/li>\n\n\n\n<li>Eixo III \u2013 Desafios e compromissos para a efetiva\u00e7\u00e3o da participa\u00e7\u00e3o popular na sa\u00fade, ministrado por Andr\u00e9a Christina Sodr\u00e9 Leite.<\/li>\n<\/ul>\n\n\n\n<p>Ap\u00f3s as apresenta\u00e7\u00f5es, os grupos de trabalho discutiram propostas que foram aprovadas e homologadas em plen\u00e1ria, seguidas da elei\u00e7\u00e3o dos delegados que representar\u00e3o a Regi\u00e3o 04 na etapa municipal. As Pr\u00e9-Confer\u00eancias Regionais chegam \u00e0 reta final no pr\u00f3ximo s\u00e1bado (30\/08), quando ser\u00e1 realizada a \u00faltima edi\u00e7\u00e3o, na Escola Municipal Jos\u00e9 Ferreira, em Itambi, reunindo a Regi\u00e3o 05.<\/p>\n\n\n\n<p><strong><em>S\u00e3o Gon\u00e7alo vai mudar: Not\u00edcias de S\u00e3o Gon\u00e7alo e toda regi\u00e3o.<\/em><\/strong><\/p>\n\n\n\n<figure class=\"wp-block-image size-large\"><img decoding=\"async\" width=\"1024\" height=\"252\" src=\"https:\/\/sgvaimudar.com.br\/wp-content\/uploads\/2025\/03\/Anuncie-Aqui-Sao-Goncalo-vai-mudar-1024x252.jpg\" alt=\"\" class=\"wp-image-22693\" srcset=\"https:\/\/sgvaimudar.com.br\/wp-content\/uploads\/2025\/03\/Anuncie-Aqui-Sao-Goncalo-vai-mudar-1024x252.jpg 1024w, https:\/\/sgvaimudar.com.br\/wp-content\/uploads\/2025\/03\/Anuncie-Aqui-Sao-Goncalo-vai-mudar-300x74.jpg 300w, https:\/\/sgvaimudar.com.br\/wp-content\/uploads\/2025\/03\/Anuncie-Aqui-Sao-Goncalo-vai-mudar-768x189.jpg 768w, https:\/\/sgvaimudar.com.br\/wp-content\/uploads\/2025\/03\/Anuncie-Aqui-Sao-Goncalo-vai-mudar-1536x378.jpg 1536w, https:\/\/sgvaimudar.com.br\/wp-content\/uploads\/2025\/03\/Anuncie-Aqui-Sao-Goncalo-vai-mudar-2048x504.jpg 2048w\" sizes=\"(max-width: 1024px) 100vw, 1024px\" \/><\/figure>\n","protected":false},"excerpt":{"rendered":"<p>O encontro aconteceu na Escola Municipal Roberta Maria Sodr\u00e9 de Macedo A Prefeitura de Itabora\u00ed, por meio da Secretaria Municipal&hellip;<\/p>\n","protected":false},"author":5,"featured_media":29883,"comment_status":"open","ping_status":"open","sticky":false,"template":"","format":"standard","meta":{"fifu_image_url":"","fifu_image_alt":"","footnotes":""},"categories":[7],"tags":[74,47,73],"class_list":["post-29881","post","type-post","status-publish","format-standard","has-post-thumbnail","hentry","category-saude","tag-eleicao","tag-rj","tag-votacao"],"_links":{"self":[{"href":"https:\/\/sgvaimudar.com.br\/index.php\/wp-json\/wp\/v2\/posts\/29881","targetHints":{"allow":["GET"]}}],"collection":[{"href":"https:\/\/sgvaimudar.com.br\/index.php\/wp-json\/wp\/v2\/posts"}],"about":[{"href":"https:\/\/sgvaimudar.com.br\/index.php\/wp-json\/wp\/v2\/types\/post"}],"author":[{"embeddable":true,"href":"https:\/\/sgvaimudar.com.br\/index.php\/wp-json\/wp\/v2\/users\/5"}],"replies":[{"embeddable":true,"href":"https:\/\/sgvaimudar.com.br\/index.php\/wp-json\/wp\/v2\/comments?post=29881"}],"version-history":[{"count":2,"href":"https:\/\/sgvaimudar.com.br\/index.php\/wp-json\/wp\/v2\/posts\/29881\/revisions"}],"predecessor-version":[{"id":29885,"href":"https:\/\/sgvaimudar.com.br\/index.php\/wp-json\/wp\/v2\/posts\/29881\/revisions\/29885"}],"wp:featuredmedia":[{"embeddable":true,"href":"https:\/\/sgvaimudar.com.br\/index.php\/wp-json\/wp\/v2\/media\/29883"}],"wp:attachment":[{"href":"https:\/\/sgvaimudar.com.br\/index.php\/wp-json\/wp\/v2\/media?parent=29881"}],"wp:term":[{"taxonomy":"category","embeddable":true,"href":"https:\/\/sgvaimudar.com.br\/index.php\/wp-json\/wp\/v2\/categories?post=29881"},{"taxonomy":"post_tag","embeddable":true,"href":"https:\/\/sgvaimudar.com.br\/index.php\/wp-json\/wp\/v2\/tags?post=29881"}],"curies":[{"name":"wp","href":"https:\/\/api.w.org\/{rel}","templated":true}]}}