{"id":29877,"date":"2025-08-25T17:00:00","date_gmt":"2025-08-25T20:00:00","guid":{"rendered":"https:\/\/sgvaimudar.com.br\/?p=29877"},"modified":"2025-08-25T10:49:11","modified_gmt":"2025-08-25T13:49:11","slug":"governo-do-estado-oferece-aulao-gratuito-de-defesa-pessoal-para-mulheres-na-rocinha","status":"publish","type":"post","link":"https:\/\/sgvaimudar.com.br\/index.php\/2025\/08\/25\/governo-do-estado-oferece-aulao-gratuito-de-defesa-pessoal-para-mulheres-na-rocinha\/","title":{"rendered":"Governo do Estado oferece aul\u00e3o gratuito de defesa pessoal para mulheres na Rocinha"},"content":{"rendered":"\n<p><em>A aula gratuita de defesa pessoal para mulheres vai acontecer no Complexo Esportivo da Rocinha, no s\u00e1bado (30\/08)<\/em><\/p>\n\n\n\n<p>Como parte da campanha Agosto Lil\u00e1s, que refor\u00e7a a conscientiza\u00e7\u00e3o e o enfrentamento \u00e0 viol\u00eancia contra a mulher, a Superintend\u00eancia de Desportos do Estado do Rio de Janeiro (Suderj), em parceria com a Secretaria de Estado da Mulher, a Subsecretaria de Pol\u00edticas Inclusivas e o Instituto Rea\u00e7\u00e3o, vai oferecer aula gratuita de defesa pessoal para mulheres no Complexo Esportivo da Rocinha, no s\u00e1bado (30\/08).<\/p>\n\n\n\n<p>\u201cA\u00e7\u00f5es como essa n\u00e3o v\u00e3o resolver o problema da viol\u00eancia contra a mulher, mas acreditamos que podem salvar vidas e despertar o interesse das envolvidas em aprender mais sobre como se defender fisicamente\u201d, diz Marcos Santos, o Marc\u00e3o, presidente da Suderj.<\/p>\n\n\n\n<p>\u201cDados do Instituto de Seguran\u00e7a P\u00fablica apontam que o n\u00famero de feminic\u00eddios caiu de 65, entre janeiro e julho de 2024, para 53 no mesmo per\u00edodo de 2025. Ainda \u00e9 um n\u00famero alto, e lamentamos cada vida perdida, mas aponta uma redu\u00e7\u00e3o e que estamos no caminho certo e precisamos avan\u00e7ar. Estamos investindo na preven\u00e7\u00e3o da viol\u00eancia contra a mulher com educa\u00e7\u00e3o, tecnologia, autonomia econ\u00f4mica e reflex\u00e3o sobre pap\u00e9is sociais\u201d, disse a secret\u00e1ria de Estado da Mulher, Heloisa Aguiar.<\/p>\n\n\n\n<p>O aul\u00e3o dar\u00e1 in\u00edcio \u00e0s 11h e ser\u00e1 ministrada pelo ex-judoca Fl\u00e1vio Canto, medalhista nos Jogos Ol\u00edmpicos de Atenas (2004). As inscri\u00e7\u00f5es podem ser feitas pelo link:\u00a0<a rel=\"noreferrer noopener\" href=\"https:\/\/docs.google.com\/forms\/d\/e\/1FAIpQLSdWwHafNmKojsR60WVuaVbCCeJllAAnZKCsLaFut81OmpuhjQ\/viewform?usp=header\" target=\"_blank\">https:\/\/docs.google.com\/forms\/d\/e\/1FAIpQLSdWwHafNmKojsR60WVuaVbCCeJllAAnZKCsLaFut81OmpuhjQ\/viewform?usp=header<\/a>\u00a0e as vagas s\u00e3o limitadas.<\/p>\n\n\n\n<p><strong><em>S\u00e3o Gon\u00e7alo vai mudar: Not\u00edcias de S\u00e3o Gon\u00e7alo e toda regi\u00e3o.<\/em><\/strong><\/p>\n\n\n\n<figure class=\"wp-block-image size-large\"><img fetchpriority=\"high\" decoding=\"async\" width=\"1024\" height=\"768\" src=\"https:\/\/sgvaimudar.com.br\/wp-content\/uploads\/2025\/08\/Casa-Paulina-Porto-em-Itaborai-inaugura-exposicao-Penso-logo-Sinto-e-Existo-de-Patricia-Trasmontano-1024x768.jpeg\" alt=\"\" class=\"wp-image-29400\" srcset=\"https:\/\/sgvaimudar.com.br\/wp-content\/uploads\/2025\/08\/Casa-Paulina-Porto-em-Itaborai-inaugura-exposicao-Penso-logo-Sinto-e-Existo-de-Patricia-Trasmontano-1024x768.jpeg 1024w, https:\/\/sgvaimudar.com.br\/wp-content\/uploads\/2025\/08\/Casa-Paulina-Porto-em-Itaborai-inaugura-exposicao-Penso-logo-Sinto-e-Existo-de-Patricia-Trasmontano-300x225.jpeg 300w, https:\/\/sgvaimudar.com.br\/wp-content\/uploads\/2025\/08\/Casa-Paulina-Porto-em-Itaborai-inaugura-exposicao-Penso-logo-Sinto-e-Existo-de-Patricia-Trasmontano-768x576.jpeg 768w, https:\/\/sgvaimudar.com.br\/wp-content\/uploads\/2025\/08\/Casa-Paulina-Porto-em-Itaborai-inaugura-exposicao-Penso-logo-Sinto-e-Existo-de-Patricia-Trasmontano-1536x1152.jpeg 1536w, https:\/\/sgvaimudar.com.br\/wp-content\/uploads\/2025\/08\/Casa-Paulina-Porto-em-Itaborai-inaugura-exposicao-Penso-logo-Sinto-e-Existo-de-Patricia-Trasmontano.jpeg 1600w\" sizes=\"(max-width: 1024px) 100vw, 1024px\" \/><\/figure>\n","protected":false},"excerpt":{"rendered":"<p>A aula gratuita de defesa pessoal para mulheres vai acontecer no Complexo Esportivo da Rocinha, no s\u00e1bado (30\/08) Como parte&hellip;<\/p>\n","protected":false},"author":5,"featured_media":29879,"comment_status":"open","ping_status":"open","sticky":false,"template":"","format":"standard","meta":{"fifu_image_url":"","fifu_image_alt":"","footnotes":""},"categories":[5],"tags":[47],"class_list":["post-29877","post","type-post","status-publish","format-standard","has-post-thumbnail","hentry","category-esportes","tag-rj"],"_links":{"self":[{"href":"https:\/\/sgvaimudar.com.br\/index.php\/wp-json\/wp\/v2\/posts\/29877","targetHints":{"allow":["GET"]}}],"collection":[{"href":"https:\/\/sgvaimudar.com.br\/index.php\/wp-json\/wp\/v2\/posts"}],"about":[{"href":"https:\/\/sgvaimudar.com.br\/index.php\/wp-json\/wp\/v2\/types\/post"}],"author":[{"embeddable":true,"href":"https:\/\/sgvaimudar.com.br\/index.php\/wp-json\/wp\/v2\/users\/5"}],"replies":[{"embeddable":true,"href":"https:\/\/sgvaimudar.com.br\/index.php\/wp-json\/wp\/v2\/comments?post=29877"}],"version-history":[{"count":1,"href":"https:\/\/sgvaimudar.com.br\/index.php\/wp-json\/wp\/v2\/posts\/29877\/revisions"}],"predecessor-version":[{"id":29880,"href":"https:\/\/sgvaimudar.com.br\/index.php\/wp-json\/wp\/v2\/posts\/29877\/revisions\/29880"}],"wp:featuredmedia":[{"embeddable":true,"href":"https:\/\/sgvaimudar.com.br\/index.php\/wp-json\/wp\/v2\/media\/29879"}],"wp:attachment":[{"href":"https:\/\/sgvaimudar.com.br\/index.php\/wp-json\/wp\/v2\/media?parent=29877"}],"wp:term":[{"taxonomy":"category","embeddable":true,"href":"https:\/\/sgvaimudar.com.br\/index.php\/wp-json\/wp\/v2\/categories?post=29877"},{"taxonomy":"post_tag","embeddable":true,"href":"https:\/\/sgvaimudar.com.br\/index.php\/wp-json\/wp\/v2\/tags?post=29877"}],"curies":[{"name":"wp","href":"https:\/\/api.w.org\/{rel}","templated":true}]}}