{"id":29874,"date":"2025-08-25T15:00:00","date_gmt":"2025-08-25T18:00:00","guid":{"rendered":"https:\/\/sgvaimudar.com.br\/?p=29874"},"modified":"2025-08-25T10:40:43","modified_gmt":"2025-08-25T13:40:43","slug":"rodoviarios-se-reunem-para-debater-impactos-do-tarifaco-dos-eua","status":"publish","type":"post","link":"https:\/\/sgvaimudar.com.br\/index.php\/2025\/08\/25\/rodoviarios-se-reunem-para-debater-impactos-do-tarifaco-dos-eua\/","title":{"rendered":"Rodovi\u00e1rios se re\u00fanem para debater impactos do \u2018tarifa\u00e7o\u2019 dos EUA"},"content":{"rendered":"\n<p><em>Sindicalistas participam do protesto contra o &#8220;tarifa\u00e7o&#8221; na frente do Sintronac, no Centro de Niter\u00f3i<\/em><\/p>\n\n\n\n<p>Sindicatos de todo o estado do Rio de Janeiro se re\u00fanem, nesta ter\u00e7a-feira (26\/8), a partir das 9h, para debater os impactos do \u201ctarifa\u00e7o\u201d imposto pelo governo dos Estados Unidos nas ofertas de emprego no Brasil e na renda dos trabalhadores. <\/p>\n\n\n\n<p>Estudo do Departamento Intersindical de Estat\u00edstica e Estudos Socioecon\u00f4micos (Dieese), divulgado em agosto, projeta que as novas tarifas impostas a produtos brasileiros podem levar \u00e0 perda de at\u00e9 726.701 empregos no pa\u00eds em um cen\u00e1rio cr\u00edtico no prazo de um ano.<\/p>\n\n\n\n<p>O impacto, segundo o Dieese, seria sentido principalmente no setor de servi\u00e7os (241 mil postos), ind\u00fastria de transforma\u00e7\u00e3o (215 mil) e com\u00e9rcio (142 mil), com reflexos diretos na massa salarial, que teria redu\u00e7\u00e3o de R$ 14,33 bilh\u00f5es, e na arrecada\u00e7\u00e3o de impostos e contribui\u00e7\u00f5es previdenci\u00e1rias, que cairiam R$ 11,01 bilh\u00f5es.<\/p>\n\n\n\n<p>As entidades de trabalhadores se encontrar\u00e3o em uma Plen\u00e1ria convocada pela Central dos Sindicatos Brasileiros (CSB), que ser\u00e1 realizada na sede do Sindicato dos Rodovi\u00e1rios de Niter\u00f3i a Arraial do Cabo (Sintronac), no Centro de Niter\u00f3i. <\/p>\n\n\n\n<p>Pelo menos 35 sindicatos filiados \u00e0 CSB e outros, que pretendem aderir \u00e0 central, confirmaram participa\u00e7\u00e3o no evento. Juntos, eles representam mais de 1,5 milh\u00e3o de trabalhadores do estado, incluindo a capital.<\/p>\n\n\n\n<p>A Plen\u00e1ria discutir\u00e1 ainda como as entidades classistas devem se preparar para enfrentar a crise, que ser\u00e1 gerada pela medida unilateral do governo de Donald Trump.<\/p>\n\n\n\n<p>\u201c\u00c9 importante que o governo brasileiro atue, de forma contundente, pela preserva\u00e7\u00e3o dos empregos e abra um canal de di\u00e1logo permanente com os sindicatos para o enfrentamento a esta crise, que est\u00e1 \u00e0 porta. S\u00f3 no setor rodovi\u00e1rio, acreditamos que, em um primeiro momento, haver\u00e1 uma retra\u00e7\u00e3o de 30% na oferta de empregos. O transporte p\u00fablico \u00e9 impactado diretamente por qualquer crise, pois, sem emprego e renda, os trabalhadores de v\u00e1rios setores da economia deixam de se locomover\u201d, analisa o presidente do Sintronac, Rubens dos Santos Oliveira.<\/p>\n\n\n\n<p><strong><em>S\u00e3o Gon\u00e7alo vai mudar: Not\u00edcias de S\u00e3o Gon\u00e7alo e toda regi\u00e3o.<\/em><\/strong><\/p>\n\n\n\n<figure class=\"wp-block-image size-large\"><img fetchpriority=\"high\" decoding=\"async\" width=\"1024\" height=\"252\" src=\"https:\/\/sgvaimudar.com.br\/wp-content\/uploads\/2025\/03\/Anuncie-Aqui-Sao-Goncalo-vai-mudar-1024x252.jpg\" alt=\"\" class=\"wp-image-22693\" srcset=\"https:\/\/sgvaimudar.com.br\/wp-content\/uploads\/2025\/03\/Anuncie-Aqui-Sao-Goncalo-vai-mudar-1024x252.jpg 1024w, https:\/\/sgvaimudar.com.br\/wp-content\/uploads\/2025\/03\/Anuncie-Aqui-Sao-Goncalo-vai-mudar-300x74.jpg 300w, https:\/\/sgvaimudar.com.br\/wp-content\/uploads\/2025\/03\/Anuncie-Aqui-Sao-Goncalo-vai-mudar-768x189.jpg 768w, https:\/\/sgvaimudar.com.br\/wp-content\/uploads\/2025\/03\/Anuncie-Aqui-Sao-Goncalo-vai-mudar-1536x378.jpg 1536w, https:\/\/sgvaimudar.com.br\/wp-content\/uploads\/2025\/03\/Anuncie-Aqui-Sao-Goncalo-vai-mudar-2048x504.jpg 2048w\" sizes=\"(max-width: 1024px) 100vw, 1024px\" \/><\/figure>\n","protected":false},"excerpt":{"rendered":"<p>Sindicalistas participam do protesto contra o &#8220;tarifa\u00e7o&#8221; na frente do Sintronac, no Centro de Niter\u00f3i Sindicatos de todo o estado&hellip;<\/p>\n","protected":false},"author":5,"featured_media":29875,"comment_status":"open","ping_status":"open","sticky":false,"template":"","format":"standard","meta":{"fifu_image_url":"","fifu_image_alt":"","footnotes":""},"categories":[34],"tags":[47],"class_list":["post-29874","post","type-post","status-publish","format-standard","has-post-thumbnail","hentry","category-niteroi","tag-rj"],"_links":{"self":[{"href":"https:\/\/sgvaimudar.com.br\/index.php\/wp-json\/wp\/v2\/posts\/29874","targetHints":{"allow":["GET"]}}],"collection":[{"href":"https:\/\/sgvaimudar.com.br\/index.php\/wp-json\/wp\/v2\/posts"}],"about":[{"href":"https:\/\/sgvaimudar.com.br\/index.php\/wp-json\/wp\/v2\/types\/post"}],"author":[{"embeddable":true,"href":"https:\/\/sgvaimudar.com.br\/index.php\/wp-json\/wp\/v2\/users\/5"}],"replies":[{"embeddable":true,"href":"https:\/\/sgvaimudar.com.br\/index.php\/wp-json\/wp\/v2\/comments?post=29874"}],"version-history":[{"count":1,"href":"https:\/\/sgvaimudar.com.br\/index.php\/wp-json\/wp\/v2\/posts\/29874\/revisions"}],"predecessor-version":[{"id":29876,"href":"https:\/\/sgvaimudar.com.br\/index.php\/wp-json\/wp\/v2\/posts\/29874\/revisions\/29876"}],"wp:featuredmedia":[{"embeddable":true,"href":"https:\/\/sgvaimudar.com.br\/index.php\/wp-json\/wp\/v2\/media\/29875"}],"wp:attachment":[{"href":"https:\/\/sgvaimudar.com.br\/index.php\/wp-json\/wp\/v2\/media?parent=29874"}],"wp:term":[{"taxonomy":"category","embeddable":true,"href":"https:\/\/sgvaimudar.com.br\/index.php\/wp-json\/wp\/v2\/categories?post=29874"},{"taxonomy":"post_tag","embeddable":true,"href":"https:\/\/sgvaimudar.com.br\/index.php\/wp-json\/wp\/v2\/tags?post=29874"}],"curies":[{"name":"wp","href":"https:\/\/api.w.org\/{rel}","templated":true}]}}