{"id":29864,"date":"2025-08-25T10:59:00","date_gmt":"2025-08-25T13:59:00","guid":{"rendered":"https:\/\/sgvaimudar.com.br\/?p=29864"},"modified":"2025-08-25T10:15:01","modified_gmt":"2025-08-25T13:15:01","slug":"foragido-da-justica-e-preso-em-marica-atraves-dos-policiais-do-12obpm","status":"publish","type":"post","link":"https:\/\/sgvaimudar.com.br\/index.php\/2025\/08\/25\/foragido-da-justica-e-preso-em-marica-atraves-dos-policiais-do-12obpm\/","title":{"rendered":"Foragido da Justi\u00e7a \u00e9 preso em Maric\u00e1 atrav\u00e9s dos policiais do 12\u00baBPM"},"content":{"rendered":"\n<p><em>Informa\u00e7\u00f5es que chegaram ao Patrulhamento M\u00f3vel (Patamo) da 6\u00aa CIA, levaram os agentes a uma propriedade abandonada que estava sendo usada com o intuito de realizar tr\u00e1fico de drogas<\/em><\/p>\n\n\n\n<p>Dois homens acusados de serem traficantes do bairro Eldorado, em Maric\u00e1, foram presos na tarde deste domingo (24\/08). Um deles, identificado como Paulo Victor de Paula Salgado, de 29 anos, com um mandado de pris\u00e3o em aberto por roubo, tr\u00e1fico de drogas e associa\u00e7\u00e3o, foi preso enquanto circulava na Rua Ari Spindola, no bairro Eldorado, em Maric\u00e1.<\/p>\n\n\n\n<figure class=\"wp-block-video\"><video height=\"848\" style=\"aspect-ratio: 480 \/ 848;\" width=\"480\" controls src=\"https:\/\/sgvaimudar.com.br\/wp-content\/uploads\/2025\/08\/WhatsApp-Video-2025-08-25-at-08.44.14.mp4\"><\/video><\/figure>\n\n\n\n<p>A a\u00e7\u00e3o aconteceu atrav\u00e9s da equipe do Patrulhamento M\u00f3vel (Patamo) da 6\u00aa CIA, que procedeu ao local ap\u00f3s receber informe de que indiv\u00edduos estariam usando uma propriedade abandonada com o intuito de realizar tr\u00e1fico de drogas.<\/p>\n\n\n\n<p>Na Rua Ari Spindola, a guarni\u00e7\u00e3o abordou a dupla. Ap\u00f3s consulta verificou-se que contra Paulo Victor constava um mandado de pris\u00e3o expedido pelo Tribunal de Justi\u00e7a do Estado do Rio de Janeiro \u2013 Capital, Vara de Execu\u00e7\u00f5es Penais.<\/p>\n\n\n\n<p>J\u00e1 o acusado que estava com Paulo Victor, ap\u00f3s consulta ao sistema, nada constou em seu desfavor e foi liberado. Diante dos fatos, a equipe policial procedeu com o Paulo Victor \u00e0 82\u00aa DP, para o devido cumprimento do mandado de pris\u00e3o.<\/p>\n\n\n\n<p><strong><em>Fa\u00e7a sua den\u00fancia pelo nosso WhatsApp: (21) <\/em><\/strong><strong><em>99744 5345<\/em><\/strong><strong><em><\/em><\/strong><\/p>\n\n\n\n<p><strong><em>S\u00e3o Gon\u00e7alo vai mudar: Not\u00edcias de S\u00e3o Gon\u00e7alo e toda regi\u00e3o.<\/em><\/strong><\/p>\n\n\n\n<figure class=\"wp-block-image size-large\"><img fetchpriority=\"high\" decoding=\"async\" width=\"1024\" height=\"252\" src=\"https:\/\/sgvaimudar.com.br\/wp-content\/uploads\/2025\/03\/Anuncie-Aqui-Sao-Goncalo-vai-mudar-1024x252.jpg\" alt=\"\" class=\"wp-image-22693\" srcset=\"https:\/\/sgvaimudar.com.br\/wp-content\/uploads\/2025\/03\/Anuncie-Aqui-Sao-Goncalo-vai-mudar-1024x252.jpg 1024w, https:\/\/sgvaimudar.com.br\/wp-content\/uploads\/2025\/03\/Anuncie-Aqui-Sao-Goncalo-vai-mudar-300x74.jpg 300w, https:\/\/sgvaimudar.com.br\/wp-content\/uploads\/2025\/03\/Anuncie-Aqui-Sao-Goncalo-vai-mudar-768x189.jpg 768w, https:\/\/sgvaimudar.com.br\/wp-content\/uploads\/2025\/03\/Anuncie-Aqui-Sao-Goncalo-vai-mudar-1536x378.jpg 1536w, https:\/\/sgvaimudar.com.br\/wp-content\/uploads\/2025\/03\/Anuncie-Aqui-Sao-Goncalo-vai-mudar-2048x504.jpg 2048w\" sizes=\"(max-width: 1024px) 100vw, 1024px\" \/><\/figure>\n","protected":false},"excerpt":{"rendered":"<p>Informa\u00e7\u00f5es que chegaram ao Patrulhamento M\u00f3vel (Patamo) da 6\u00aa CIA, levaram os agentes a uma propriedade abandonada que estava sendo&hellip;<\/p>\n","protected":false},"author":5,"featured_media":29866,"comment_status":"open","ping_status":"open","sticky":false,"template":"","format":"standard","meta":{"fifu_image_url":"","fifu_image_alt":"","footnotes":""},"categories":[32],"tags":[39,41,40,47],"class_list":["post-29864","post","type-post","status-publish","format-standard","has-post-thumbnail","hentry","category-casos-de-policia","tag-ataque","tag-conflito","tag-guerra","tag-rj"],"_links":{"self":[{"href":"https:\/\/sgvaimudar.com.br\/index.php\/wp-json\/wp\/v2\/posts\/29864","targetHints":{"allow":["GET"]}}],"collection":[{"href":"https:\/\/sgvaimudar.com.br\/index.php\/wp-json\/wp\/v2\/posts"}],"about":[{"href":"https:\/\/sgvaimudar.com.br\/index.php\/wp-json\/wp\/v2\/types\/post"}],"author":[{"embeddable":true,"href":"https:\/\/sgvaimudar.com.br\/index.php\/wp-json\/wp\/v2\/users\/5"}],"replies":[{"embeddable":true,"href":"https:\/\/sgvaimudar.com.br\/index.php\/wp-json\/wp\/v2\/comments?post=29864"}],"version-history":[{"count":1,"href":"https:\/\/sgvaimudar.com.br\/index.php\/wp-json\/wp\/v2\/posts\/29864\/revisions"}],"predecessor-version":[{"id":29867,"href":"https:\/\/sgvaimudar.com.br\/index.php\/wp-json\/wp\/v2\/posts\/29864\/revisions\/29867"}],"wp:featuredmedia":[{"embeddable":true,"href":"https:\/\/sgvaimudar.com.br\/index.php\/wp-json\/wp\/v2\/media\/29866"}],"wp:attachment":[{"href":"https:\/\/sgvaimudar.com.br\/index.php\/wp-json\/wp\/v2\/media?parent=29864"}],"wp:term":[{"taxonomy":"category","embeddable":true,"href":"https:\/\/sgvaimudar.com.br\/index.php\/wp-json\/wp\/v2\/categories?post=29864"},{"taxonomy":"post_tag","embeddable":true,"href":"https:\/\/sgvaimudar.com.br\/index.php\/wp-json\/wp\/v2\/tags?post=29864"}],"curies":[{"name":"wp","href":"https:\/\/api.w.org\/{rel}","templated":true}]}}