{"id":29858,"date":"2025-08-25T11:00:00","date_gmt":"2025-08-25T14:00:00","guid":{"rendered":"https:\/\/sgvaimudar.com.br\/?p=29858"},"modified":"2025-08-25T09:43:15","modified_gmt":"2025-08-25T12:43:15","slug":"saude-goncalense-faz-acao-para-idosos-no-restaurante-do-povo-de-alcantara","status":"publish","type":"post","link":"https:\/\/sgvaimudar.com.br\/index.php\/2025\/08\/25\/saude-goncalense-faz-acao-para-idosos-no-restaurante-do-povo-de-alcantara\/","title":{"rendered":"Sa\u00fade gon\u00e7alense faz a\u00e7\u00e3o para idosos no Restaurante do Povo de Alc\u00e2ntara"},"content":{"rendered":"\n<p><em>Equipes ir\u00e3o checar riscos de desnutri\u00e7\u00e3o e sarcopenia e fazer encaminhamentos<\/em><\/p>\n\n\n\n<p>Os usu\u00e1rios do Restaurante do Povo, em Alc\u00e2ntara, S\u00e3o Gon\u00e7alo, v\u00e3o se dar bem nessa semana. \u00c9 que a partir desta segunda-feira (25\/08) at\u00e9 quarta-feira (27\/08), a Secretaria de Sa\u00fade da Prefeitura, atrav\u00e9s da \u00c1rea T\u00e9cnica de Alimenta\u00e7\u00e3o e Nutri\u00e7\u00e3o (Atan), vai realizar uma a\u00e7\u00e3o das 8h \u00e0s 14h. <\/p>\n\n\n\n<p>O objetivo \u00e9 fazer o levantamento dos idosos com risco de desnutri\u00e7\u00e3o e sarcopenia \u2013 perda de massa e for\u00e7a muscular \u2013 e encaminh\u00e1-los para tratamentos.\u00a0<\/p>\n\n\n\n<p>\u201cSabemos que o restaurante \u00e9 frequentado por muitos idosos e a maioria em situa\u00e7\u00e3o de vulnerabilidade. Por isso, identificamos a necessidade de uma a\u00e7\u00e3o para identificar, orientar e encaminhar para os tratamentos necess\u00e1rios. Ser\u00e3o tr\u00eas dias voltados para levantamento desse grupo com avalia\u00e7\u00e3o nutricional, antropom\u00e9trica e circunfer\u00eancia de panturrilha. Aqueles que necessitarem ser\u00e3o encaminhados para os postos de sa\u00fade para atendimento personalizado de acordo com suas necessidades\u201d, contou a diretora da Divis\u00e3o de Vigil\u00e2ncia de Doen\u00e7as e Agravos N\u00e3o Transmiss\u00edveis (Dividants), Gleice Scotelaro.<\/p>\n\n\n\n<p>Al\u00e9m da avalia\u00e7\u00e3o nutricional realizado pela Atan, tamb\u00e9m estar\u00e3o dispon\u00edveis outros servi\u00e7os, programas e coordena\u00e7\u00f5es de promo\u00e7\u00e3o \u00e0 sa\u00fade, como a Vigil\u00e2ncia em Acidentes com foco no risco de queda; imuniza\u00e7\u00e3o contra gripe; testes r\u00e1pidos de infec\u00e7\u00f5es sexualmente transmiss\u00edveis (ISTs): hepatites b e c, s\u00edfilis e HIV e aferi\u00e7\u00e3o de press\u00e3o arterial.&nbsp;<\/p>\n\n\n\n<p>\u201cO local tamb\u00e9m \u00e9 frequentado por moradores em situa\u00e7\u00e3o de rua. Por isso, vamos levar vacina\u00e7\u00e3o e testes r\u00e1pidos para esse p\u00fablico. Caso algu\u00e9m teste positivo para alguma doen\u00e7a, ser\u00e1 encaminhado para a realiza\u00e7\u00e3o de novos exames e tratamentos. A inten\u00e7\u00e3o \u00e9 orientar as pessoas em vulnerabilidade social e mostrar que elas podem e devem ser acompanhadas nos equipamentos de sa\u00fade\u201d, destacou a subsecret\u00e1ria de Sa\u00fade Coletiva, Thain\u00e1 Fratane.<\/p>\n\n\n\n<p><em>Foto: Ascom<\/em><\/p>\n\n\n\n<p><strong><em>S\u00e3o Gon\u00e7alo vai mudar: Not\u00edcias de S\u00e3o Gon\u00e7alo e toda regi\u00e3o.<\/em><\/strong><\/p>\n\n\n\n<figure class=\"wp-block-image size-large\"><img fetchpriority=\"high\" decoding=\"async\" width=\"1024\" height=\"252\" src=\"https:\/\/sgvaimudar.com.br\/wp-content\/uploads\/2025\/03\/Anuncie-Aqui-Sao-Goncalo-vai-mudar-1024x252.jpg\" alt=\"\" class=\"wp-image-22693\" srcset=\"https:\/\/sgvaimudar.com.br\/wp-content\/uploads\/2025\/03\/Anuncie-Aqui-Sao-Goncalo-vai-mudar-1024x252.jpg 1024w, https:\/\/sgvaimudar.com.br\/wp-content\/uploads\/2025\/03\/Anuncie-Aqui-Sao-Goncalo-vai-mudar-300x74.jpg 300w, https:\/\/sgvaimudar.com.br\/wp-content\/uploads\/2025\/03\/Anuncie-Aqui-Sao-Goncalo-vai-mudar-768x189.jpg 768w, https:\/\/sgvaimudar.com.br\/wp-content\/uploads\/2025\/03\/Anuncie-Aqui-Sao-Goncalo-vai-mudar-1536x378.jpg 1536w, https:\/\/sgvaimudar.com.br\/wp-content\/uploads\/2025\/03\/Anuncie-Aqui-Sao-Goncalo-vai-mudar-2048x504.jpg 2048w\" sizes=\"(max-width: 1024px) 100vw, 1024px\" \/><\/figure>\n","protected":false},"excerpt":{"rendered":"<p>Equipes ir\u00e3o checar riscos de desnutri\u00e7\u00e3o e sarcopenia e fazer encaminhamentos Os usu\u00e1rios do Restaurante do Povo, em Alc\u00e2ntara, S\u00e3o&hellip;<\/p>\n","protected":false},"author":5,"featured_media":29859,"comment_status":"open","ping_status":"open","sticky":false,"template":"","format":"standard","meta":{"fifu_image_url":"","fifu_image_alt":"","footnotes":""},"categories":[7],"tags":[47,75],"class_list":["post-29858","post","type-post","status-publish","format-standard","has-post-thumbnail","hentry","category-saude","tag-rj","tag-sao-goncalo"],"_links":{"self":[{"href":"https:\/\/sgvaimudar.com.br\/index.php\/wp-json\/wp\/v2\/posts\/29858","targetHints":{"allow":["GET"]}}],"collection":[{"href":"https:\/\/sgvaimudar.com.br\/index.php\/wp-json\/wp\/v2\/posts"}],"about":[{"href":"https:\/\/sgvaimudar.com.br\/index.php\/wp-json\/wp\/v2\/types\/post"}],"author":[{"embeddable":true,"href":"https:\/\/sgvaimudar.com.br\/index.php\/wp-json\/wp\/v2\/users\/5"}],"replies":[{"embeddable":true,"href":"https:\/\/sgvaimudar.com.br\/index.php\/wp-json\/wp\/v2\/comments?post=29858"}],"version-history":[{"count":2,"href":"https:\/\/sgvaimudar.com.br\/index.php\/wp-json\/wp\/v2\/posts\/29858\/revisions"}],"predecessor-version":[{"id":29862,"href":"https:\/\/sgvaimudar.com.br\/index.php\/wp-json\/wp\/v2\/posts\/29858\/revisions\/29862"}],"wp:featuredmedia":[{"embeddable":true,"href":"https:\/\/sgvaimudar.com.br\/index.php\/wp-json\/wp\/v2\/media\/29859"}],"wp:attachment":[{"href":"https:\/\/sgvaimudar.com.br\/index.php\/wp-json\/wp\/v2\/media?parent=29858"}],"wp:term":[{"taxonomy":"category","embeddable":true,"href":"https:\/\/sgvaimudar.com.br\/index.php\/wp-json\/wp\/v2\/categories?post=29858"},{"taxonomy":"post_tag","embeddable":true,"href":"https:\/\/sgvaimudar.com.br\/index.php\/wp-json\/wp\/v2\/tags?post=29858"}],"curies":[{"name":"wp","href":"https:\/\/api.w.org\/{rel}","templated":true}]}}