{"id":29829,"date":"2025-08-24T08:00:00","date_gmt":"2025-08-24T11:00:00","guid":{"rendered":"https:\/\/sgvaimudar.com.br\/?p=29829"},"modified":"2025-08-24T05:26:23","modified_gmt":"2025-08-24T08:26:23","slug":"atencao-cinefilos-sao-goncalo-tem-exibicao-de-filmes-na-praca-do-porto-do-rosa","status":"publish","type":"post","link":"https:\/\/sgvaimudar.com.br\/index.php\/2025\/08\/24\/atencao-cinefilos-sao-goncalo-tem-exibicao-de-filmes-na-praca-do-porto-do-rosa\/","title":{"rendered":"Aten\u00e7\u00e3o cin\u00e9filos! S\u00e3o Gon\u00e7alo tem exibi\u00e7\u00e3o de filmes na Pra\u00e7a do Porto do Rosa"},"content":{"rendered":"\n<p><em>Evento gratuito, contemplado pela Lei Paulo Gustavo, come\u00e7a \u00e0s 16h30 deste domingo<\/em><\/p>\n\n\n\n<p>A popula\u00e7\u00e3o est\u00e1 convidada pela Secretaria de Turismo e Cultura do munic\u00edpio de S\u00e3o Gon\u00e7alo convida para mais uma edi\u00e7\u00e3o do projeto CINERA, que ser\u00e1 realizado neste domingo (24), \u00e0s 16h30, na Pra\u00e7a do Porto do Rosa.<\/p>\n\n\n\n<p>Nesta edi\u00e7\u00e3o, o p\u00fablico poder\u00e1 conferir a exibi\u00e7\u00e3o de curtas-metragens no domingo, que s\u00e3o: \u201cOi Alberto\u201d, \u201cOs Irm\u00e3os Mai e Ibiapaba \u2013 Como Nascem as Montanhas\u201d.<\/p>\n\n\n\n<figure class=\"wp-block-image size-large\"><img fetchpriority=\"high\" decoding=\"async\" width=\"819\" height=\"1024\" src=\"https:\/\/sgvaimudar.com.br\/wp-content\/uploads\/2025\/08\/unnamed-9-11-819x1024.jpg\" alt=\"\" class=\"wp-image-29830\" srcset=\"https:\/\/sgvaimudar.com.br\/wp-content\/uploads\/2025\/08\/unnamed-9-11-819x1024.jpg 819w, https:\/\/sgvaimudar.com.br\/wp-content\/uploads\/2025\/08\/unnamed-9-11-240x300.jpg 240w, https:\/\/sgvaimudar.com.br\/wp-content\/uploads\/2025\/08\/unnamed-9-11-768x960.jpg 768w, https:\/\/sgvaimudar.com.br\/wp-content\/uploads\/2025\/08\/unnamed-9-11.jpg 1080w\" sizes=\"(max-width: 819px) 100vw, 819px\" \/><\/figure>\n\n\n\n<p>O projeto CINERA foi contemplado pela Lei Paulo Gustavo, que incentiva a\u00e7\u00f5es culturais. A iniciativa tem como principal objetivo democratizar o acesso \u00e0 cultura por meio do audiovisual, promovendo momentos de lazer e reflex\u00e3o com filmes que abordam temas diversos e relevantes.<\/p>\n\n\n\n<p><strong><em>S\u00e3o Gon\u00e7alo vai mudar: Not\u00edcias de S\u00e3o Gon\u00e7alo e toda regi\u00e3o.<\/em><\/strong><\/p>\n\n\n\n<figure class=\"wp-block-image size-large\"><img decoding=\"async\" width=\"1024\" height=\"252\" src=\"https:\/\/sgvaimudar.com.br\/wp-content\/uploads\/2025\/03\/Anuncie-Aqui-Sao-Goncalo-vai-mudar-1024x252.jpg\" alt=\"\" class=\"wp-image-22693\" srcset=\"https:\/\/sgvaimudar.com.br\/wp-content\/uploads\/2025\/03\/Anuncie-Aqui-Sao-Goncalo-vai-mudar-1024x252.jpg 1024w, https:\/\/sgvaimudar.com.br\/wp-content\/uploads\/2025\/03\/Anuncie-Aqui-Sao-Goncalo-vai-mudar-300x74.jpg 300w, https:\/\/sgvaimudar.com.br\/wp-content\/uploads\/2025\/03\/Anuncie-Aqui-Sao-Goncalo-vai-mudar-768x189.jpg 768w, https:\/\/sgvaimudar.com.br\/wp-content\/uploads\/2025\/03\/Anuncie-Aqui-Sao-Goncalo-vai-mudar-1536x378.jpg 1536w, https:\/\/sgvaimudar.com.br\/wp-content\/uploads\/2025\/03\/Anuncie-Aqui-Sao-Goncalo-vai-mudar-2048x504.jpg 2048w\" sizes=\"(max-width: 1024px) 100vw, 1024px\" \/><\/figure>\n","protected":false},"excerpt":{"rendered":"<p>Evento gratuito, contemplado pela Lei Paulo Gustavo, come\u00e7a \u00e0s 16h30 deste domingo A popula\u00e7\u00e3o est\u00e1 convidada pela Secretaria de Turismo&hellip;<\/p>\n","protected":false},"author":5,"featured_media":14758,"comment_status":"open","ping_status":"open","sticky":false,"template":"","format":"standard","meta":{"fifu_image_url":"","fifu_image_alt":"","footnotes":""},"categories":[6],"tags":[47,75],"class_list":["post-29829","post","type-post","status-publish","format-standard","has-post-thumbnail","hentry","category-entretenimento","tag-rj","tag-sao-goncalo"],"_links":{"self":[{"href":"https:\/\/sgvaimudar.com.br\/index.php\/wp-json\/wp\/v2\/posts\/29829","targetHints":{"allow":["GET"]}}],"collection":[{"href":"https:\/\/sgvaimudar.com.br\/index.php\/wp-json\/wp\/v2\/posts"}],"about":[{"href":"https:\/\/sgvaimudar.com.br\/index.php\/wp-json\/wp\/v2\/types\/post"}],"author":[{"embeddable":true,"href":"https:\/\/sgvaimudar.com.br\/index.php\/wp-json\/wp\/v2\/users\/5"}],"replies":[{"embeddable":true,"href":"https:\/\/sgvaimudar.com.br\/index.php\/wp-json\/wp\/v2\/comments?post=29829"}],"version-history":[{"count":1,"href":"https:\/\/sgvaimudar.com.br\/index.php\/wp-json\/wp\/v2\/posts\/29829\/revisions"}],"predecessor-version":[{"id":29831,"href":"https:\/\/sgvaimudar.com.br\/index.php\/wp-json\/wp\/v2\/posts\/29829\/revisions\/29831"}],"wp:featuredmedia":[{"embeddable":true,"href":"https:\/\/sgvaimudar.com.br\/index.php\/wp-json\/wp\/v2\/media\/14758"}],"wp:attachment":[{"href":"https:\/\/sgvaimudar.com.br\/index.php\/wp-json\/wp\/v2\/media?parent=29829"}],"wp:term":[{"taxonomy":"category","embeddable":true,"href":"https:\/\/sgvaimudar.com.br\/index.php\/wp-json\/wp\/v2\/categories?post=29829"},{"taxonomy":"post_tag","embeddable":true,"href":"https:\/\/sgvaimudar.com.br\/index.php\/wp-json\/wp\/v2\/tags?post=29829"}],"curies":[{"name":"wp","href":"https:\/\/api.w.org\/{rel}","templated":true}]}}