{"id":29819,"date":"2025-08-23T06:58:26","date_gmt":"2025-08-23T09:58:26","guid":{"rendered":"https:\/\/sgvaimudar.com.br\/?p=29819"},"modified":"2025-08-23T06:58:26","modified_gmt":"2025-08-23T09:58:26","slug":"sao-goncalo-garante-manha-inclusiva-para-criancas-do-espaco-azul","status":"publish","type":"post","link":"https:\/\/sgvaimudar.com.br\/index.php\/2025\/08\/23\/sao-goncalo-garante-manha-inclusiva-para-criancas-do-espaco-azul\/","title":{"rendered":"S\u00e3o Gon\u00e7alo garante manh\u00e3 inclusiva para crian\u00e7as do Espa\u00e7o Azul\u00a0"},"content":{"rendered":"\n<p><em>Atividade desta sexta-feira aconteceu no parque Circo de Brincar do Topet\u00e3o, no S\u00e3o Gon\u00e7alo Shopping<\/em><\/p>\n\n\n\n<p><p style=\"margin: 0px;font-family: Verdana, Geneva, sans-serif, Arial, Helvetica, sans-serif;font-size: 12px;text-align: center\"><\/p>Na manh\u00e3 desta sexta-feira (22), mais de 20 crian\u00e7as atendidas pelo Espa\u00e7o Azul se divertiram no parque Circo de Brincar do Topet\u00e3o, no S\u00e3o Gon\u00e7alo Shopping, no bairro Boa Vista. A a\u00e7\u00e3o foi realizada pela Secretaria de Assist\u00eancia Social da Prefeitura de S\u00e3o Gon\u00e7alo, atrav\u00e9s da Subsecretaria da Pessoa com Defici\u00eancia.<\/p>\n\n\n\n<p><p style=\"margin: 0px;font-family: Verdana, Geneva, sans-serif, Arial, Helvetica, sans-serif;font-size: 12px;text-align: justify\"><\/p>A atividade foi voltada para crian\u00e7as com Transtorno do Espectro Autista (TEA) e com S\u00edndrome de Down, tendo como objetivo a inclus\u00e3o e pertencimento social dos pequenos, em um momento de alegria e divers\u00e3o.<\/p>\n\n\n\n<p><p style=\"margin: 0px;font-family: Verdana, Geneva, sans-serif, Arial, Helvetica, sans-serif;font-size: 12px;text-align: justify\"><\/p>O Espa\u00e7o Azul \u00e9 um equipamento municipal que oferece servi\u00e7os de acolhimento para as fam\u00edlias e \u00e0 pessoa com TEA e S\u00edndrome de Down; orienta\u00e7\u00f5es sobre emiss\u00e3o de segunda via de documentos, passe livre e cart\u00e3o de estacionamento; agenda de palestras e roda de conversa; e divulga\u00e7\u00e3o e promo\u00e7\u00e3o de eventos especiais e exclusivos para os atendidos. <\/p>\n\n\n\n<p>Al\u00e9m disso, o local realiza o cadastro e a emiss\u00e3o da Carteira Municipal Simplificada para pessoas com TEA e s\u00edndrome de Down.\u00a0<\/p>\n\n\n\n<p><p style=\"margin: 0px;font-family: Verdana, Geneva, sans-serif, Arial, Helvetica, sans-serif;font-size: 12px;text-align: justify\"><\/p>\u201cAs crian\u00e7as se divertiram bastante e sa\u00edram de l\u00e1 com seus cora\u00e7\u00f5es repletos de alegria. A nossa subsecretaria tem se dedicado para que a inclus\u00e3o se torne cada vez mais presente em nossa cidade. Seguimos construindo uma S\u00e3o Gon\u00e7alo comprometida com os ideais inclusivos, para que todos se sintam pertencentes a uma sociedade que acolhe a todos, independente de suas diferen\u00e7as\u201d, afirmou o subsecret\u00e1rio da Pessoa com Defici\u00eancia, Evangelista Ubirajara.<\/p>\n\n\n\n<p><p style=\"margin: 0px;font-family: Verdana, Geneva, sans-serif, Arial, Helvetica, sans-serif;font-size: 12px;text-align: justify\"><\/p>A moradora do Gradim, Elaine Moreira, de 36 anos, conta que sua filha Yasmim Moreira, de 6 anos, acabou de conhecer os servi\u00e7os do equipamento.<\/p>\n\n\n\n<p><p style=\"margin: 0px;font-family: Verdana, Geneva, sans-serif, Arial, Helvetica, sans-serif;font-size: 12px;text-align: justify\"><\/p>\u201cH\u00e1 pouco tempo conhecemos o espa\u00e7o e j\u00e1 fiz a carteira de identifica\u00e7\u00e3o dela. Ela ficou super entusiasmada para participar do passeio. Est\u00e1 sendo muito bom, pois antes ela n\u00e3o tinha muita intera\u00e7\u00e3o com outras crian\u00e7as e aqui, de forma inclusiva, ela tem trocas com diversos amiguinhos,\u201d contou.<\/p>\n\n\n\n<p><p style=\"margin: 0px;font-family: Verdana, Geneva, sans-serif, Arial, Helvetica, sans-serif;font-size: 12px;text-align: justify\"><\/p>Servi\u00e7o:\u00a0<p style=\"margin: 0px;font-family: Verdana, Geneva, sans-serif, Arial, Helvetica, sans-serif;font-size: 12px;text-align: justify\"><\/p>. O Espa\u00e7o Azul fica na sala 210 do S\u00e3o Gon\u00e7alo Shopping, no Boa Vista, e funciona de segunda a sexta, das 10h \u00e0s 17h.\u00a0. Aqueles que n\u00e3o podem comparecer at\u00e9 o Espa\u00e7o Azul tamb\u00e9m podem solicitar as carteiras de identifica\u00e7\u00e3o da pessoa autista e da pessoa com s\u00edndrome de Down atrav\u00e9s do site Colabore Mais:\u00a0https:\/\/colabore.pmsg.rj.gov.br\/.<p style=\"margin: 0px;font-family: Verdana, Geneva, sans-serif, Arial, Helvetica, sans-serif;font-size: 12px;text-align: justify\"><\/p><p style=\"margin: 0px;font-family: Verdana, Geneva, sans-serif, Arial, Helvetica, sans-serif;font-size: 12px;text-align: justify\"><\/p><p style=\"margin: 0px;font-family: Verdana, Geneva, sans-serif, Arial, Helvetica, sans-serif;font-size: 12px;text-align: justify\"><\/p><p style=\"margin: 0px;font-family: Verdana, Geneva, sans-serif, Arial, Helvetica, sans-serif;font-size: 12px\"><\/p><em>Foto: Luiz Carvalho<\/em><\/p>\n\n\n\n<p><strong><em>#SGVAIMUDAR <\/em><\/strong><\/p>\n\n\n\n<figure class=\"wp-block-image size-large\"><img fetchpriority=\"high\" decoding=\"async\" width=\"1024\" height=\"252\" src=\"https:\/\/sgvaimudar.com.br\/wp-content\/uploads\/2025\/03\/Anuncie-Aqui-Sao-Goncalo-vai-mudar-1024x252.jpg\" alt=\"\" class=\"wp-image-22693\" srcset=\"https:\/\/sgvaimudar.com.br\/wp-content\/uploads\/2025\/03\/Anuncie-Aqui-Sao-Goncalo-vai-mudar-1024x252.jpg 1024w, https:\/\/sgvaimudar.com.br\/wp-content\/uploads\/2025\/03\/Anuncie-Aqui-Sao-Goncalo-vai-mudar-300x74.jpg 300w, https:\/\/sgvaimudar.com.br\/wp-content\/uploads\/2025\/03\/Anuncie-Aqui-Sao-Goncalo-vai-mudar-768x189.jpg 768w, https:\/\/sgvaimudar.com.br\/wp-content\/uploads\/2025\/03\/Anuncie-Aqui-Sao-Goncalo-vai-mudar-1536x378.jpg 1536w, https:\/\/sgvaimudar.com.br\/wp-content\/uploads\/2025\/03\/Anuncie-Aqui-Sao-Goncalo-vai-mudar-2048x504.jpg 2048w\" sizes=\"(max-width: 1024px) 100vw, 1024px\" \/><\/figure>\n","protected":false},"excerpt":{"rendered":"<p>Atividade desta sexta-feira aconteceu no parque Circo de Brincar do Topet\u00e3o, no S\u00e3o Gon\u00e7alo Shopping Na manh\u00e3 desta sexta-feira (22),&hellip;<\/p>\n","protected":false},"author":5,"featured_media":29820,"comment_status":"open","ping_status":"open","sticky":false,"template":"","format":"standard","meta":{"fifu_image_url":"","fifu_image_alt":"","footnotes":""},"categories":[6],"tags":[47,75],"class_list":["post-29819","post","type-post","status-publish","format-standard","has-post-thumbnail","hentry","category-entretenimento","tag-rj","tag-sao-goncalo"],"_links":{"self":[{"href":"https:\/\/sgvaimudar.com.br\/index.php\/wp-json\/wp\/v2\/posts\/29819","targetHints":{"allow":["GET"]}}],"collection":[{"href":"https:\/\/sgvaimudar.com.br\/index.php\/wp-json\/wp\/v2\/posts"}],"about":[{"href":"https:\/\/sgvaimudar.com.br\/index.php\/wp-json\/wp\/v2\/types\/post"}],"author":[{"embeddable":true,"href":"https:\/\/sgvaimudar.com.br\/index.php\/wp-json\/wp\/v2\/users\/5"}],"replies":[{"embeddable":true,"href":"https:\/\/sgvaimudar.com.br\/index.php\/wp-json\/wp\/v2\/comments?post=29819"}],"version-history":[{"count":1,"href":"https:\/\/sgvaimudar.com.br\/index.php\/wp-json\/wp\/v2\/posts\/29819\/revisions"}],"predecessor-version":[{"id":29821,"href":"https:\/\/sgvaimudar.com.br\/index.php\/wp-json\/wp\/v2\/posts\/29819\/revisions\/29821"}],"wp:featuredmedia":[{"embeddable":true,"href":"https:\/\/sgvaimudar.com.br\/index.php\/wp-json\/wp\/v2\/media\/29820"}],"wp:attachment":[{"href":"https:\/\/sgvaimudar.com.br\/index.php\/wp-json\/wp\/v2\/media?parent=29819"}],"wp:term":[{"taxonomy":"category","embeddable":true,"href":"https:\/\/sgvaimudar.com.br\/index.php\/wp-json\/wp\/v2\/categories?post=29819"},{"taxonomy":"post_tag","embeddable":true,"href":"https:\/\/sgvaimudar.com.br\/index.php\/wp-json\/wp\/v2\/tags?post=29819"}],"curies":[{"name":"wp","href":"https:\/\/api.w.org\/{rel}","templated":true}]}}