{"id":29816,"date":"2025-08-23T06:51:23","date_gmt":"2025-08-23T09:51:23","guid":{"rendered":"https:\/\/sgvaimudar.com.br\/?p=29816"},"modified":"2025-08-23T06:51:23","modified_gmt":"2025-08-23T09:51:23","slug":"projeto-meu-ambiente-ensina-alunos-da-rede-municipal-sobre-cuidados-com-os-animais","status":"publish","type":"post","link":"https:\/\/sgvaimudar.com.br\/index.php\/2025\/08\/23\/projeto-meu-ambiente-ensina-alunos-da-rede-municipal-sobre-cuidados-com-os-animais\/","title":{"rendered":"Projeto Meu Ambiente ensina alunos da rede municipal sobre cuidados com os animais"},"content":{"rendered":"\n<p><em>A\u00e7\u00e3o aconteceu nesta tarde de sexta-feira (22) em unidade de ensino da Amendoeira<\/em><\/p>\n\n\n\n<p><p style=\"margin: 0px;font-family: Verdana, Geneva, sans-serif, Arial, Helvetica, sans-serif;font-size: 12px\"><\/p>Cerca de 20 alunos do 4\u00b0 ano do Ensino Fundamental da Escola Municipal Professora Margarida Rosa Marques Galv\u00e3o, na Amendoeira, participaram de uma aula realizada pelo Projeto Meu Ambiente, desenvolvido pela Secretaria de Meio Ambiente e Transportes da Prefeitura de S\u00e3o Gon\u00e7alo, nesta tarde de sexta-feira (22). <\/p>\n\n\n\n<p>A atividade ensinou as crian\u00e7as a n\u00e3o cometer maus-tratos contra os animais.<p style=\"margin: 0px;font-family: Verdana, Geneva, sans-serif, Arial, Helvetica, sans-serif;font-size: 12px;text-align: justify\"><\/p>Durante a aula, os alunos participaram do jogo \u2018Amigos dos Animais\u2019, com o objetivo de ensinar as crian\u00e7as a reconhecer a\u00e7\u00f5es de maus-tratos contra os animais, respeitando os bichinhos e denunciando situa\u00e7\u00f5es erradas. <\/p>\n\n\n\n<p>Durante a din\u00e2mica, alunos faziam m\u00edmica sobre situa\u00e7\u00f5es envolvendo animais e o restante da turma respondia com cartas se aquela a\u00e7\u00e3o era positiva ou negativa. Al\u00e9m disso, foi debatida a import\u00e2ncia de adotar animais e perguntas e respostas sobre o tema.<\/p>\n\n\n\n<p><p style=\"margin: 0px;font-family: Verdana, Geneva, sans-serif, Arial, Helvetica, sans-serif;font-size: 12px;text-align: justify\"><\/p>\u201cAs aulas do Projeto Meu Ambiente s\u00e3o de extrema import\u00e2ncia para a educa\u00e7\u00e3o da nossa cidade. O projeto \u00e9 desenvolvido em parceria com a Secretaria de Educa\u00e7\u00e3o e vamos \u00e0s escolas explicar para as crian\u00e7as temas ligados ao meio ambiente, fauna e flora. Hoje, falamos sobre o cuidado com os animais. \u00c9 muito legal ver como os alunos se divertem e aprendem de forma l\u00fadica com o projeto\u201d, disse o secret\u00e1rio de Meio Ambiente e Transportes, F\u00e1bio Lemos.<\/p>\n\n\n\n<p><p style=\"margin: 0px;font-family: Verdana, Geneva, sans-serif, Arial, Helvetica, sans-serif;font-size: 12px;text-align: justify\"><\/p>\u201cAs crian\u00e7as aprendem brincando e se divertindo. Essa din\u00e2mica de hoje teve como foco ensinar as crian\u00e7as a evitar, denunciar e, principalmente, respeitar e cuidar dos animais. Os temas que escolhemos para o projeto s\u00e3o baseados em solicita\u00e7\u00f5es da escola, complementando o cronograma de assuntos j\u00e1 trabalhados em sala de aula\u201d, afirmou a educadora ambiental Glauce Batista Junior.<\/p>\n\n\n\n<p><p style=\"margin: 0px;font-family: Verdana, Geneva, sans-serif, Arial, Helvetica, sans-serif;font-size: 12px;text-align: justify\"><\/p>Andrew Muniz Ramos, de 10 anos, foi um dos alunos que participaram da atividade.\u201cFoi muito legal e divertido! Eu gostei muito de ler l\u00e1 na frente para os meus amigos durante o jogo. Conheci um pouco mais sobre o cuidado com os animais e vou contar para os meus pais em casa o que aprendi\u201d, disse ele.<\/p>\n\n\n\n<p><p style=\"margin: 0px;font-family: Verdana, Geneva, sans-serif, Arial, Helvetica, sans-serif;font-size: 12px;text-align: justify\"><\/p>O Projeto \u201cMeu Ambiente\u201d refor\u00e7a o compromisso da Secretaria de Meio Ambiente e Transportes, em parceria com a Secretaria de Educa\u00e7\u00e3o, em levar \u00e0s escolas p\u00fablicas de S\u00e3o Gon\u00e7alo pr\u00e1ticas educativas que valorizem a sustentabilidade e a preserva\u00e7\u00e3o ambiental, preparando as novas gera\u00e7\u00f5es para cuidarem do meio em que vivem. A a\u00e7\u00e3o tamb\u00e9m est\u00e1 integrada ao Programa Municipal de Educa\u00e7\u00e3o Ambiental (ProMEA S\u00e3o Gon\u00e7alo), incentivando atividades permanentes nas escolas p\u00fablicas do munic\u00edpio, com \u00eanfase em sustentabilidade, educa\u00e7\u00e3o ambiental e forma\u00e7\u00e3o cidad\u00e3.<\/p>\n\n\n\n<p><p style=\"margin: 0px;font-family: Verdana, Geneva, sans-serif, Arial, Helvetica, sans-serif;font-size: 12px\"><\/p><p style=\"margin: 0px;font-family: Verdana, Geneva, sans-serif, Arial, Helvetica, sans-serif;font-size: 12px\"><\/p><p style=\"margin: 0px;font-family: Verdana, Geneva, sans-serif, Arial, Helvetica, sans-serif;font-size: 12px\"><\/p><p style=\"margin: 0px;font-family: Verdana, Geneva, sans-serif, Arial, Helvetica, sans-serif;font-size: 12px\"><\/p><em>Fotos: Renan Otto<\/em><\/p>\n\n\n\n<figure class=\"wp-block-image size-large\"><img fetchpriority=\"high\" decoding=\"async\" width=\"1024\" height=\"252\" src=\"https:\/\/sgvaimudar.com.br\/wp-content\/uploads\/2025\/03\/Anuncie-Aqui-Sao-Goncalo-vai-mudar-1024x252.jpg\" alt=\"\" class=\"wp-image-22693\" srcset=\"https:\/\/sgvaimudar.com.br\/wp-content\/uploads\/2025\/03\/Anuncie-Aqui-Sao-Goncalo-vai-mudar-1024x252.jpg 1024w, https:\/\/sgvaimudar.com.br\/wp-content\/uploads\/2025\/03\/Anuncie-Aqui-Sao-Goncalo-vai-mudar-300x74.jpg 300w, https:\/\/sgvaimudar.com.br\/wp-content\/uploads\/2025\/03\/Anuncie-Aqui-Sao-Goncalo-vai-mudar-768x189.jpg 768w, https:\/\/sgvaimudar.com.br\/wp-content\/uploads\/2025\/03\/Anuncie-Aqui-Sao-Goncalo-vai-mudar-1536x378.jpg 1536w, https:\/\/sgvaimudar.com.br\/wp-content\/uploads\/2025\/03\/Anuncie-Aqui-Sao-Goncalo-vai-mudar-2048x504.jpg 2048w\" sizes=\"(max-width: 1024px) 100vw, 1024px\" \/><\/figure>\n","protected":false},"excerpt":{"rendered":"<p>A\u00e7\u00e3o aconteceu nesta tarde de sexta-feira (22) em unidade de ensino da Amendoeira Cerca de 20 alunos do 4\u00b0 ano&hellip;<\/p>\n","protected":false},"author":5,"featured_media":29817,"comment_status":"open","ping_status":"open","sticky":false,"template":"","format":"standard","meta":{"fifu_image_url":"","fifu_image_alt":"","footnotes":""},"categories":[3],"tags":[47,75],"class_list":["post-29816","post","type-post","status-publish","format-standard","has-post-thumbnail","hentry","category-sao-goncalo","tag-rj","tag-sao-goncalo"],"_links":{"self":[{"href":"https:\/\/sgvaimudar.com.br\/index.php\/wp-json\/wp\/v2\/posts\/29816","targetHints":{"allow":["GET"]}}],"collection":[{"href":"https:\/\/sgvaimudar.com.br\/index.php\/wp-json\/wp\/v2\/posts"}],"about":[{"href":"https:\/\/sgvaimudar.com.br\/index.php\/wp-json\/wp\/v2\/types\/post"}],"author":[{"embeddable":true,"href":"https:\/\/sgvaimudar.com.br\/index.php\/wp-json\/wp\/v2\/users\/5"}],"replies":[{"embeddable":true,"href":"https:\/\/sgvaimudar.com.br\/index.php\/wp-json\/wp\/v2\/comments?post=29816"}],"version-history":[{"count":1,"href":"https:\/\/sgvaimudar.com.br\/index.php\/wp-json\/wp\/v2\/posts\/29816\/revisions"}],"predecessor-version":[{"id":29818,"href":"https:\/\/sgvaimudar.com.br\/index.php\/wp-json\/wp\/v2\/posts\/29816\/revisions\/29818"}],"wp:featuredmedia":[{"embeddable":true,"href":"https:\/\/sgvaimudar.com.br\/index.php\/wp-json\/wp\/v2\/media\/29817"}],"wp:attachment":[{"href":"https:\/\/sgvaimudar.com.br\/index.php\/wp-json\/wp\/v2\/media?parent=29816"}],"wp:term":[{"taxonomy":"category","embeddable":true,"href":"https:\/\/sgvaimudar.com.br\/index.php\/wp-json\/wp\/v2\/categories?post=29816"},{"taxonomy":"post_tag","embeddable":true,"href":"https:\/\/sgvaimudar.com.br\/index.php\/wp-json\/wp\/v2\/tags?post=29816"}],"curies":[{"name":"wp","href":"https:\/\/api.w.org\/{rel}","templated":true}]}}