{"id":29811,"date":"2025-08-23T06:37:30","date_gmt":"2025-08-23T09:37:30","guid":{"rendered":"https:\/\/sgvaimudar.com.br\/?p=29811"},"modified":"2025-08-23T06:37:30","modified_gmt":"2025-08-23T09:37:30","slug":"guarda-municipal-de-sao-goncalo-conclui-novas-capacitacoes","status":"publish","type":"post","link":"https:\/\/sgvaimudar.com.br\/index.php\/2025\/08\/23\/guarda-municipal-de-sao-goncalo-conclui-novas-capacitacoes\/","title":{"rendered":"Guarda Municipal de S\u00e3o Gon\u00e7alo conclui novas capacita\u00e7\u00f5es"},"content":{"rendered":"\n<p><em>Equipes participam de Est\u00e1gio B\u00e1sico de Motociclistas e do 4\u00ba Encontro de Guardas Municipais do Estado do Rio<\/em><\/p>\n\n\n\n<p><p style=\"margin: 0px;font-family: Verdana, Geneva, sans-serif, Arial, Helvetica, sans-serif;font-size: 12px\"><\/p>Agentes da Guarda Municipal da Prefeitura de S\u00e3o Gon\u00e7alo realizaram novas capacita\u00e7\u00f5es para aprimorar ainda mais o atendimento aos gon\u00e7alenses. Cerca de 10 agentes conclu\u00edram, nesta sexta-feira (22), o Est\u00e1gio B\u00e1sico de Motociclistas, no Batalh\u00e3o de Pol\u00edcia de Choque (BPChq), na Cidade Nova, no Rio. <\/p>\n\n\n\n<p>Uma segunda capacita\u00e7\u00e3o foi conclu\u00edda por agentes da Patrulha Maria da Penha, que participaram do 4\u00ba Encontro de Guardas Municipais do Estado do Rio, realizado no munic\u00edpio de Guapimirim, nesta semana.<\/p>\n\n\n\n<p><p style=\"margin: 0px;font-family: Verdana, Geneva, sans-serif, Arial, Helvetica, sans-serif;font-size: 12px;text-align: justify\"><\/p>O Est\u00e1gio B\u00e1sico de Motociclista teve in\u00edcio nesta segunda-feira (18) e foi conclu\u00eddo nesta sexta-feira (22). A forma\u00e7\u00e3o teve como objetivo capacitar os agentes para atua\u00e7\u00e3o em ocorr\u00eancias que exigem maior mobilidade, agilidade e t\u00e9cnicas especializadas. <\/p>\n\n\n\n<p>Entre os conte\u00fados abordados, destacaram-se t\u00e9cnicas de pilotagem e levantamento de motocicletas; uso de spargidor, taser e spark; procedimentos de entrada e sa\u00edda t\u00e1tica; aplica\u00e7\u00e3o de algemas; resgate e primeiros socorros; abordagem em motocicletas e aulas pr\u00e1ticas operacionais.<\/p>\n\n\n\n<p><p style=\"margin: 0px;font-family: Verdana, Geneva, sans-serif, Arial, Helvetica, sans-serif;font-size: 12px;text-align: justify\"><\/p>J\u00e1 o 4\u00ba Encontro de Guardas Municipais do Estado do Rio teve uma programa\u00e7\u00e3o voltada para a Capacita\u00e7\u00e3o em Diretrizes da Lei Maria da Penha. O encontro, que aconteceu na ter\u00e7a-feira (19) e quarta-feira (20), reuniu representantes de diversas Guardas Municipais fluminenses, fortalecendo a integra\u00e7\u00e3o entre institui\u00e7\u00f5es e consolidando o compromisso conjunto no enfrentamento \u00e0 viol\u00eancia dom\u00e9stica e familiar.<\/p>\n\n\n\n<p><p style=\"margin: 0px;font-family: Verdana, Geneva, sans-serif, Arial, Helvetica, sans-serif;font-size: 12px;text-align: justify\"><\/p>O encontro abordou pautas de grande relev\u00e2ncia, entre elas o papel fundamental das Guardas Municipais na execu\u00e7\u00e3o de programas de seguran\u00e7a voltados para mulheres em situa\u00e7\u00e3o de viol\u00eancia dom\u00e9stica; a atua\u00e7\u00e3o do Poder Judici\u00e1rio e do Minist\u00e9rio P\u00fablico na prote\u00e7\u00e3o \u00e0s v\u00edtimas e na responsabiliza\u00e7\u00e3o dos agressores; estrat\u00e9gias de enfrentamento \u00e0 reincid\u00eancia, ao stalking e a novos casos de viol\u00eancia; o estudo dos tipos, ciclos e impactos da viol\u00eancia dom\u00e9stica; o uso da tecnologia digital como ferramenta de preven\u00e7\u00e3o e acompanhamento, entre outros.<\/p>\n\n\n\n<p><p style=\"margin: 0px;font-family: Verdana, Geneva, sans-serif, Arial, Helvetica, sans-serif;font-size: 12px;text-align: justify\"><\/p>O comandante da Guarda Municipal, Ewerton Mendes, destacou a import\u00e2ncia dessas capacita\u00e7\u00f5es para o servi\u00e7o municipal.<\/p>\n\n\n\n<p><p style=\"margin: 0px;font-family: Verdana, Geneva, sans-serif, Arial, Helvetica, sans-serif;font-size: 12px;text-align: justify\"><\/p>\u201cA presen\u00e7a dos agentes nessas capacita\u00e7\u00f5es, que s\u00e3o feitas de forma constante, refor\u00e7a o compromisso da institui\u00e7\u00e3o com a forma\u00e7\u00e3o continuada e a busca por um atendimento cada vez mais eficiente e seguro \u00e0 popula\u00e7\u00e3o. A presen\u00e7a da Patrulha Maria da Penha de S\u00e3o Gon\u00e7alo no 4\u00ba Encontro de Guardas Municipais do Estado do Rio demonstra tamb\u00e9m o comprometimento da Guarda Municipal com a prote\u00e7\u00e3o da mulher, a promo\u00e7\u00e3o dos direitos humanos e o fortalecimento da rede de enfrentamento \u00e0 viol\u00eancia de g\u00eanero\u201d, afirmou o comandante. <p style=\"margin: 0px;font-family: Verdana, Geneva, sans-serif, Arial, Helvetica, sans-serif;font-size: 12px\"><\/p><p style=\"margin: 0px;font-family: Verdana, Geneva, sans-serif, Arial, Helvetica, sans-serif;font-size: 12px\"><\/p><p style=\"margin: 0px;font-family: Verdana, Geneva, sans-serif, Arial, Helvetica, sans-serif;font-size: 12px\"><\/p><p style=\"margin: 0px;font-family: Verdana, Geneva, sans-serif, Arial, Helvetica, sans-serif;font-size: 12px\"><\/p><em>Fotos: Ascom<\/em><\/p>\n\n\n\n<p><strong><em>#sgvaimudar<\/em><\/strong><\/p>\n\n\n\n<figure class=\"wp-block-image size-large\"><img fetchpriority=\"high\" decoding=\"async\" width=\"1024\" height=\"252\" src=\"https:\/\/sgvaimudar.com.br\/wp-content\/uploads\/2025\/03\/Anuncie-Aqui-Sao-Goncalo-vai-mudar-1024x252.jpg\" alt=\"\" class=\"wp-image-22693\" srcset=\"https:\/\/sgvaimudar.com.br\/wp-content\/uploads\/2025\/03\/Anuncie-Aqui-Sao-Goncalo-vai-mudar-1024x252.jpg 1024w, https:\/\/sgvaimudar.com.br\/wp-content\/uploads\/2025\/03\/Anuncie-Aqui-Sao-Goncalo-vai-mudar-300x74.jpg 300w, https:\/\/sgvaimudar.com.br\/wp-content\/uploads\/2025\/03\/Anuncie-Aqui-Sao-Goncalo-vai-mudar-768x189.jpg 768w, https:\/\/sgvaimudar.com.br\/wp-content\/uploads\/2025\/03\/Anuncie-Aqui-Sao-Goncalo-vai-mudar-1536x378.jpg 1536w, https:\/\/sgvaimudar.com.br\/wp-content\/uploads\/2025\/03\/Anuncie-Aqui-Sao-Goncalo-vai-mudar-2048x504.jpg 2048w\" sizes=\"(max-width: 1024px) 100vw, 1024px\" \/><\/figure>\n\n\n\n<p><\/p>\n","protected":false},"excerpt":{"rendered":"<p>Equipes participam de Est\u00e1gio B\u00e1sico de Motociclistas e do 4\u00ba Encontro de Guardas Municipais do Estado do Rio Agentes da&hellip;<\/p>\n","protected":false},"author":5,"featured_media":29812,"comment_status":"open","ping_status":"open","sticky":false,"template":"","format":"standard","meta":{"fifu_image_url":"","fifu_image_alt":"","footnotes":""},"categories":[32],"tags":[39,41,47,75],"class_list":["post-29811","post","type-post","status-publish","format-standard","has-post-thumbnail","hentry","category-casos-de-policia","tag-ataque","tag-conflito","tag-rj","tag-sao-goncalo"],"_links":{"self":[{"href":"https:\/\/sgvaimudar.com.br\/index.php\/wp-json\/wp\/v2\/posts\/29811","targetHints":{"allow":["GET"]}}],"collection":[{"href":"https:\/\/sgvaimudar.com.br\/index.php\/wp-json\/wp\/v2\/posts"}],"about":[{"href":"https:\/\/sgvaimudar.com.br\/index.php\/wp-json\/wp\/v2\/types\/post"}],"author":[{"embeddable":true,"href":"https:\/\/sgvaimudar.com.br\/index.php\/wp-json\/wp\/v2\/users\/5"}],"replies":[{"embeddable":true,"href":"https:\/\/sgvaimudar.com.br\/index.php\/wp-json\/wp\/v2\/comments?post=29811"}],"version-history":[{"count":1,"href":"https:\/\/sgvaimudar.com.br\/index.php\/wp-json\/wp\/v2\/posts\/29811\/revisions"}],"predecessor-version":[{"id":29813,"href":"https:\/\/sgvaimudar.com.br\/index.php\/wp-json\/wp\/v2\/posts\/29811\/revisions\/29813"}],"wp:featuredmedia":[{"embeddable":true,"href":"https:\/\/sgvaimudar.com.br\/index.php\/wp-json\/wp\/v2\/media\/29812"}],"wp:attachment":[{"href":"https:\/\/sgvaimudar.com.br\/index.php\/wp-json\/wp\/v2\/media?parent=29811"}],"wp:term":[{"taxonomy":"category","embeddable":true,"href":"https:\/\/sgvaimudar.com.br\/index.php\/wp-json\/wp\/v2\/categories?post=29811"},{"taxonomy":"post_tag","embeddable":true,"href":"https:\/\/sgvaimudar.com.br\/index.php\/wp-json\/wp\/v2\/tags?post=29811"}],"curies":[{"name":"wp","href":"https:\/\/api.w.org\/{rel}","templated":true}]}}