{"id":29808,"date":"2025-08-23T06:28:53","date_gmt":"2025-08-23T09:28:53","guid":{"rendered":"https:\/\/sgvaimudar.com.br\/?p=29808"},"modified":"2025-08-23T06:28:54","modified_gmt":"2025-08-23T09:28:54","slug":"sao-goncalo-entrega-painel-em-homenagem-a-os-garotin-com-show-especial-do-trio","status":"publish","type":"post","link":"https:\/\/sgvaimudar.com.br\/index.php\/2025\/08\/23\/sao-goncalo-entrega-painel-em-homenagem-a-os-garotin-com-show-especial-do-trio\/","title":{"rendered":"S\u00e3o Gon\u00e7alo entrega painel em homenagem a Os Garotin com show especial do trio"},"content":{"rendered":"\n<p><em>F\u00e3s se reuniram no local para prestigiar os artistas e o painel<\/em><\/p>\n\n\n\n<p><p style=\"margin: 0px;font-family: Verdana, Geneva, sans-serif, Arial, Helvetica, sans-serif;font-size: 12px\"><\/p>Na tarde desta quinta-feira (14), S\u00e3o Gon\u00e7alo viveu um momento hist\u00f3rico de celebra\u00e7\u00e3o cultural com a entrega do novo painel do projeto Cidade Ilustrada, que homenageia o trio gon\u00e7alense Os Garotin. <\/p>\n\n\n\n<p>O evento reuniu f\u00e3s, autoridades e os pr\u00f3prios artistas, que retribu\u00edram o carinho do p\u00fablico com um show especial no local.<p style=\"margin: 0px;font-family: Verdana, Geneva, sans-serif, Arial, Helvetica, sans-serif;font-size: 12px;text-align: justify\"><\/p>O mural est\u00e1 localizado na Avenida Presidente Kennedy, em frente \u00e0 Par\u00f3quia Matriz de S\u00e3o Gon\u00e7alo Amarante, no trajeto do Muvi (Mobilidade Urbana Verde Integrada), \u00e1rea j\u00e1 dedicada a homenagens do Cidade Ilustrada.<\/p>\n\n\n\n<p><p style=\"margin: 0px;font-family: Verdana, Geneva, sans-serif, Arial, Helvetica, sans-serif;font-size: 12px;text-align: justify\"><\/p>Com mais de 50 milh\u00f5es de plays nas plataformas digitais, o trio formado por Anchietx, Cupertino e L\u00e9o Guima conquistou o Brasil com sucessos como \u201cCalor do Momento\u201d, \u201cZero a Cem\u201d e \u201cQueda Livre\u201d. Em 2024, alcan\u00e7aram reconhecimento internacional ao vencer o Grammy Latino de Melhor \u00c1lbum de Pop Contempor\u00e2neo em L\u00edngua Portuguesa, pelo disco de estreia \u201cOs Garotin de S\u00e3o Gon\u00e7alo\u201d.<\/p>\n\n\n\n<p><p style=\"margin: 0px;font-family: Verdana, Geneva, sans-serif, Arial, Helvetica, sans-serif;font-size: 12px;text-align: justify\"><\/p>Durante a entrega, a emo\u00e7\u00e3o tomou conta do grupo. Cupertino destacou o simbolismo da homenagem.<\/p>\n\n\n\n<p><p style=\"margin: 0px;font-family: Verdana, Geneva, sans-serif, Arial, Helvetica, sans-serif;font-size: 12px;text-align: justify\"><\/p>\u00a0\u201cA gente trabalha no Brasil todo representando muito a nossa cidade. A gente fala na m\u00fasica, foi o nome do nosso primeiro \u00e1lbum e chegar aqui e ganhar esse presente \u00e9 uma alegria. Parece que \u00e9 o resultado de tanto esfor\u00e7o, de tanta coisa que a gente fez representando S\u00e3o Gon\u00e7alo e agora tudo se justifica. Obrigada S\u00e3o Gon\u00e7alo, obrigada Marcelo Eco\u201d.<\/p>\n\n\n\n<p><p style=\"margin: 0px;font-family: Verdana, Geneva, sans-serif, Arial, Helvetica, sans-serif;font-size: 12px;text-align: justify\"><\/p>O painel \u00e9 assinado pelo artista gon\u00e7alense Marcelo Eco, curador do Cidade Ilustrada e idealizador da homenagem. Nesta edi\u00e7\u00e3o, a cria\u00e7\u00e3o do painel tamb\u00e9m contou com inova\u00e7\u00e3o tecnol\u00f3gica. Eco utilizou \u00f3culos 3D de realidade aumentada com intelig\u00eancia artificial, que funciona como projetor \u00e0 luz do dia, permitindo visualizar o resultado final antes mesmo da pintura.<\/p>\n\n\n\n<p><p style=\"margin: 0px;font-family: Verdana, Geneva, sans-serif, Arial, Helvetica, sans-serif;font-size: 12px;text-align: justify\"><\/p>\u201c\u00c9 uma honra imensa eternizar Os Garotin em um painel da nossa cidade. Eles representam a nova gera\u00e7\u00e3o da m\u00fasica, mas sem esquecer suas ra\u00edzes gon\u00e7alenses. Esse mural \u00e9 um presente da cidade para eles e, ao mesmo tempo, deles para a cidade\u201d, afirmou Eco.<\/p>\n\n\n\n<p><p style=\"margin: 0px;font-family: Verdana, Geneva, sans-serif, Arial, Helvetica, sans-serif;font-size: 12px;text-align: justify\"><\/p>O Cidade Ilustrada segue se consolidando como um dos maiores projetos culturais da cidade, promovendo a arte urbana, a valoriza\u00e7\u00e3o dos espa\u00e7os p\u00fablicos e o fortalecimento da autoestima dos gon\u00e7alenses. Outros artistas da cidade, entre eles o compositor Altay Veloso, e o jogador Vini Jr. j\u00e1 foram retratados em pain\u00e9is pela cidade.<\/p>\n\n\n\n<p><p style=\"margin: 0px;font-family: Verdana, Geneva, sans-serif, Arial, Helvetica, sans-serif;font-size: 12px;text-align: justify\"><\/p>A secret\u00e1ria de Turismo e Cultura, J\u00falia Sobreira, ressaltou a import\u00e2ncia de momentos como esse para a valoriza\u00e7\u00e3o da identidade gon\u00e7alense.<\/p>\n\n\n\n<p><p style=\"margin: 0px;font-family: Verdana, Geneva, sans-serif, Arial, Helvetica, sans-serif;font-size: 12px;text-align: justify\"><\/p>\u201cO Cidade Ilustrada n\u00e3o \u00e9 apenas arte nos muros, \u00e9 mem\u00f3ria, \u00e9 orgulho e \u00e9 pertencimento. Ver Os Garotin sendo celebrados aqui, diante da popula\u00e7\u00e3o, mostra que S\u00e3o Gon\u00e7alo reconhece e valoriza os talentos que nascem em sua terra\u201d.<\/p>\n\n\n\n<p><p style=\"margin: 0px;font-family: Verdana, Geneva, sans-serif, Arial, Helvetica, sans-serif;font-size: 12px;text-align: justify\"><\/p><p style=\"margin: 0px;font-family: Verdana, Geneva, sans-serif, Arial, Helvetica, sans-serif;font-size: 12px;text-align: justify\"><\/p><em>Foto: Renan Otto<\/em><\/p>\n\n\n\n<p>#sgvaimudar<\/p>\n\n\n\n<figure class=\"wp-block-image size-large\"><img fetchpriority=\"high\" decoding=\"async\" width=\"1024\" height=\"252\" src=\"https:\/\/sgvaimudar.com.br\/wp-content\/uploads\/2025\/03\/Anuncie-Aqui-Sao-Goncalo-vai-mudar-1024x252.jpg\" alt=\"\" class=\"wp-image-22693\" srcset=\"https:\/\/sgvaimudar.com.br\/wp-content\/uploads\/2025\/03\/Anuncie-Aqui-Sao-Goncalo-vai-mudar-1024x252.jpg 1024w, https:\/\/sgvaimudar.com.br\/wp-content\/uploads\/2025\/03\/Anuncie-Aqui-Sao-Goncalo-vai-mudar-300x74.jpg 300w, https:\/\/sgvaimudar.com.br\/wp-content\/uploads\/2025\/03\/Anuncie-Aqui-Sao-Goncalo-vai-mudar-768x189.jpg 768w, https:\/\/sgvaimudar.com.br\/wp-content\/uploads\/2025\/03\/Anuncie-Aqui-Sao-Goncalo-vai-mudar-1536x378.jpg 1536w, https:\/\/sgvaimudar.com.br\/wp-content\/uploads\/2025\/03\/Anuncie-Aqui-Sao-Goncalo-vai-mudar-2048x504.jpg 2048w\" sizes=\"(max-width: 1024px) 100vw, 1024px\" \/><\/figure>\n","protected":false},"excerpt":{"rendered":"<p>F\u00e3s se reuniram no local para prestigiar os artistas e o painel Na tarde desta quinta-feira (14), S\u00e3o Gon\u00e7alo viveu&hellip;<\/p>\n","protected":false},"author":5,"featured_media":29809,"comment_status":"open","ping_status":"open","sticky":false,"template":"","format":"standard","meta":{"fifu_image_url":"","fifu_image_alt":"","footnotes":""},"categories":[6],"tags":[47,75],"class_list":["post-29808","post","type-post","status-publish","format-standard","has-post-thumbnail","hentry","category-entretenimento","tag-rj","tag-sao-goncalo"],"_links":{"self":[{"href":"https:\/\/sgvaimudar.com.br\/index.php\/wp-json\/wp\/v2\/posts\/29808","targetHints":{"allow":["GET"]}}],"collection":[{"href":"https:\/\/sgvaimudar.com.br\/index.php\/wp-json\/wp\/v2\/posts"}],"about":[{"href":"https:\/\/sgvaimudar.com.br\/index.php\/wp-json\/wp\/v2\/types\/post"}],"author":[{"embeddable":true,"href":"https:\/\/sgvaimudar.com.br\/index.php\/wp-json\/wp\/v2\/users\/5"}],"replies":[{"embeddable":true,"href":"https:\/\/sgvaimudar.com.br\/index.php\/wp-json\/wp\/v2\/comments?post=29808"}],"version-history":[{"count":1,"href":"https:\/\/sgvaimudar.com.br\/index.php\/wp-json\/wp\/v2\/posts\/29808\/revisions"}],"predecessor-version":[{"id":29810,"href":"https:\/\/sgvaimudar.com.br\/index.php\/wp-json\/wp\/v2\/posts\/29808\/revisions\/29810"}],"wp:featuredmedia":[{"embeddable":true,"href":"https:\/\/sgvaimudar.com.br\/index.php\/wp-json\/wp\/v2\/media\/29809"}],"wp:attachment":[{"href":"https:\/\/sgvaimudar.com.br\/index.php\/wp-json\/wp\/v2\/media?parent=29808"}],"wp:term":[{"taxonomy":"category","embeddable":true,"href":"https:\/\/sgvaimudar.com.br\/index.php\/wp-json\/wp\/v2\/categories?post=29808"},{"taxonomy":"post_tag","embeddable":true,"href":"https:\/\/sgvaimudar.com.br\/index.php\/wp-json\/wp\/v2\/tags?post=29808"}],"curies":[{"name":"wp","href":"https:\/\/api.w.org\/{rel}","templated":true}]}}