{"id":29801,"date":"2025-08-22T19:00:00","date_gmt":"2025-08-22T22:00:00","guid":{"rendered":"https:\/\/sgvaimudar.com.br\/?p=29801"},"modified":"2025-08-22T11:06:22","modified_gmt":"2025-08-22T14:06:22","slug":"influenciadoras-sao-condenadas-por-oferecer-bananas-a-criancas-negras","status":"publish","type":"post","link":"https:\/\/sgvaimudar.com.br\/index.php\/2025\/08\/22\/influenciadoras-sao-condenadas-por-oferecer-bananas-a-criancas-negras\/","title":{"rendered":"Influenciadoras s\u00e3o condenadas por oferecer bananas a crian\u00e7as negras"},"content":{"rendered":"\n<p><em>Fato aconteceu em 2023 em S\u00e3o Gon\u00e7alo<\/em><\/p>\n\n\n\n<p>A Justi\u00e7a do Rio condenou as influenciadoras digitais\u00a0Nancy Gon\u00e7alves Cunha Ferreira e Kerollen Cunha, que ofereceram em v\u00eddeo publicado em plataformas digitais, uma banana e um macaco de pel\u00facia a duas crian\u00e7as negras, de 9 e 10 anos de idade.\u00a0O caso ocorreu em 2023, perto da casa das influenciadoras, que s\u00e3o e m\u00e3e e filha, em S\u00e3o Gon\u00e7alo.<\/p>\n\n\n\n<p>Na decis\u00e3o, a ju\u00edza Simone de Faria Feraz, da 1\u00aa Vara Criminal da Comarca de S\u00e3o Gon\u00e7alo, escreveu que os atos cometidos pelas influenciadoras correspondem a uma monstruosidade.\u00a0Nancy e Kerollen foram condenadas a 12 anos de pris\u00e3o por inj\u00faria racial e pagamento de indeniza\u00e7\u00e3o de R$ 20 mil a cada uma das v\u00edtimas,\u00a0al\u00e9m da manuten\u00e7\u00e3o do bloqueio de perfis e conte\u00fados no Youtube,\u00a0Instagran e Tik Tok.<\/p>\n\n\n\n<p>De acordo com a den\u00fancia do Minist\u00e9rio P\u00fablico do Rio de Janeiro, as influenciadoras eram titulares de canais nas tr\u00eas plataformas. Nancy, microempres\u00e1ria individual, era propriet\u00e1ria da empresa Kerollen e Nancy, cujo objeto social inclu\u00eda atividades de p\u00f3s-produ\u00e7\u00e3o cinematogr\u00e1fica, de v\u00eddeos e de programas de televis\u00e3o \u2014 o que levanta a suspeita de que os v\u00eddeos de conte\u00fado discriminat\u00f3rio e vexat\u00f3rio tenham sido monetizados, gerando lucros \u00e0s r\u00e9s por meio do n\u00famero expressivo de seguidores inscritos, que superam 14 milh\u00f5es de pessoas nas redes sociais das influenciadoras.&nbsp;<\/p>\n\n\n\n<p>Segundo a advogada Fayda Belo, especialista em direito antidiscriminat\u00f3rio, que denunciou o caso \u00e0 \u00e9poca, o epis\u00f3dio se caracteriza por apresentar o racismo recreativo, que consiste em algu\u00e9m usar da discrimina\u00e7\u00e3o contra pessoas negras com intuito de divers\u00e3o.<br><br>\u201cVoc\u00eas conseguem dimensionar o n\u00edvel de monstruosidade que essas duas\u00a0desinfluenciadoras tiveram ao dar um macaco e uma banana para duas crian\u00e7as e ainda postar nas redes sociais para os seus mais de 13 milh\u00f5es de seguidores? Para ridicularizar duas crian\u00e7as negras, para incitar essa discrimina\u00e7\u00e3o perversa que nos tira o\u00a0<em>status<\/em>\u00a0de pessoa e nos animaliza como se fosse piada\u201d, afirma Fayda em v\u00eddeo divulgado em suas redes sociais.<\/p>\n\n\n\n<p>Em outro trecho da decis\u00e3o, a ju\u00edza Simone de Faria citou o pesquisador Adilson Jos\u00e9 Moreira, autor da obra Racismo Recreativo. Ele define que o racismo recreativo \u201cdeve ser visto como um projeto de domina\u00e7\u00e3o que procura promover a reprodu\u00e7\u00e3o de rela\u00e7\u00f5es assim\u00e9tricas de poder entre grupos raciais por meio de uma pol\u00edtica cultural baseada na utiliza\u00e7\u00e3o do humor como express\u00e3o e encobrimento de hostilidade racial\u201d.<\/p>\n\n\n\n<p>A\u00a0senten\u00e7a da ju\u00edza de primeira inst\u00e2ncia cabe recurso. As influenciadoras digitais v\u00e3o poder recorrer da decis\u00e3o em liberdade.<\/p>\n\n\n\n<p><strong><em>S\u00e3o Gon\u00e7alo vai mudar: Not\u00edcias de S\u00e3o Gon\u00e7alo e toda regi\u00e3o.<\/em><\/strong><\/p>\n\n\n\n<figure class=\"wp-block-image size-large\"><img fetchpriority=\"high\" decoding=\"async\" width=\"1024\" height=\"252\" src=\"https:\/\/sgvaimudar.com.br\/wp-content\/uploads\/2025\/03\/Anuncie-Aqui-Sao-Goncalo-vai-mudar-1024x252.jpg\" alt=\"\" class=\"wp-image-22693\" srcset=\"https:\/\/sgvaimudar.com.br\/wp-content\/uploads\/2025\/03\/Anuncie-Aqui-Sao-Goncalo-vai-mudar-1024x252.jpg 1024w, https:\/\/sgvaimudar.com.br\/wp-content\/uploads\/2025\/03\/Anuncie-Aqui-Sao-Goncalo-vai-mudar-300x74.jpg 300w, https:\/\/sgvaimudar.com.br\/wp-content\/uploads\/2025\/03\/Anuncie-Aqui-Sao-Goncalo-vai-mudar-768x189.jpg 768w, https:\/\/sgvaimudar.com.br\/wp-content\/uploads\/2025\/03\/Anuncie-Aqui-Sao-Goncalo-vai-mudar-1536x378.jpg 1536w, https:\/\/sgvaimudar.com.br\/wp-content\/uploads\/2025\/03\/Anuncie-Aqui-Sao-Goncalo-vai-mudar-2048x504.jpg 2048w\" sizes=\"(max-width: 1024px) 100vw, 1024px\" \/><\/figure>\n","protected":false},"excerpt":{"rendered":"<p>Fato aconteceu em 2023 em S\u00e3o Gon\u00e7alo A Justi\u00e7a do Rio condenou as influenciadoras digitais\u00a0Nancy Gon\u00e7alves Cunha Ferreira e Kerollen&hellip;<\/p>\n","protected":false},"author":5,"featured_media":29802,"comment_status":"open","ping_status":"open","sticky":false,"template":"","format":"standard","meta":{"fifu_image_url":"","fifu_image_alt":"","footnotes":""},"categories":[32],"tags":[39,47,75],"class_list":["post-29801","post","type-post","status-publish","format-standard","has-post-thumbnail","hentry","category-casos-de-policia","tag-ataque","tag-rj","tag-sao-goncalo"],"_links":{"self":[{"href":"https:\/\/sgvaimudar.com.br\/index.php\/wp-json\/wp\/v2\/posts\/29801","targetHints":{"allow":["GET"]}}],"collection":[{"href":"https:\/\/sgvaimudar.com.br\/index.php\/wp-json\/wp\/v2\/posts"}],"about":[{"href":"https:\/\/sgvaimudar.com.br\/index.php\/wp-json\/wp\/v2\/types\/post"}],"author":[{"embeddable":true,"href":"https:\/\/sgvaimudar.com.br\/index.php\/wp-json\/wp\/v2\/users\/5"}],"replies":[{"embeddable":true,"href":"https:\/\/sgvaimudar.com.br\/index.php\/wp-json\/wp\/v2\/comments?post=29801"}],"version-history":[{"count":1,"href":"https:\/\/sgvaimudar.com.br\/index.php\/wp-json\/wp\/v2\/posts\/29801\/revisions"}],"predecessor-version":[{"id":29803,"href":"https:\/\/sgvaimudar.com.br\/index.php\/wp-json\/wp\/v2\/posts\/29801\/revisions\/29803"}],"wp:featuredmedia":[{"embeddable":true,"href":"https:\/\/sgvaimudar.com.br\/index.php\/wp-json\/wp\/v2\/media\/29802"}],"wp:attachment":[{"href":"https:\/\/sgvaimudar.com.br\/index.php\/wp-json\/wp\/v2\/media?parent=29801"}],"wp:term":[{"taxonomy":"category","embeddable":true,"href":"https:\/\/sgvaimudar.com.br\/index.php\/wp-json\/wp\/v2\/categories?post=29801"},{"taxonomy":"post_tag","embeddable":true,"href":"https:\/\/sgvaimudar.com.br\/index.php\/wp-json\/wp\/v2\/tags?post=29801"}],"curies":[{"name":"wp","href":"https:\/\/api.w.org\/{rel}","templated":true}]}}