{"id":29779,"date":"2025-08-22T11:00:00","date_gmt":"2025-08-22T14:00:00","guid":{"rendered":"https:\/\/sgvaimudar.com.br\/?p=29779"},"modified":"2025-08-22T10:16:10","modified_gmt":"2025-08-22T13:16:10","slug":"ta-fincando-uma-beleza-muvi-transforma-bairros-goncalenses","status":"publish","type":"post","link":"https:\/\/sgvaimudar.com.br\/index.php\/2025\/08\/22\/ta-fincando-uma-beleza-muvi-transforma-bairros-goncalenses\/","title":{"rendered":"&#8220;T\u00e1 fincando uma beleza&#8221; Muvi transforma bairros gon\u00e7alenses"},"content":{"rendered":"\n<p><em>Obras no trecho 5 t\u00eam in\u00edcio em mais uma rua do Jardim Catarina; Moradores aprovam<\/em><\/p>\n\n\n\n<p>&#8220;O novo corredor vi\u00e1rio \u00e9 uma beleza&#8221;, com essa declara\u00e7\u00e3o o morador do bairro Jardim Catarina, Jaime de Sousa Oliveira, de 67 anos, elogiou as constru\u00e7\u00f5es do projeto Mobilidade Urbana Verde Integrada (Muvi) que transforma o munic\u00edpio de S\u00e3o Gon\u00e7alo.<\/p>\n\n\n\n<p>Nesta quarta-feira (20), tiveram in\u00edcio as obras na Rua Adelaide Lima, no trecho 5. No local, est\u00e3o sendo preparados os meio-fios e a confec\u00e7\u00e3o das cal\u00e7adas. O projeto Muvi \u00e9 uma parceria entre o Governo do Estado do Rio de Janeiro, atrav\u00e9s da Secretaria das Cidades, e a Prefeitura de S\u00e3o Gon\u00e7alo.<\/p>\n\n\n\n<p> &#8220;Trata-se do maior projeto de mobilidade urbana j\u00e1 realizado na cidade de S\u00e3o Gon\u00e7alo, com um investimento de R$ 287 milh\u00f5es. O novo corredor vi\u00e1rio ter\u00e1 18 quil\u00f4metros de extens\u00e3o e vai ligar o bairro de Neves a Guaxindiba&#8221;, disse a Prefeitura no texto.<\/p>\n\n\n\n<figure class=\"wp-block-image size-full\"><img fetchpriority=\"high\" decoding=\"async\" width=\"1024\" height=\"681\" src=\"https:\/\/sgvaimudar.com.br\/wp-content\/uploads\/2025\/08\/unnamed-8-10.jpg\" alt=\"\" class=\"wp-image-29780\" srcset=\"https:\/\/sgvaimudar.com.br\/wp-content\/uploads\/2025\/08\/unnamed-8-10.jpg 1024w, https:\/\/sgvaimudar.com.br\/wp-content\/uploads\/2025\/08\/unnamed-8-10-300x200.jpg 300w, https:\/\/sgvaimudar.com.br\/wp-content\/uploads\/2025\/08\/unnamed-8-10-768x511.jpg 768w\" sizes=\"(max-width: 1024px) 100vw, 1024px\" \/><\/figure>\n\n\n\n<p>&#8220;As obras do corredor vi\u00e1rio est\u00e3o transformando a nossa cidade. Acompanho de perto o avan\u00e7o das interven\u00e7\u00f5es na minha rotina e tenho recebido muito carinho dos gon\u00e7alenses, que s\u00f3 elogiam as obras. \u00c9 um imenso prazer contar com o apoio do governador Cl\u00e1udio Castro e do secret\u00e1rio de Estado das Cidades, Douglas Ruas, no projeto&#8221;, disse o prefeito Capit\u00e3o Nelson.<\/p>\n\n\n\n<p>&#8220;O avan\u00e7o das obras do Trecho 5 do Muvi \u00e9 mais um passo importante para transformar a mobilidade em S\u00e3o Gon\u00e7alo. Em breve, moradores e frequentadores daquela regi\u00e3o ter\u00e3o mais conforto, seguran\u00e7a e agilidade nos deslocamentos. Seguimos trabalhando sob a lideran\u00e7a do governador Cl\u00e1udio Castro para transformar a vida da popula\u00e7\u00e3o fluminense\u201d, afirmou Douglas Ruas, secret\u00e1rio de Estado das Cidades.<\/p>\n\n\n\n<p>O pedreiro Adriano da Silva, de 47 anos, mora no Jardim Catarina desde que nasceu e tamb\u00e9m elogiou o projeto do Muvi.<\/p>\n\n\n\n<p>&#8220;J\u00e1 vi o Muvi pronto em outros bairros e achei muito legal o projeto, incluindo a ciclovia. O nosso bairro precisa de uma obra como essa, vai ser muito boa para o Jardim Catarina&#8221;, disse o pedreiro.<\/p>\n\n\n\n<p>O Muvi j\u00e1 pode ser visualizado em bairros como Vila Lage, Camar\u00e3o e Neves, dentre outros. O projeto foi elaborado pela Secretaria Municipal de Gest\u00e3o Integrada e Projetos Especiais (Semgipe). <\/p>\n\n\n\n<p>Segundo o Executivo gon\u00e7alense, todo o percurso ser\u00e1 beneficiado com redes de drenagem, al\u00e9m da constru\u00e7\u00e3o de cal\u00e7adas, ciclovias, meios-fios, pavimenta\u00e7\u00e3o, paisagismo e pistas preferenciais para \u00f4nibus.<\/p>\n\n\n\n<p><em>Fotos: Julio Diniz<\/em><\/p>\n\n\n\n<p><strong><em>S\u00e3o Gon\u00e7alo vai mudar: Not\u00edcias de S\u00e3o Gon\u00e7alo e toda regi\u00e3o.<\/em><\/strong><\/p>\n\n\n\n<figure class=\"wp-block-image size-large\"><img decoding=\"async\" width=\"1024\" height=\"252\" src=\"https:\/\/sgvaimudar.com.br\/wp-content\/uploads\/2025\/03\/Anuncie-Aqui-Sao-Goncalo-vai-mudar-1024x252.jpg\" alt=\"\" class=\"wp-image-22693\" srcset=\"https:\/\/sgvaimudar.com.br\/wp-content\/uploads\/2025\/03\/Anuncie-Aqui-Sao-Goncalo-vai-mudar-1024x252.jpg 1024w, https:\/\/sgvaimudar.com.br\/wp-content\/uploads\/2025\/03\/Anuncie-Aqui-Sao-Goncalo-vai-mudar-300x74.jpg 300w, https:\/\/sgvaimudar.com.br\/wp-content\/uploads\/2025\/03\/Anuncie-Aqui-Sao-Goncalo-vai-mudar-768x189.jpg 768w, https:\/\/sgvaimudar.com.br\/wp-content\/uploads\/2025\/03\/Anuncie-Aqui-Sao-Goncalo-vai-mudar-1536x378.jpg 1536w, https:\/\/sgvaimudar.com.br\/wp-content\/uploads\/2025\/03\/Anuncie-Aqui-Sao-Goncalo-vai-mudar-2048x504.jpg 2048w\" sizes=\"(max-width: 1024px) 100vw, 1024px\" \/><\/figure>\n","protected":false},"excerpt":{"rendered":"<p>Obras no trecho 5 t\u00eam in\u00edcio em mais uma rua do Jardim Catarina; Moradores aprovam &#8220;O novo corredor vi\u00e1rio \u00e9&hellip;<\/p>\n","protected":false},"author":5,"featured_media":29781,"comment_status":"open","ping_status":"open","sticky":false,"template":"","format":"standard","meta":{"fifu_image_url":"","fifu_image_alt":"","footnotes":""},"categories":[3],"tags":[47,75],"class_list":["post-29779","post","type-post","status-publish","format-standard","has-post-thumbnail","hentry","category-sao-goncalo","tag-rj","tag-sao-goncalo"],"_links":{"self":[{"href":"https:\/\/sgvaimudar.com.br\/index.php\/wp-json\/wp\/v2\/posts\/29779","targetHints":{"allow":["GET"]}}],"collection":[{"href":"https:\/\/sgvaimudar.com.br\/index.php\/wp-json\/wp\/v2\/posts"}],"about":[{"href":"https:\/\/sgvaimudar.com.br\/index.php\/wp-json\/wp\/v2\/types\/post"}],"author":[{"embeddable":true,"href":"https:\/\/sgvaimudar.com.br\/index.php\/wp-json\/wp\/v2\/users\/5"}],"replies":[{"embeddable":true,"href":"https:\/\/sgvaimudar.com.br\/index.php\/wp-json\/wp\/v2\/comments?post=29779"}],"version-history":[{"count":2,"href":"https:\/\/sgvaimudar.com.br\/index.php\/wp-json\/wp\/v2\/posts\/29779\/revisions"}],"predecessor-version":[{"id":29784,"href":"https:\/\/sgvaimudar.com.br\/index.php\/wp-json\/wp\/v2\/posts\/29779\/revisions\/29784"}],"wp:featuredmedia":[{"embeddable":true,"href":"https:\/\/sgvaimudar.com.br\/index.php\/wp-json\/wp\/v2\/media\/29781"}],"wp:attachment":[{"href":"https:\/\/sgvaimudar.com.br\/index.php\/wp-json\/wp\/v2\/media?parent=29779"}],"wp:term":[{"taxonomy":"category","embeddable":true,"href":"https:\/\/sgvaimudar.com.br\/index.php\/wp-json\/wp\/v2\/categories?post=29779"},{"taxonomy":"post_tag","embeddable":true,"href":"https:\/\/sgvaimudar.com.br\/index.php\/wp-json\/wp\/v2\/tags?post=29779"}],"curies":[{"name":"wp","href":"https:\/\/api.w.org\/{rel}","templated":true}]}}