{"id":29775,"date":"2025-08-22T10:59:00","date_gmt":"2025-08-22T13:59:00","guid":{"rendered":"https:\/\/sgvaimudar.com.br\/?p=29775"},"modified":"2025-08-22T10:04:37","modified_gmt":"2025-08-22T13:04:37","slug":"loja-itaipuacufer-e-arrombada-durante-a-madrugada-em-inoa-em-marica","status":"publish","type":"post","link":"https:\/\/sgvaimudar.com.br\/index.php\/2025\/08\/22\/loja-itaipuacufer-e-arrombada-durante-a-madrugada-em-inoa-em-marica\/","title":{"rendered":"Loja Itaipua\u00e7ufer \u00e9 arrombada durante a madrugada em Ino\u00e3, em Maric\u00e1"},"content":{"rendered":"\n<p><em>Autor foi autuado e preso em flagrante pelo crime de furto tentado<\/em><\/p>\n\n\n\n<p>O pr\u00e9dio da Loja Itaipua\u00e7ufer, na Avenida Gilberto Carvalho, em Ino\u00e3, Maric\u00e1, foi alvo de invas\u00e3o durante a madrugada desta sexta-feira (22\/08). Um homem identificado como Christian Ferreira da Silva, de 33 anos, vulgo <strong><em>Cebol\u00e3o<\/em><\/strong>, teria arrombado a porta principal do estabelecimento por volta das 24h:15min.<\/p>\n\n\n\n<figure class=\"wp-block-video\"><video height=\"832\" style=\"aspect-ratio: 464 \/ 832;\" width=\"464\" controls src=\"https:\/\/sgvaimudar.com.br\/wp-content\/uploads\/2025\/08\/WhatsApp-Video-2025-08-22-at-07.46.03.mp4\"><\/video><\/figure>\n\n\n\n<p>A a\u00e7\u00e3o criminosa foi denunciada pelo pr\u00f3prio dono que estava no local. Segundo ele, o criminoso estava agindo no interior da loja. Quando a PM chegou ao local, encontrou a entrada da loja danificada e com sinais claros de arrombamento. <\/p>\n\n\n\n<p>Segundo a pol\u00edcia, ao ser detido <strong><em>Cebola<\/em><\/strong> confessou que no \u00faltimo dia 15 de agosto j\u00e1 havia furtado do mesmo local a quantia de R$ 700,00 (setecentos reais).<\/p>\n\n\n\n<p>Na a\u00e7\u00e3o, a ocorr\u00eancia foi apresentada na 82\u00aa DP (Maric\u00e1) onde <strong><em>Cebola<\/em><\/strong> foi autuado e preso em flagrante delito pelo crime previsto no Artigo 155, combinado com o Artigo 14 do C\u00f3digo Penal (furto tentado).<\/p>\n\n\n\n<p><strong><em>Fa\u00e7a sua den\u00fancia pelo nosso WhatsApp: (21) <\/em><\/strong><strong><em>99744 5345<\/em><\/strong><strong><em><\/em><\/strong><\/p>\n\n\n\n<p><strong><em>S\u00e3o Gon\u00e7alo vai mudar: Not\u00edcias de S\u00e3o Gon\u00e7alo e toda regi\u00e3o.<\/em><\/strong><\/p>\n\n\n\n<figure class=\"wp-block-image size-large\"><img fetchpriority=\"high\" decoding=\"async\" width=\"1024\" height=\"252\" src=\"https:\/\/sgvaimudar.com.br\/wp-content\/uploads\/2025\/03\/Anuncie-Aqui-Sao-Goncalo-vai-mudar-1024x252.jpg\" alt=\"\" class=\"wp-image-22693\" srcset=\"https:\/\/sgvaimudar.com.br\/wp-content\/uploads\/2025\/03\/Anuncie-Aqui-Sao-Goncalo-vai-mudar-1024x252.jpg 1024w, https:\/\/sgvaimudar.com.br\/wp-content\/uploads\/2025\/03\/Anuncie-Aqui-Sao-Goncalo-vai-mudar-300x74.jpg 300w, https:\/\/sgvaimudar.com.br\/wp-content\/uploads\/2025\/03\/Anuncie-Aqui-Sao-Goncalo-vai-mudar-768x189.jpg 768w, https:\/\/sgvaimudar.com.br\/wp-content\/uploads\/2025\/03\/Anuncie-Aqui-Sao-Goncalo-vai-mudar-1536x378.jpg 1536w, https:\/\/sgvaimudar.com.br\/wp-content\/uploads\/2025\/03\/Anuncie-Aqui-Sao-Goncalo-vai-mudar-2048x504.jpg 2048w\" sizes=\"(max-width: 1024px) 100vw, 1024px\" \/><\/figure>\n","protected":false},"excerpt":{"rendered":"<p>Autor foi autuado e preso em flagrante pelo crime de furto tentado O pr\u00e9dio da Loja Itaipua\u00e7ufer, na Avenida Gilberto&hellip;<\/p>\n","protected":false},"author":5,"featured_media":29776,"comment_status":"open","ping_status":"open","sticky":false,"template":"","format":"standard","meta":{"fifu_image_url":"","fifu_image_alt":"","footnotes":""},"categories":[32],"tags":[39,41,47],"class_list":["post-29775","post","type-post","status-publish","format-standard","has-post-thumbnail","hentry","category-casos-de-policia","tag-ataque","tag-conflito","tag-rj"],"_links":{"self":[{"href":"https:\/\/sgvaimudar.com.br\/index.php\/wp-json\/wp\/v2\/posts\/29775","targetHints":{"allow":["GET"]}}],"collection":[{"href":"https:\/\/sgvaimudar.com.br\/index.php\/wp-json\/wp\/v2\/posts"}],"about":[{"href":"https:\/\/sgvaimudar.com.br\/index.php\/wp-json\/wp\/v2\/types\/post"}],"author":[{"embeddable":true,"href":"https:\/\/sgvaimudar.com.br\/index.php\/wp-json\/wp\/v2\/users\/5"}],"replies":[{"embeddable":true,"href":"https:\/\/sgvaimudar.com.br\/index.php\/wp-json\/wp\/v2\/comments?post=29775"}],"version-history":[{"count":1,"href":"https:\/\/sgvaimudar.com.br\/index.php\/wp-json\/wp\/v2\/posts\/29775\/revisions"}],"predecessor-version":[{"id":29778,"href":"https:\/\/sgvaimudar.com.br\/index.php\/wp-json\/wp\/v2\/posts\/29775\/revisions\/29778"}],"wp:featuredmedia":[{"embeddable":true,"href":"https:\/\/sgvaimudar.com.br\/index.php\/wp-json\/wp\/v2\/media\/29776"}],"wp:attachment":[{"href":"https:\/\/sgvaimudar.com.br\/index.php\/wp-json\/wp\/v2\/media?parent=29775"}],"wp:term":[{"taxonomy":"category","embeddable":true,"href":"https:\/\/sgvaimudar.com.br\/index.php\/wp-json\/wp\/v2\/categories?post=29775"},{"taxonomy":"post_tag","embeddable":true,"href":"https:\/\/sgvaimudar.com.br\/index.php\/wp-json\/wp\/v2\/tags?post=29775"}],"curies":[{"name":"wp","href":"https:\/\/api.w.org\/{rel}","templated":true}]}}