{"id":29771,"date":"2025-08-22T09:59:00","date_gmt":"2025-08-22T12:59:00","guid":{"rendered":"https:\/\/sgvaimudar.com.br\/?p=29771"},"modified":"2025-08-22T10:22:34","modified_gmt":"2025-08-22T13:22:34","slug":"trio-e-preso-por-trafico-de-drogas-durante-operacao-do-gat-na-venda-da-cruz-em-sao-goncalo","status":"publish","type":"post","link":"https:\/\/sgvaimudar.com.br\/index.php\/2025\/08\/22\/trio-e-preso-por-trafico-de-drogas-durante-operacao-do-gat-na-venda-da-cruz-em-sao-goncalo\/","title":{"rendered":"Trio \u00e9 preso por tr\u00e1fico de drogas durante opera\u00e7\u00e3o do GAT na Venda da Cruz, em S\u00e3o Gon\u00e7alo"},"content":{"rendered":"\n<p><em>A a\u00e7\u00e3o resultou na apreens\u00e3o de&nbsp;uma arma de fogo, muni\u00e7\u00f5es, r\u00e1dios transmissores e entorpecentes<\/em><\/p>\n\n\n\n<p>Tr\u00eas homens foram presos na manh\u00e3 desta sexta-feira (22\/08) por envolvimento com o\u00a0tr\u00e1fico de drogas no bairro\u00a0Venda da Cruz, em S\u00e3o Gon\u00e7alo. A a\u00e7\u00e3o foi conduzida por policiais do\u00a0Grupamento de A\u00e7\u00f5es T\u00e1ticas (GAT) 2\u00b0 CIA\u00a0do\u00a07\u00ba BPM (S\u00e3o Gon\u00e7alo)\u00a0e resultou na apreens\u00e3o de\u00a0uma arma de fogo, muni\u00e7\u00f5es, r\u00e1dios transmissores e entorpecentes.<\/p>\n\n\n\n<p>Segundo informa\u00e7\u00f5es da Pol\u00edcia Militar, as pris\u00f5es aconteceram logo cedo, \u00e0s 6h da manh\u00e3, quando os policiais faziam um refor\u00e7o no patrulhamento na Travessa Angelina que diariamente sofre com a pr\u00e1tica de roubos a transeuntes, de carga, de motocicletas, vans, ve\u00edculos e coletivos.<\/p>\n\n\n\n<p>De acordo com a PM, uma guarni\u00e7\u00e3o estava no bairro da Venda da Cruz, no acesso a Comunidade da Hortina, quando observou criminosos em atitude suspeita, possivelmente envolvidos na pr\u00e1tica de venda de entorpecentes. <\/p>\n\n\n\n<p>Ao notarem a aproxima\u00e7\u00e3o da viatura os bandidos fugiram em dire\u00e7\u00e3o ao interior da comunidade. De imediato, a equipe realizou cerco t\u00e1tico e&nbsp;ap\u00f3s vasculhamento no terreno, a guarni\u00e7\u00e3o arrecadou um rev\u00f3lver calibre .38, quatro r\u00e1dios transmissores e um vasto material entorpecente que at\u00e9 o fechamento desta mat\u00e9ria n\u00e3o havia sido contabilizado. <\/p>\n\n\n\n<p>Entre os tr\u00eas acusados um foi identificado como Levy Silveira de Azevedo, de 24 anos, e os outros dois s\u00e3o adolescentes um de 14 anos e um outro de 16 anos.  Eles foram conduzidos para a 73\u00baDP (Neves) e permaneceram presos, segundo a PM.<\/p>\n\n\n\n<p>A pol\u00edcia ressaltou ainda que durante toda a a\u00e7\u00e3o ningu\u00e9m ficou ferido.<\/p>\n\n\n\n<p><strong><em>Fa\u00e7a sua den\u00fancia pelo nosso WhatsApp: (21) <\/em><\/strong><strong><em>99744 5345<\/em><\/strong><strong><em><\/em><\/strong><\/p>\n\n\n\n<p><strong><em>S\u00e3o Gon\u00e7alo vai mudar: Not\u00edcias de S\u00e3o Gon\u00e7alo e toda regi\u00e3o.<\/em><\/strong><\/p>\n\n\n\n<figure class=\"wp-block-image size-large\"><img fetchpriority=\"high\" decoding=\"async\" width=\"1024\" height=\"252\" src=\"https:\/\/sgvaimudar.com.br\/wp-content\/uploads\/2025\/03\/Anuncie-Aqui-Sao-Goncalo-vai-mudar-1024x252.jpg\" alt=\"\" class=\"wp-image-22693\" srcset=\"https:\/\/sgvaimudar.com.br\/wp-content\/uploads\/2025\/03\/Anuncie-Aqui-Sao-Goncalo-vai-mudar-1024x252.jpg 1024w, https:\/\/sgvaimudar.com.br\/wp-content\/uploads\/2025\/03\/Anuncie-Aqui-Sao-Goncalo-vai-mudar-300x74.jpg 300w, https:\/\/sgvaimudar.com.br\/wp-content\/uploads\/2025\/03\/Anuncie-Aqui-Sao-Goncalo-vai-mudar-768x189.jpg 768w, https:\/\/sgvaimudar.com.br\/wp-content\/uploads\/2025\/03\/Anuncie-Aqui-Sao-Goncalo-vai-mudar-1536x378.jpg 1536w, https:\/\/sgvaimudar.com.br\/wp-content\/uploads\/2025\/03\/Anuncie-Aqui-Sao-Goncalo-vai-mudar-2048x504.jpg 2048w\" sizes=\"(max-width: 1024px) 100vw, 1024px\" \/><\/figure>\n\n\n\n<p> <\/p>\n","protected":false},"excerpt":{"rendered":"<p>A a\u00e7\u00e3o resultou na apreens\u00e3o de&nbsp;uma arma de fogo, muni\u00e7\u00f5es, r\u00e1dios transmissores e entorpecentes Tr\u00eas homens foram presos na manh\u00e3&hellip;<\/p>\n","protected":false},"author":5,"featured_media":29772,"comment_status":"open","ping_status":"open","sticky":false,"template":"","format":"standard","meta":{"fifu_image_url":"","fifu_image_alt":"","footnotes":""},"categories":[32],"tags":[39,41,40,47,75],"class_list":["post-29771","post","type-post","status-publish","format-standard","has-post-thumbnail","hentry","category-casos-de-policia","tag-ataque","tag-conflito","tag-guerra","tag-rj","tag-sao-goncalo"],"_links":{"self":[{"href":"https:\/\/sgvaimudar.com.br\/index.php\/wp-json\/wp\/v2\/posts\/29771","targetHints":{"allow":["GET"]}}],"collection":[{"href":"https:\/\/sgvaimudar.com.br\/index.php\/wp-json\/wp\/v2\/posts"}],"about":[{"href":"https:\/\/sgvaimudar.com.br\/index.php\/wp-json\/wp\/v2\/types\/post"}],"author":[{"embeddable":true,"href":"https:\/\/sgvaimudar.com.br\/index.php\/wp-json\/wp\/v2\/users\/5"}],"replies":[{"embeddable":true,"href":"https:\/\/sgvaimudar.com.br\/index.php\/wp-json\/wp\/v2\/comments?post=29771"}],"version-history":[{"count":3,"href":"https:\/\/sgvaimudar.com.br\/index.php\/wp-json\/wp\/v2\/posts\/29771\/revisions"}],"predecessor-version":[{"id":29789,"href":"https:\/\/sgvaimudar.com.br\/index.php\/wp-json\/wp\/v2\/posts\/29771\/revisions\/29789"}],"wp:featuredmedia":[{"embeddable":true,"href":"https:\/\/sgvaimudar.com.br\/index.php\/wp-json\/wp\/v2\/media\/29772"}],"wp:attachment":[{"href":"https:\/\/sgvaimudar.com.br\/index.php\/wp-json\/wp\/v2\/media?parent=29771"}],"wp:term":[{"taxonomy":"category","embeddable":true,"href":"https:\/\/sgvaimudar.com.br\/index.php\/wp-json\/wp\/v2\/categories?post=29771"},{"taxonomy":"post_tag","embeddable":true,"href":"https:\/\/sgvaimudar.com.br\/index.php\/wp-json\/wp\/v2\/tags?post=29771"}],"curies":[{"name":"wp","href":"https:\/\/api.w.org\/{rel}","templated":true}]}}