{"id":29767,"date":"2025-08-22T08:59:00","date_gmt":"2025-08-22T11:59:00","guid":{"rendered":"https:\/\/sgvaimudar.com.br\/?p=29767"},"modified":"2025-08-22T08:32:40","modified_gmt":"2025-08-22T11:32:40","slug":"12obpm-prende-homem-no-centro-de-niteroi-foragido-de-sao-paulo-por-estupro-video","status":"publish","type":"post","link":"https:\/\/sgvaimudar.com.br\/index.php\/2025\/08\/22\/12obpm-prende-homem-no-centro-de-niteroi-foragido-de-sao-paulo-por-estupro-video\/","title":{"rendered":"12\u00baBPM prende homem no Centro de Niter\u00f3i foragido de S\u00e3o Paulo por estupro; V\u00eddeo"},"content":{"rendered":"\n<p><em>Raphael Cardoso Da Silva, de 38 anos foi encaminhado para a 76\u00baDP <\/em><\/p>\n\n\n\n<p>O 12\u00ba Batalh\u00e3o de Pol\u00edcia Militar, prendeu, na madrugada desta sexta-feira (22\/08), no Centro de Niter\u00f3i, um homem identificado como Raphael Cardoso Da Silva, de 38 anos, foragido da Justi\u00e7a por estupro. A pr\u00e1tica do crime teria ocorrido em S\u00e3o Paulo.<\/p>\n\n\n\n<p>Segundo a Pol\u00edcia Militar, durante patrulhamento na Rua da Concei\u00e7\u00e3o os agentes desconfiaram de um ve\u00edculo Chevrolet Celta, cor prata, placa AXL1I20, que se encontrava estacionado na via p\u00fablica com a porta aberta. <\/p>\n\n\n\n<figure class=\"wp-block-video\"><video height=\"832\" style=\"aspect-ratio: 464 \/ 832;\" width=\"464\" controls src=\"https:\/\/sgvaimudar.com.br\/wp-content\/uploads\/2025\/08\/WhatsApp-Video-2025-08-22-at-07.47.11.mp4\"><\/video><\/figure>\n\n\n\n<p>Ao se aproximarem os policiais constataram a presen\u00e7a de alguns moradores em situa\u00e7\u00e3o de rua e durante a abordagem, no momento da verifica\u00e7\u00e3o da identidade de Raphael, que era propriet\u00e1rio do ve\u00edculo, os militares constataram a exist\u00eancia de um mandado de pris\u00e3o em seu desfavor, expedido pela 1\u00aa Vara Cumulativa de Mairinque, do Tribunal de Justi\u00e7a do Estado de S\u00e3o Paulo.<\/p>\n\n\n\n<p>Na a\u00e7\u00e3o, a guarni\u00e7\u00e3o procedeu \u00e0 76\u00aa DP (Centro), onde a ocorr\u00eancia foi apresentada, ficando o ve\u00edculo apreendido e o acusado preso \u00e0 disposi\u00e7\u00e3o da Justi\u00e7a.<\/p>\n\n\n\n<p><strong><em>Fa\u00e7a sua den\u00fancia pelo nosso WhatsApp: (21) <\/em><\/strong><strong><em>99744 5345<\/em><\/strong><strong><em><\/em><\/strong><\/p>\n\n\n\n<p><strong><em>S\u00e3o Gon\u00e7alo vai mudar: Not\u00edcias de S\u00e3o Gon\u00e7alo e toda regi\u00e3o.<\/em><\/strong><\/p>\n\n\n\n<figure class=\"wp-block-image size-large\"><img fetchpriority=\"high\" decoding=\"async\" width=\"1024\" height=\"252\" src=\"https:\/\/sgvaimudar.com.br\/wp-content\/uploads\/2025\/03\/Anuncie-Aqui-Sao-Goncalo-vai-mudar-1024x252.jpg\" alt=\"\" class=\"wp-image-22693\" srcset=\"https:\/\/sgvaimudar.com.br\/wp-content\/uploads\/2025\/03\/Anuncie-Aqui-Sao-Goncalo-vai-mudar-1024x252.jpg 1024w, https:\/\/sgvaimudar.com.br\/wp-content\/uploads\/2025\/03\/Anuncie-Aqui-Sao-Goncalo-vai-mudar-300x74.jpg 300w, https:\/\/sgvaimudar.com.br\/wp-content\/uploads\/2025\/03\/Anuncie-Aqui-Sao-Goncalo-vai-mudar-768x189.jpg 768w, https:\/\/sgvaimudar.com.br\/wp-content\/uploads\/2025\/03\/Anuncie-Aqui-Sao-Goncalo-vai-mudar-1536x378.jpg 1536w, https:\/\/sgvaimudar.com.br\/wp-content\/uploads\/2025\/03\/Anuncie-Aqui-Sao-Goncalo-vai-mudar-2048x504.jpg 2048w\" sizes=\"(max-width: 1024px) 100vw, 1024px\" \/><\/figure>\n","protected":false},"excerpt":{"rendered":"<p>Raphael Cardoso Da Silva, de 38 anos foi encaminhado para a 76\u00baDP O 12\u00ba Batalh\u00e3o de Pol\u00edcia Militar, prendeu, na&hellip;<\/p>\n","protected":false},"author":5,"featured_media":29769,"comment_status":"open","ping_status":"open","sticky":false,"template":"","format":"standard","meta":{"fifu_image_url":"","fifu_image_alt":"","footnotes":""},"categories":[32],"tags":[39,41,47],"class_list":["post-29767","post","type-post","status-publish","format-standard","has-post-thumbnail","hentry","category-casos-de-policia","tag-ataque","tag-conflito","tag-rj"],"_links":{"self":[{"href":"https:\/\/sgvaimudar.com.br\/index.php\/wp-json\/wp\/v2\/posts\/29767","targetHints":{"allow":["GET"]}}],"collection":[{"href":"https:\/\/sgvaimudar.com.br\/index.php\/wp-json\/wp\/v2\/posts"}],"about":[{"href":"https:\/\/sgvaimudar.com.br\/index.php\/wp-json\/wp\/v2\/types\/post"}],"author":[{"embeddable":true,"href":"https:\/\/sgvaimudar.com.br\/index.php\/wp-json\/wp\/v2\/users\/5"}],"replies":[{"embeddable":true,"href":"https:\/\/sgvaimudar.com.br\/index.php\/wp-json\/wp\/v2\/comments?post=29767"}],"version-history":[{"count":1,"href":"https:\/\/sgvaimudar.com.br\/index.php\/wp-json\/wp\/v2\/posts\/29767\/revisions"}],"predecessor-version":[{"id":29770,"href":"https:\/\/sgvaimudar.com.br\/index.php\/wp-json\/wp\/v2\/posts\/29767\/revisions\/29770"}],"wp:featuredmedia":[{"embeddable":true,"href":"https:\/\/sgvaimudar.com.br\/index.php\/wp-json\/wp\/v2\/media\/29769"}],"wp:attachment":[{"href":"https:\/\/sgvaimudar.com.br\/index.php\/wp-json\/wp\/v2\/media?parent=29767"}],"wp:term":[{"taxonomy":"category","embeddable":true,"href":"https:\/\/sgvaimudar.com.br\/index.php\/wp-json\/wp\/v2\/categories?post=29767"},{"taxonomy":"post_tag","embeddable":true,"href":"https:\/\/sgvaimudar.com.br\/index.php\/wp-json\/wp\/v2\/tags?post=29767"}],"curies":[{"name":"wp","href":"https:\/\/api.w.org\/{rel}","templated":true}]}}