{"id":29759,"date":"2025-08-22T09:00:00","date_gmt":"2025-08-22T12:00:00","guid":{"rendered":"https:\/\/sgvaimudar.com.br\/?p=29759"},"modified":"2025-08-22T07:39:41","modified_gmt":"2025-08-22T10:39:41","slug":"projeto-meu-ambiente-ensina-sobre-a-importancia-da-conservacao-da-natureza-para-alunos-do-ciep-411","status":"publish","type":"post","link":"https:\/\/sgvaimudar.com.br\/index.php\/2025\/08\/22\/projeto-meu-ambiente-ensina-sobre-a-importancia-da-conservacao-da-natureza-para-alunos-do-ciep-411\/","title":{"rendered":"Projeto Meu Ambiente ensina sobre a import\u00e2ncia da conserva\u00e7\u00e3o da natureza para alunos do Ciep 411"},"content":{"rendered":"\n<p><em>Atividade foi realizada em parceria com representantes do Projeto Estudo Vivo<\/em><\/p>\n\n\n\n<p>Mais de 20 alunos do 4\u00b0 ano do Ensino Fundamental do Ciep 411 Municipalizado Dr. Armando Le\u00e3o Ferreira, no Engenho Pequeno, no munic\u00edpio de S\u00e3o Gon\u00e7alo, participaram de uma aula que falava sobre a import\u00e2ncia de conservar a fauna e a flora. A atividade, realizada pelo projeto Meu Ambiente em parceria com o Estudo Vivo, fez alus\u00e3o ao Dia Mundial da Conserva\u00e7\u00e3o da Natureza.<\/p>\n\n\n\n<p>Durante a din\u00e2mica, Lorena Ramos e Tha\u00eds Sousa, do Estudo Vivo, explicaram aos alunos sobre a import\u00e2ncia de preservar a natureza, o trabalho de resgate realizado pela Guarda Ambiental, o trabalho de recupera\u00e7\u00e3o de animais silvestres feridos feitos na \u00c1rea de Soltura de Animais Silvestres (ASAS) e a import\u00e2ncia das \u00c1reas de Prote\u00e7\u00e3o Ambiental (APAs) do munic\u00edpio, com destaque para a APA do Engenho Pequeno, que fica pr\u00f3xima \u00e0 unidade de ensino. Depois disso, foi realizado um quiz com os alunos sobre os ensinamentos aprendidos.<\/p>\n\n\n\n<figure class=\"wp-block-image size-full\"><img fetchpriority=\"high\" decoding=\"async\" width=\"1024\" height=\"681\" src=\"https:\/\/sgvaimudar.com.br\/wp-content\/uploads\/2025\/08\/unnamed-4-14.jpg\" alt=\"\" class=\"wp-image-29761\" srcset=\"https:\/\/sgvaimudar.com.br\/wp-content\/uploads\/2025\/08\/unnamed-4-14.jpg 1024w, https:\/\/sgvaimudar.com.br\/wp-content\/uploads\/2025\/08\/unnamed-4-14-300x200.jpg 300w, https:\/\/sgvaimudar.com.br\/wp-content\/uploads\/2025\/08\/unnamed-4-14-768x511.jpg 768w\" sizes=\"(max-width: 1024px) 100vw, 1024px\" \/><\/figure>\n\n\n\n<p>&#8220;Essa aula \u00e9 focada na educa\u00e7\u00e3o ambiental. A presen\u00e7a das meninas do Estudo Vivo deixa claro a interdisciplinaridade do trabalho desenvolvido pela Secretaria de Meio Ambiente e Transportes da Prefeitura de S\u00e3o Gon\u00e7alo. Atuamos em diversas frentes, com a ASAS, as APAs, plantios de mudas, os resgates de animais silvestres e outros. Ensinar isso nas unidades de ensino e para as nossas crian\u00e7as \u00e9 essencial, j\u00e1 que elas ir\u00e3o compor a pr\u00f3xima gera\u00e7\u00e3o&#8221;, disse o secret\u00e1rio de Meio Ambiente e Transportes, F\u00e1bio Lemos.<\/p>\n\n\n\n<p>&#8220;A nossa inten\u00e7\u00e3o \u00e9 fazer com que os alunos entendam o munic\u00edpio que eles moram, a APA pr\u00f3xima e tenham o sentimento de pertencimento e de conserva\u00e7\u00e3o. \u00c9 importante que a comunidade entenda a import\u00e2ncia de se preservar a natureza. Ter as meninas do Estudo Vivo presentes complementa o trabalho que realizamos nas escolas&#8221;, disse a educadora ambiental, Glauce Batista Junior.<\/p>\n\n\n\n<p>O Projeto \u201cMeu Ambiente\u201d refor\u00e7a o compromisso da Secretaria de Meio Ambiente e Transportes, em parceria com a Secretaria de Educa\u00e7\u00e3o, em levar \u00e0s escolas p\u00fablicas de S\u00e3o Gon\u00e7alo pr\u00e1ticas educativas que valorizem a sustentabilidade e a preserva\u00e7\u00e3o ambiental, preparando as novas gera\u00e7\u00f5es para cuidarem do meio em que vivem. <\/p>\n\n\n\n<p>A a\u00e7\u00e3o tamb\u00e9m est\u00e1 integrada ao Programa Municipal de Educa\u00e7\u00e3o Ambiental (ProMEA S\u00e3o Gon\u00e7alo), incentivando atividades permanentes nas escolas p\u00fablicas do munic\u00edpio, com \u00eanfase em sustentabilidade, educa\u00e7\u00e3o ambiental e forma\u00e7\u00e3o cidad\u00e3.<\/p>\n\n\n\n<p>J\u00e1 o Estudo Vivo \u00e9 um projeto da Secretaria de Meio Ambiente e Transportes da Prefeitura de S\u00e3o Gon\u00e7alo, que promove atividades pr\u00e1ticas educativas relacionadas \u00e0 biodiversidade e conserva\u00e7\u00e3o do meio ambiente, com o objetivo de garantir conhecimentos sobre sustentabilidade e de estimular a conscientiza\u00e7\u00e3o ambiental.<\/p>\n\n\n\n<p>Para Camila Gon\u00e7alves, diretora do Ciep 411, a\u00e7\u00f5es como essas s\u00e3o essenciais para a educa\u00e7\u00e3o das crian\u00e7as.<\/p>\n\n\n\n<p>&#8220;\u00c9 de extrema import\u00e2ncia! Estamos em uma escola na qual a natureza prevalece. A parceria do projeto com o professor, trabalhando a mesma mat\u00e9ria e conte\u00fado, levando a crian\u00e7a a valorizar o que temos no nosso redor, \u00e9 v\u00e1lido e proveitoso&#8221;, disse a diretora.<\/p>\n\n\n\n<p>Jo\u00e3o Gabriel Lima de Souza, de 9 anos, \u00e9 um dos alunos do 4\u00b0 ano que participou da atividade.<\/p>\n\n\n\n<p>&#8220;Acho a aula incr\u00edvel! N\u00e3o tinha visto muitos animais que foram mostrados aqui e adorei ver eles de perto pelos vidrinhos, conservados. N\u00e3o conhecia a APA tamb\u00e9m. Agora, vou chegar em casa e contar para os meus pais sobre isso&#8221;, disse o aluno.<\/p>\n\n\n\n<p><em>Fotos: Julio Diniz<\/em><\/p>\n\n\n\n<p><strong><em>S\u00e3o Gon\u00e7alo vai mudar: Not\u00edcias de S\u00e3o Gon\u00e7alo e toda regi\u00e3o.<\/em><\/strong><\/p>\n\n\n\n<figure class=\"wp-block-image size-large\"><img decoding=\"async\" width=\"1024\" height=\"252\" src=\"https:\/\/sgvaimudar.com.br\/wp-content\/uploads\/2025\/03\/Anuncie-Aqui-Sao-Goncalo-vai-mudar-1024x252.jpg\" alt=\"\" class=\"wp-image-22693\" srcset=\"https:\/\/sgvaimudar.com.br\/wp-content\/uploads\/2025\/03\/Anuncie-Aqui-Sao-Goncalo-vai-mudar-1024x252.jpg 1024w, https:\/\/sgvaimudar.com.br\/wp-content\/uploads\/2025\/03\/Anuncie-Aqui-Sao-Goncalo-vai-mudar-300x74.jpg 300w, https:\/\/sgvaimudar.com.br\/wp-content\/uploads\/2025\/03\/Anuncie-Aqui-Sao-Goncalo-vai-mudar-768x189.jpg 768w, https:\/\/sgvaimudar.com.br\/wp-content\/uploads\/2025\/03\/Anuncie-Aqui-Sao-Goncalo-vai-mudar-1536x378.jpg 1536w, https:\/\/sgvaimudar.com.br\/wp-content\/uploads\/2025\/03\/Anuncie-Aqui-Sao-Goncalo-vai-mudar-2048x504.jpg 2048w\" sizes=\"(max-width: 1024px) 100vw, 1024px\" \/><\/figure>\n","protected":false},"excerpt":{"rendered":"<p>Atividade foi realizada em parceria com representantes do Projeto Estudo Vivo Mais de 20 alunos do 4\u00b0 ano do Ensino&hellip;<\/p>\n","protected":false},"author":5,"featured_media":29760,"comment_status":"open","ping_status":"open","sticky":false,"template":"","format":"standard","meta":{"fifu_image_url":"","fifu_image_alt":"","footnotes":""},"categories":[3],"tags":[47,75],"class_list":["post-29759","post","type-post","status-publish","format-standard","has-post-thumbnail","hentry","category-sao-goncalo","tag-rj","tag-sao-goncalo"],"_links":{"self":[{"href":"https:\/\/sgvaimudar.com.br\/index.php\/wp-json\/wp\/v2\/posts\/29759","targetHints":{"allow":["GET"]}}],"collection":[{"href":"https:\/\/sgvaimudar.com.br\/index.php\/wp-json\/wp\/v2\/posts"}],"about":[{"href":"https:\/\/sgvaimudar.com.br\/index.php\/wp-json\/wp\/v2\/types\/post"}],"author":[{"embeddable":true,"href":"https:\/\/sgvaimudar.com.br\/index.php\/wp-json\/wp\/v2\/users\/5"}],"replies":[{"embeddable":true,"href":"https:\/\/sgvaimudar.com.br\/index.php\/wp-json\/wp\/v2\/comments?post=29759"}],"version-history":[{"count":1,"href":"https:\/\/sgvaimudar.com.br\/index.php\/wp-json\/wp\/v2\/posts\/29759\/revisions"}],"predecessor-version":[{"id":29762,"href":"https:\/\/sgvaimudar.com.br\/index.php\/wp-json\/wp\/v2\/posts\/29759\/revisions\/29762"}],"wp:featuredmedia":[{"embeddable":true,"href":"https:\/\/sgvaimudar.com.br\/index.php\/wp-json\/wp\/v2\/media\/29760"}],"wp:attachment":[{"href":"https:\/\/sgvaimudar.com.br\/index.php\/wp-json\/wp\/v2\/media?parent=29759"}],"wp:term":[{"taxonomy":"category","embeddable":true,"href":"https:\/\/sgvaimudar.com.br\/index.php\/wp-json\/wp\/v2\/categories?post=29759"},{"taxonomy":"post_tag","embeddable":true,"href":"https:\/\/sgvaimudar.com.br\/index.php\/wp-json\/wp\/v2\/tags?post=29759"}],"curies":[{"name":"wp","href":"https:\/\/api.w.org\/{rel}","templated":true}]}}