{"id":29734,"date":"2025-08-21T15:00:00","date_gmt":"2025-08-21T18:00:00","guid":{"rendered":"https:\/\/sgvaimudar.com.br\/?p=29734"},"modified":"2025-08-21T10:10:01","modified_gmt":"2025-08-21T13:10:01","slug":"pastor-silas-malafaia-e-alvo-de-busca-e-apreensao-pela-policia-federal","status":"publish","type":"post","link":"https:\/\/sgvaimudar.com.br\/index.php\/2025\/08\/21\/pastor-silas-malafaia-e-alvo-de-busca-e-apreensao-pela-policia-federal\/","title":{"rendered":"Pastor Silas Malafaia \u00e9 alvo de busca e apreens\u00e3o pela Pol\u00edcia Federal"},"content":{"rendered":"\n<p><em>Pastor teve celular apreendido pela PF e n\u00e3o pode deixar o pa\u00eds<\/em><\/p>\n\n\n\n<p>O pastor Silas Malafaia, ap\u00f3s ser alvo de busca e apreens\u00e3o pela Pol\u00edcia Federal (PF),\u00a0fez uma s\u00e9rie de cr\u00edticas ao ministro Alexandre de Moraes, a quem chamou de \u201ccriminoso\u201d e \u201cditador\u201d. Ele\u00a0se defendeu das acusa\u00e7\u00f5es de ser orientador do ex-presidente Jair Bolsonaro e do deputado Eduardo Bolsonaro (PL-SP).\u00a0<\/p>\n\n\n\n<p>\u201cEu converso com amigos (&#8230;) Quem sou eu para orientar o Eduardo Bolsonaro?\u201d, questionou ao ser abordado pela imprensa na noite desta quarta-feira (20).\u00a0<\/p>\n\n\n\n<p>Ele criticou a acusa\u00e7\u00e3o que gerou as medidas cautelares. \u201cEu sou um l\u00edder religioso. Eu n\u00e3o sou um bandido nem um moleque\u201d, afirmou.\u00a0<\/p>\n\n\n\n<p>Para Malafaia, Moraes estabeleceu um \u201ccrime de opini\u00e3o no Estado Democr\u00e1tico de Direito\u201d. \u201cOnde \u00e9 que voc\u00ea \u00e9 proibido de conversar com algu\u00e9m? Que pa\u00eds \u00e9 esse? Que democracia \u00e9 essa?\u201d.<\/p>\n\n\n\n<p>Ele disse que n\u00e3o tem medo de ditadores.<\/p>\n\n\n\n<p>\u201cAt\u00e9 meus cadernos de mensagem foram apreendidos. E eu anoto as minhas mensagens, escrevo mensagens da B\u00edblia. Isso \u00e9 uma vergonha\u201d.<\/p>\n\n\n\n<p>O\u00a0pastor ainda falou\u00a0em convocar atos para o dia\u00a0 7 de setembro em protesto \u00e0s decis\u00f5es do ministro. \u201cAlexandre de Moraes tem que tomar um<em>\u00a0impeachment<\/em>, ser julgado e preso&#8221;.<\/p>\n\n\n\n<p>O ministro Alexandre de Moraes, do Supremo Tribunal Federal (STF), determinou nesta quarta-feira (20) a realiza\u00e7\u00e3o de busca e apreens\u00e3o contra o pastor Silas Malafaia, um dos apoiadores do ex-presidente Jair Bolsonaro.<\/p>\n\n\n\n<p>De acordo com a Pol\u00edcia Federal (PF), a medida foi cumprida no Aeroporto do Gale\u00e3o, no Rio de Janeiro.&nbsp;O pastor teve o celular apreendido.<\/p>\n\n\n\n<p>Na decis\u00e3o, o ministro cita que,\u00a0segundo a Procuradoria-Geral da Rep\u00fablica, o\u00a0pastor\u00a0teria agido como \u201corientador \u00a0e auxiliar das a\u00e7\u00f5es de coa\u00e7\u00e3o\u201d promovidas pelo ex-presidente Jair Bolsonaro e pelo deputado federal Eduardo Bolsonaro (PL-SP).<\/p>\n\n\n\n<p>Pela decis\u00e3o de Moraes,\u00a0Malafaia est\u00e1 proibido de se ausentar do pa\u00eds e teve o cancelamento de passaportes. Ele deve entregar esses documentos em 24 horas.<\/p>\n\n\n\n<p>O\u00a0pastor ainda\u00a0est\u00e1\u00a0impedido de se comunicar com os demais investigados nas a\u00e7\u00f5es penais\u00a0relacionadas \u00e0 suposta tentativa de golpe de Estado.<\/p>\n\n\n\n<p><strong><em>S\u00e3o Gon\u00e7alo vai mudar: Not\u00edcias de S\u00e3o Gon\u00e7alo e toda regi\u00e3o.<\/em><\/strong><\/p>\n\n\n\n<figure class=\"wp-block-image size-large\"><img fetchpriority=\"high\" decoding=\"async\" width=\"1024\" height=\"252\" src=\"https:\/\/sgvaimudar.com.br\/wp-content\/uploads\/2025\/03\/Anuncie-Aqui-Sao-Goncalo-vai-mudar-1024x252.jpg\" alt=\"\" class=\"wp-image-22693\" srcset=\"https:\/\/sgvaimudar.com.br\/wp-content\/uploads\/2025\/03\/Anuncie-Aqui-Sao-Goncalo-vai-mudar-1024x252.jpg 1024w, https:\/\/sgvaimudar.com.br\/wp-content\/uploads\/2025\/03\/Anuncie-Aqui-Sao-Goncalo-vai-mudar-300x74.jpg 300w, https:\/\/sgvaimudar.com.br\/wp-content\/uploads\/2025\/03\/Anuncie-Aqui-Sao-Goncalo-vai-mudar-768x189.jpg 768w, https:\/\/sgvaimudar.com.br\/wp-content\/uploads\/2025\/03\/Anuncie-Aqui-Sao-Goncalo-vai-mudar-1536x378.jpg 1536w, https:\/\/sgvaimudar.com.br\/wp-content\/uploads\/2025\/03\/Anuncie-Aqui-Sao-Goncalo-vai-mudar-2048x504.jpg 2048w\" sizes=\"(max-width: 1024px) 100vw, 1024px\" \/><\/figure>\n\n\n\n<figure class=\"wp-block-image\"><img decoding=\"async\" src=\"https:\/\/agenciabrasil.ebc.com.br\/ebc.png?id=1655233&amp;o=node\" alt=\"\" \/><\/figure>\n\n\n\n<figure class=\"wp-block-image\"><img decoding=\"async\" src=\"https:\/\/agenciabrasil.ebc.com.br\/ebc.gif?id=1655233&amp;o=node\" alt=\"\" \/><\/figure>\n","protected":false},"excerpt":{"rendered":"<p>Pastor teve celular apreendido pela PF e n\u00e3o pode deixar o pa\u00eds O pastor Silas Malafaia, ap\u00f3s ser alvo de&hellip;<\/p>\n","protected":false},"author":5,"featured_media":29735,"comment_status":"open","ping_status":"open","sticky":false,"template":"","format":"standard","meta":{"fifu_image_url":"","fifu_image_alt":"","footnotes":""},"categories":[32],"tags":[],"class_list":["post-29734","post","type-post","status-publish","format-standard","has-post-thumbnail","hentry","category-casos-de-policia"],"_links":{"self":[{"href":"https:\/\/sgvaimudar.com.br\/index.php\/wp-json\/wp\/v2\/posts\/29734","targetHints":{"allow":["GET"]}}],"collection":[{"href":"https:\/\/sgvaimudar.com.br\/index.php\/wp-json\/wp\/v2\/posts"}],"about":[{"href":"https:\/\/sgvaimudar.com.br\/index.php\/wp-json\/wp\/v2\/types\/post"}],"author":[{"embeddable":true,"href":"https:\/\/sgvaimudar.com.br\/index.php\/wp-json\/wp\/v2\/users\/5"}],"replies":[{"embeddable":true,"href":"https:\/\/sgvaimudar.com.br\/index.php\/wp-json\/wp\/v2\/comments?post=29734"}],"version-history":[{"count":1,"href":"https:\/\/sgvaimudar.com.br\/index.php\/wp-json\/wp\/v2\/posts\/29734\/revisions"}],"predecessor-version":[{"id":29736,"href":"https:\/\/sgvaimudar.com.br\/index.php\/wp-json\/wp\/v2\/posts\/29734\/revisions\/29736"}],"wp:featuredmedia":[{"embeddable":true,"href":"https:\/\/sgvaimudar.com.br\/index.php\/wp-json\/wp\/v2\/media\/29735"}],"wp:attachment":[{"href":"https:\/\/sgvaimudar.com.br\/index.php\/wp-json\/wp\/v2\/media?parent=29734"}],"wp:term":[{"taxonomy":"category","embeddable":true,"href":"https:\/\/sgvaimudar.com.br\/index.php\/wp-json\/wp\/v2\/categories?post=29734"},{"taxonomy":"post_tag","embeddable":true,"href":"https:\/\/sgvaimudar.com.br\/index.php\/wp-json\/wp\/v2\/tags?post=29734"}],"curies":[{"name":"wp","href":"https:\/\/api.w.org\/{rel}","templated":true}]}}