{"id":29731,"date":"2025-08-21T14:00:00","date_gmt":"2025-08-21T17:00:00","guid":{"rendered":"https:\/\/sgvaimudar.com.br\/?p=29731"},"modified":"2025-08-21T10:00:00","modified_gmt":"2025-08-21T13:00:00","slug":"maricaenses-ganham-novo-periodo-de-acompanhamento-do-bolsa-familia-nas-unidades-de-saude","status":"publish","type":"post","link":"https:\/\/sgvaimudar.com.br\/index.php\/2025\/08\/21\/maricaenses-ganham-novo-periodo-de-acompanhamento-do-bolsa-familia-nas-unidades-de-saude\/","title":{"rendered":"Maricaenses ganham novo per\u00edodo de acompanhamento do Bolsa Fam\u00edlia nas Unidades de Sa\u00fade"},"content":{"rendered":"\n<p><em>Procedimento \u00e9 obrigat\u00f3rio e inclui o pr\u00e9-natal da gestante, a atualiza\u00e7\u00e3o da vacina\u00e7\u00e3o das crian\u00e7as, al\u00e9m do monitoramento do estado nutricional<br><\/em><br>A Prefeitura de Maric\u00e1, por meio da Secretaria de Sa\u00fade, deu in\u00edcio a mais um per\u00edodo de acompanhamento do Programa Bolsa Fam\u00edlia em todas as Unidades de Sa\u00fade da Fam\u00edlia (USF) do munic\u00edpio. A a\u00e7\u00e3o refor\u00e7a a import\u00e2ncia do cumprimento das condicionalidades do programa, fundamentais para garantir o acesso aos direitos sociais das fam\u00edlias benefici\u00e1rias.<\/p>\n\n\n\n<p>Para realizar o acompanhamento, os benefici\u00e1rios devem procurar a USF de refer\u00eancia, respons\u00e1vel pelo atendimento na regi\u00e3o onde residem. Entre as condicionalidades exigidas est\u00e3o o acompanhamento pr\u00e9-natal para gestantes, a atualiza\u00e7\u00e3o do calend\u00e1rio nacional de vacina\u00e7\u00e3o e o monitoramento do estado nutricional das crian\u00e7as menores de 7 anos.<\/p>\n\n\n\n<p>No \u00e2mbito da educa\u00e7\u00e3o, \u00e9 exigida frequ\u00eancia escolar m\u00ednima de 60% para crian\u00e7as de 4 a 5 anos, e de 75% para estudantes entre 6 e 18 anos incompletos que ainda n\u00e3o conclu\u00edram a educa\u00e7\u00e3o b\u00e1sica.<\/p>\n\n\n\n<p>Segundo o secret\u00e1rio de Sa\u00fade, Marcelo Velho, o acompanhamento nas unidades de sa\u00fade \u00e9 essencial para assegurar os direitos das fam\u00edlias atendidas pelo programa.<\/p>\n\n\n\n<p>\u201cO acompanhamento de sa\u00fade nas Unidades de Sa\u00fade da Fam\u00edlia \u00e9 fundamental para garantir que os benefici\u00e1rios do Bolsa Fam\u00edlia tenham seus direitos preservados. Essa a\u00e7\u00e3o fortalece a preven\u00e7\u00e3o, o cuidado cont\u00ednuo e assegura melhores condi\u00e7\u00f5es de vida para as fam\u00edlias. Convocamos todos os benefici\u00e1rios a procurarem a unidade mais pr\u00f3xima e manterem suas condicionalidades em dia\u201d, afirmou.<\/p>\n\n\n\n<p>A Prefeitura lembra que nas USFs \u00e9 realizado apenas o acompanhamento de sa\u00fade. Para informa\u00e7\u00f5es sobre cadastro e outras orienta\u00e7\u00f5es espec\u00edficas do Bolsa Fam\u00edlia, os benefici\u00e1rios devem procurar o Centro de Refer\u00eancia de Assist\u00eancia Social (CRAS) mais pr\u00f3ximo de sua resid\u00eancia.<\/p>\n\n\n\n<p><strong>Endere\u00e7os das Unidades de Sa\u00fade da Fam\u00edlia<br><\/strong><br>Segunda a sexta-feira:<\/p>\n\n\n\n<p>\u2013 USF Central: Rua Cl\u00edmaco Pereira, 241, Centro. (8h \u00e0s 19h)<br>\u2013 USF Jardim Atl\u00e2ntico: Rua 36 (esquina com a Rua 53), lote 01, quadra 206. (8h \u00e0s 19h)<br>\u2013 USF Marinel\u00e2ndia: Rua 09, quadra 15, Cordeirinho. (8h \u00e0s 17h)<br>\u2013 USF Ch\u00e1cara de Ino\u00e3: Rodovia Amaral Peixoto, km 16, ao lado do Polo Mania, Ino\u00e3. (8h \u00e0s 17h)<br>\u2013 USF Ino\u00e3 1: Rua Caio de Figueiredo (travessa CIEP), s\/n. (8h \u00e0s 17h)<br>\u2013 USF Ino\u00e3 2: Rodovia Amaral Peixoto, km 14 (ao lado do DPO). (8h \u00e0s 19h)<br>\u2013 USF Mumbuca: Rua Hip\u00f3lito de Abreu Rangel, s\/n. (8h \u00e0s 19h)<br>\u2013 USF Santa Paula: Estrada de Cassorotiba, s\/n. (8h \u00e0s 17h)<br>\u2013 USF Carlos Alberto Soares de Freitas: Rua 23, quadra 29, lote 06, Bosque Fundo, Ino\u00e3. (8h \u00e0s 17h).<br>\u2013 USF Carlos Marighella: Rua \u00c1ustria, s\/n\u00ba, condom\u00ednio MCMV de Itaipua\u00e7u. (8h \u00e0s 17h)<br>\u2013 USF Santa Rita: Rua 36, quadra 433 (esquina com Rua 83), Jardim Atl\u00e2ntico Leste, Itaipua\u00e7u. (8h \u00e0s 17h)<br>\u2013 USF Recanto: Rua Engenheiro Domingos Barbosa, s\/n, Itaipua\u00e7u. (8h \u00e0s 17h)<br>\u2013 USF S\u00e3o Jos\u00e9 1: Rua 18, s\/n, loteamento Jardim Ouro Mar. (8h \u00e0s 17h)<br>\u2013 USF S\u00e3o Jos\u00e9 2: Estrada da Cachoeira, s\/n. (8h \u00e0s 19h)<br>\u2013 USF Elenir Umbelino de Mello (Enfermeira Bill\u00fa): Rua Ary Spindola, quadra A, lote 352, Flamengo. (8h \u00e0s 17h)<br>\u2013 USF Itaipua\u00e7u (Barroco): Rua Get\u00falio Vargas (antiga Rua 2), lote 13, quadra 4, casa 2, Itaipua\u00e7u. (8h \u00e0s 17h)<br>\u2013 USF Bambu\u00ed: Avenida do Contorno, s\/n. (8h \u00e0s 17h)<br>\u2013 USF Retiro: Estrada do Retiro, s\/n. (8h \u00e0s 17h)<br>\u2013 USF Ponta Grossa: Rua Irineu Ferreira Pinto, s\/n. (8h \u00e0s 17h)<br>\u2013 USF Bairro da Amizade: Rua Eliete Rocha Santos (Rua 53), lote 31, quadra 91. (8h \u00e0s 17h)<br>\u2013 USF Guaratiba: Estrada Beira da Lagoa, s\/n. (8h \u00e0s 17h)<br>\u2013 USF Barra: Rua Ernani Manoel Soares (antiga Rua 04), lote 03, quadra 0, Divineia. (8h \u00e0s 17h)<br>\u2013 USF Espraiado: Rua Gualberto Batista de Macedo, s\/n. (8h \u00e0s 17h)<br>\u2013 USF Ubatiba: Avenida Niter\u00f3i, s\/n. (8h \u00e0s 17h)<br>\u2013 USF ACS Nathan da Silva Noronha Figueiredo (Saco das Flores): Rua 75 (esquina com a Rua 73), Saco das Flores. (8h \u00e0s 17h)<br>\u2013 USF Itaocaia Valley: Rua Tocantins, s\/n, pr\u00f3ximo \u00e0 Escola Municipal Rita Sampaio Cartaxo, Itaipua\u00e7u. (8h \u00e0s 17h)<br>\u2013 USF Ponta Negra: Estrada Um, s\/n, Ponta Negra. Pr\u00f3ximo \u00e0 Ponte Senador Paulo Duque. (8h \u00e0s 17h)<br>\u2013 USF Josefa Xavier Leal \u2013 S\u00e3o Bento da Lagoa: Rua Alcides Francisco da Cruz (esquina com a Rua Dezessete de Novembro), s\/n, loteamento Praia de Itaipua\u00e7u (8h \u00e0s 19h).<\/p>\n\n\n\n<p><strong><em>S\u00e3o Gon\u00e7alo vai mudar: Not\u00edcias de S\u00e3o Gon\u00e7alo e toda regi\u00e3o.<\/em><\/strong><\/p>\n\n\n\n<figure class=\"wp-block-image size-large\"><img fetchpriority=\"high\" decoding=\"async\" width=\"1024\" height=\"252\" src=\"https:\/\/sgvaimudar.com.br\/wp-content\/uploads\/2025\/03\/Anuncie-Aqui-Sao-Goncalo-vai-mudar-1024x252.jpg\" alt=\"\" class=\"wp-image-22693\" srcset=\"https:\/\/sgvaimudar.com.br\/wp-content\/uploads\/2025\/03\/Anuncie-Aqui-Sao-Goncalo-vai-mudar-1024x252.jpg 1024w, https:\/\/sgvaimudar.com.br\/wp-content\/uploads\/2025\/03\/Anuncie-Aqui-Sao-Goncalo-vai-mudar-300x74.jpg 300w, https:\/\/sgvaimudar.com.br\/wp-content\/uploads\/2025\/03\/Anuncie-Aqui-Sao-Goncalo-vai-mudar-768x189.jpg 768w, https:\/\/sgvaimudar.com.br\/wp-content\/uploads\/2025\/03\/Anuncie-Aqui-Sao-Goncalo-vai-mudar-1536x378.jpg 1536w, https:\/\/sgvaimudar.com.br\/wp-content\/uploads\/2025\/03\/Anuncie-Aqui-Sao-Goncalo-vai-mudar-2048x504.jpg 2048w\" sizes=\"(max-width: 1024px) 100vw, 1024px\" \/><\/figure>\n","protected":false},"excerpt":{"rendered":"<p>Procedimento \u00e9 obrigat\u00f3rio e inclui o pr\u00e9-natal da gestante, a atualiza\u00e7\u00e3o da vacina\u00e7\u00e3o das crian\u00e7as, al\u00e9m do monitoramento do estado&hellip;<\/p>\n","protected":false},"author":5,"featured_media":29732,"comment_status":"open","ping_status":"open","sticky":false,"template":"","format":"standard","meta":{"fifu_image_url":"","fifu_image_alt":"","footnotes":""},"categories":[7],"tags":[],"class_list":["post-29731","post","type-post","status-publish","format-standard","has-post-thumbnail","hentry","category-saude"],"_links":{"self":[{"href":"https:\/\/sgvaimudar.com.br\/index.php\/wp-json\/wp\/v2\/posts\/29731","targetHints":{"allow":["GET"]}}],"collection":[{"href":"https:\/\/sgvaimudar.com.br\/index.php\/wp-json\/wp\/v2\/posts"}],"about":[{"href":"https:\/\/sgvaimudar.com.br\/index.php\/wp-json\/wp\/v2\/types\/post"}],"author":[{"embeddable":true,"href":"https:\/\/sgvaimudar.com.br\/index.php\/wp-json\/wp\/v2\/users\/5"}],"replies":[{"embeddable":true,"href":"https:\/\/sgvaimudar.com.br\/index.php\/wp-json\/wp\/v2\/comments?post=29731"}],"version-history":[{"count":1,"href":"https:\/\/sgvaimudar.com.br\/index.php\/wp-json\/wp\/v2\/posts\/29731\/revisions"}],"predecessor-version":[{"id":29733,"href":"https:\/\/sgvaimudar.com.br\/index.php\/wp-json\/wp\/v2\/posts\/29731\/revisions\/29733"}],"wp:featuredmedia":[{"embeddable":true,"href":"https:\/\/sgvaimudar.com.br\/index.php\/wp-json\/wp\/v2\/media\/29732"}],"wp:attachment":[{"href":"https:\/\/sgvaimudar.com.br\/index.php\/wp-json\/wp\/v2\/media?parent=29731"}],"wp:term":[{"taxonomy":"category","embeddable":true,"href":"https:\/\/sgvaimudar.com.br\/index.php\/wp-json\/wp\/v2\/categories?post=29731"},{"taxonomy":"post_tag","embeddable":true,"href":"https:\/\/sgvaimudar.com.br\/index.php\/wp-json\/wp\/v2\/tags?post=29731"}],"curies":[{"name":"wp","href":"https:\/\/api.w.org\/{rel}","templated":true}]}}