{"id":29721,"date":"2025-08-21T12:00:00","date_gmt":"2025-08-21T15:00:00","guid":{"rendered":"https:\/\/sgvaimudar.com.br\/?p=29721"},"modified":"2025-08-21T09:42:10","modified_gmt":"2025-08-21T12:42:10","slug":"refis-2025-prefeitura-de-itaborai-leva-atendimento-aos-bairros-nos-fins-de-semana","status":"publish","type":"post","link":"https:\/\/sgvaimudar.com.br\/index.php\/2025\/08\/21\/refis-2025-prefeitura-de-itaborai-leva-atendimento-aos-bairros-nos-fins-de-semana\/","title":{"rendered":"Refis 2025: Prefeitura de Itabora\u00ed leva atendimento aos bairros nos fins de semana"},"content":{"rendered":"\n<p><em>A iniciativa garante descontos de at\u00e9 100% em juros e multas sobre tributos municipais, como IPTU, ISS e taxas<\/em><\/p>\n\n\n\n<p>A Prefeitura de Itabora\u00ed j\u00e1 deu in\u00edcio ao Programa de Incentivo \u00e0 Regulariza\u00e7\u00e3o Fiscal com a Fazenda P\u00fablica do Munic\u00edpio (REFIS 2025), que oferece condi\u00e7\u00f5es especiais para que contribuintes possam quitar seus d\u00e9bitos com o munic\u00edpio. <\/p>\n\n\n\n<p>O programa \u00e9 destinado a pessoas f\u00edsicas e jur\u00eddicas e contempla cr\u00e9ditos tribut\u00e1rios e n\u00e3o tribut\u00e1rios, inscritos ou n\u00e3o em D\u00edvida Ativa. Podem aderir ao Refis inclusive os cr\u00e9ditos que n\u00e3o estejam inscritos em D\u00edvida Ativa, independentemente do valor. Ficam exclu\u00eddos, entretanto, os d\u00e9bitos j\u00e1 inscritos em D\u00edvida Ativa ou em Execu\u00e7\u00e3o Fiscal cujo valor individual por Certid\u00e3o de D\u00edvida Ativa (CDA) ou execu\u00e7\u00e3o seja superior a R$300 mil.<\/p>\n\n\n\n<p>Al\u00e9m dos postos fixos, a Prefeitura promover\u00e1 atendimentos volantes, que ser\u00e3o divulgados semanalmente. Nos pr\u00f3ximos dois s\u00e1bados, dias 23 e 30 de agosto, as equipes estar\u00e3o na Escola Municipal Professora Cec\u00edlia Augusta dos Santos, no bairro Outeiro das Pedras, das 8h \u00e0s 14h. A ades\u00e3o tamb\u00e9m pode ser feita de forma online, pelo site ConnectIA, dispon\u00edvel no Portal oficial da Prefeitura de Itabora\u00ed, com envio digital da documenta\u00e7\u00e3o e suporte remoto.<\/p>\n\n\n\n<p>As condi\u00e7\u00f5es de pagamento s\u00e3o: 100% de desconto para quita\u00e7\u00e3o \u00e0 vista ou em at\u00e9 duas parcelas; 75% para parcelamentos entre tr\u00eas e seis vezes; 50% para parcelamentos entre sete e 12 vezes; e 25% para parcelamentos de 13 a 18 vezes.<\/p>\n\n\n\n<p>Para garantir efici\u00eancia no servi\u00e7o prestado em modo presencial, o contribuinte dever\u00e1 apresentar documento de identidade (RG); CPF e comprovante de resid\u00eancia atualizado. Vale destacar que nesta modalidade de atendimento ser\u00e3o distribu\u00eddas senhas, e as equipes estar\u00e3o dispon\u00edveis para orientar os contribuintes e esclarecer d\u00favidas sobre os descontos e parcelamentos.<\/p>\n\n\n\n<p>O secret\u00e1rio municipal de Fazenda, Santiago Fontes, destacou a import\u00e2ncia da iniciativa.<\/p>\n\n\n\n<p>\u201cO REFIS 2025 \u00e9 uma grande oportunidade para que o contribuinte regularize sua situa\u00e7\u00e3o de forma r\u00e1pida e pr\u00e1tica, aproveitando condi\u00e7\u00f5es especiais de desconto. Nosso objetivo \u00e9 facilitar esse processo, seja no atendimento presencial ou online, para que todos possam ficar em dia com o munic\u00edpio e contribuir para o desenvolvimento de Itabora\u00ed\u201d, afirmou o secret\u00e1rio.<\/p>\n\n\n\n<p>\u00c9 importante informar que em parceria com o Tribunal de Justi\u00e7a do Estado do Rio de Janeiro, o munic\u00edpio est\u00e1 promovendo, no mesmo per\u00edodo, o \u2018Programa Concilia\u2019, que permitir\u00e1 a an\u00e1lise da isen\u00e7\u00e3o de custas e taxas processuais, al\u00e9m de honor\u00e1rios advocat\u00edcios, sempre que for concedida a gratuidade de justi\u00e7a. Neste caso, todos os requisitos para concess\u00e3o da isen\u00e7\u00e3o ser\u00e3o avaliados pelo Poder Judici\u00e1rio.<\/p>\n\n\n\n<p><strong>Servi\u00e7o:<\/strong><\/p>\n\n\n\n<p><strong>Locais de atendimento fixos:<\/strong><\/p>\n\n\n\n<p>-Sede da Secretaria Municipal de Fazenda e Tecnologia<br>Rua Fid\u00e9lis Alves, 101 \u2013 Centro<br>Segunda a sexta, das 8h \u00e0s 17h; s\u00e1bado, das 9h \u00e0s 14h<\/p>\n\n\n\n<p>-Posto Avan\u00e7ado da Fazenda (Shopping Nova Gr\u00e9cia)<br>Av. Prefeito Milton Rodrigues da Rocha, 161 \u2013 Loja 42 \u2013 Manilha<br>Segunda a sexta, das 8h \u00e0s 17h; s\u00e1bado, das 9h \u00e0s 14h<\/p>\n\n\n\n<p>-Shopping Itabora\u00ed Plaza<br>Rodovia Gov. M\u00e1rio Covas, Km 295 (BR-101) \u2013 Tr\u00eas Pontes<br>Segunda a sexta, das 10h \u00e0s 19h; s\u00e1bado, das 10h \u00e0s 15h<\/p>\n\n\n\n<p><strong>Ponto de atendimento volante<\/strong><\/p>\n\n\n\n<p>Local: Escola Municipal Professora Cec\u00edlia Augusta dos Santos &#8211; Rua Presidente Dutra<br>Data: 23 e 30 de agosto<br>Hor\u00e1rio: das 8h \u00e0s 14h<\/p>\n\n\n\n<p>Mais informa\u00e7\u00f5es podem ser obtidas no Portal do Contribuinte:\u00a0<a rel=\"noreferrer noopener\" href=\"http:\/\/contribuinte.ib.itaborai.rj.gov.br\/\" target=\"_blank\">http:\/\/contribuinte.ib.itaborai.rj.gov.br<\/a>.<\/p>\n\n\n\n<p><strong><em>S\u00e3o Gon\u00e7alo vai mudar: Not\u00edcias de S\u00e3o Gon\u00e7alo e toda regi\u00e3o.<\/em><\/strong><\/p>\n\n\n\n<figure class=\"wp-block-image size-large\"><img fetchpriority=\"high\" decoding=\"async\" width=\"1024\" height=\"252\" src=\"https:\/\/sgvaimudar.com.br\/wp-content\/uploads\/2025\/03\/Anuncie-Aqui-Sao-Goncalo-vai-mudar-1024x252.jpg\" alt=\"\" class=\"wp-image-22693\" srcset=\"https:\/\/sgvaimudar.com.br\/wp-content\/uploads\/2025\/03\/Anuncie-Aqui-Sao-Goncalo-vai-mudar-1024x252.jpg 1024w, https:\/\/sgvaimudar.com.br\/wp-content\/uploads\/2025\/03\/Anuncie-Aqui-Sao-Goncalo-vai-mudar-300x74.jpg 300w, https:\/\/sgvaimudar.com.br\/wp-content\/uploads\/2025\/03\/Anuncie-Aqui-Sao-Goncalo-vai-mudar-768x189.jpg 768w, https:\/\/sgvaimudar.com.br\/wp-content\/uploads\/2025\/03\/Anuncie-Aqui-Sao-Goncalo-vai-mudar-1536x378.jpg 1536w, https:\/\/sgvaimudar.com.br\/wp-content\/uploads\/2025\/03\/Anuncie-Aqui-Sao-Goncalo-vai-mudar-2048x504.jpg 2048w\" sizes=\"(max-width: 1024px) 100vw, 1024px\" \/><\/figure>\n","protected":false},"excerpt":{"rendered":"<p>A iniciativa garante descontos de at\u00e9 100% em juros e multas sobre tributos municipais, como IPTU, ISS e taxas A&hellip;<\/p>\n","protected":false},"author":5,"featured_media":29722,"comment_status":"open","ping_status":"open","sticky":false,"template":"","format":"standard","meta":{"fifu_image_url":"","fifu_image_alt":"","footnotes":""},"categories":[36],"tags":[],"class_list":["post-29721","post","type-post","status-publish","format-standard","has-post-thumbnail","hentry","category-bem-estar"],"_links":{"self":[{"href":"https:\/\/sgvaimudar.com.br\/index.php\/wp-json\/wp\/v2\/posts\/29721","targetHints":{"allow":["GET"]}}],"collection":[{"href":"https:\/\/sgvaimudar.com.br\/index.php\/wp-json\/wp\/v2\/posts"}],"about":[{"href":"https:\/\/sgvaimudar.com.br\/index.php\/wp-json\/wp\/v2\/types\/post"}],"author":[{"embeddable":true,"href":"https:\/\/sgvaimudar.com.br\/index.php\/wp-json\/wp\/v2\/users\/5"}],"replies":[{"embeddable":true,"href":"https:\/\/sgvaimudar.com.br\/index.php\/wp-json\/wp\/v2\/comments?post=29721"}],"version-history":[{"count":1,"href":"https:\/\/sgvaimudar.com.br\/index.php\/wp-json\/wp\/v2\/posts\/29721\/revisions"}],"predecessor-version":[{"id":29723,"href":"https:\/\/sgvaimudar.com.br\/index.php\/wp-json\/wp\/v2\/posts\/29721\/revisions\/29723"}],"wp:featuredmedia":[{"embeddable":true,"href":"https:\/\/sgvaimudar.com.br\/index.php\/wp-json\/wp\/v2\/media\/29722"}],"wp:attachment":[{"href":"https:\/\/sgvaimudar.com.br\/index.php\/wp-json\/wp\/v2\/media?parent=29721"}],"wp:term":[{"taxonomy":"category","embeddable":true,"href":"https:\/\/sgvaimudar.com.br\/index.php\/wp-json\/wp\/v2\/categories?post=29721"},{"taxonomy":"post_tag","embeddable":true,"href":"https:\/\/sgvaimudar.com.br\/index.php\/wp-json\/wp\/v2\/tags?post=29721"}],"curies":[{"name":"wp","href":"https:\/\/api.w.org\/{rel}","templated":true}]}}