{"id":29706,"date":"2025-08-21T08:59:00","date_gmt":"2025-08-21T11:59:00","guid":{"rendered":"https:\/\/sgvaimudar.com.br\/?p=29706"},"modified":"2025-08-21T09:44:47","modified_gmt":"2025-08-21T12:44:47","slug":"coronel-sylvio-guerra-deixa-comando-do-4o-cpa-apos-coordenar-cerca-de-quatro-mil-prisoes","status":"publish","type":"post","link":"https:\/\/sgvaimudar.com.br\/index.php\/2025\/08\/21\/coronel-sylvio-guerra-deixa-comando-do-4o-cpa-apos-coordenar-cerca-de-quatro-mil-prisoes\/","title":{"rendered":"Coronel Sylvio Guerra deixa comando do 4\u00ba CPA ap\u00f3s coordenar cerca de quatro mil pris\u00f5es"},"content":{"rendered":"\n<p><em>Pol\u00edcia Militar faz troca no 4\u00ba CPA: coronel Luiz Oct\u00e1vio substitui Sylvio Guerra<\/em><\/p>\n\n\n\n<p><em>Por Wellington Serrano Gomes<\/em><\/p>\n\n\n\n<p>O coronel PM Sylvio Guerra, \u00e0 frente do 4\u00ba Comando de Policiamento de \u00c1rea (CPA) desde 2021, que coordena os batalh\u00f5es de Niter\u00f3i, S\u00e3o Gon\u00e7alo, Itabora\u00ed e Cabo Frio deixou o cargo para para assumir a fun\u00e7\u00e3o de Subsecret\u00e1rio de Comando e Controle da Pol\u00edcia Militar.<\/p>\n\n\n\n<p>A troca de comando ser\u00e1 realizada nesta quinta-feira (21\/08), e quem passa a responder pelo 4\u00ba CPA \u00e9 o coronel Luiz Oct\u00e1vio Lopes da Rocha Lima, oficial com 35 anos de servi\u00e7o na corpora\u00e7\u00e3o e extensa trajet\u00f3ria em cargos de comando e opera\u00e7\u00f5es estrat\u00e9gicas.<\/p>\n\n\n\n<figure class=\"wp-block-image size-large\"><img fetchpriority=\"high\" decoding=\"async\" width=\"1024\" height=\"1024\" src=\"https:\/\/sgvaimudar.com.br\/wp-content\/uploads\/2025\/08\/\u269c\ufe0f-MELHORES-DO-SEMESTRE-4\u00b0-CPA-\u269c\ufe0f-Na-tarde-desta-quarta-feira-18-na-sede-do-4\u00b0-CPA-ocorreu--1024x1024.jpg\" alt=\"\" class=\"wp-image-29707\" srcset=\"https:\/\/sgvaimudar.com.br\/wp-content\/uploads\/2025\/08\/\u269c\ufe0f-MELHORES-DO-SEMESTRE-4\u00b0-CPA-\u269c\ufe0f-Na-tarde-desta-quarta-feira-18-na-sede-do-4\u00b0-CPA-ocorreu--1024x1024.jpg 1024w, https:\/\/sgvaimudar.com.br\/wp-content\/uploads\/2025\/08\/\u269c\ufe0f-MELHORES-DO-SEMESTRE-4\u00b0-CPA-\u269c\ufe0f-Na-tarde-desta-quarta-feira-18-na-sede-do-4\u00b0-CPA-ocorreu--300x300.jpg 300w, https:\/\/sgvaimudar.com.br\/wp-content\/uploads\/2025\/08\/\u269c\ufe0f-MELHORES-DO-SEMESTRE-4\u00b0-CPA-\u269c\ufe0f-Na-tarde-desta-quarta-feira-18-na-sede-do-4\u00b0-CPA-ocorreu--150x150.jpg 150w, https:\/\/sgvaimudar.com.br\/wp-content\/uploads\/2025\/08\/\u269c\ufe0f-MELHORES-DO-SEMESTRE-4\u00b0-CPA-\u269c\ufe0f-Na-tarde-desta-quarta-feira-18-na-sede-do-4\u00b0-CPA-ocorreu--768x768.jpg 768w, https:\/\/sgvaimudar.com.br\/wp-content\/uploads\/2025\/08\/\u269c\ufe0f-MELHORES-DO-SEMESTRE-4\u00b0-CPA-\u269c\ufe0f-Na-tarde-desta-quarta-feira-18-na-sede-do-4\u00b0-CPA-ocorreu-.jpg 1080w\" sizes=\"(max-width: 1024px) 100vw, 1024px\" \/><\/figure>\n\n\n\n<p><strong>TRAJET\u00d3RIA <\/strong>&#8211; O coronel Sylvio Guerra esteve \u00e0 frente do 4\u00ba CPA por quatro anos e um m\u00eas, per\u00edodo em que coordenou diretamente as diretrizes do 12\u00ba BPM (Niter\u00f3i), 7\u00ba BPM (S\u00e3o Gon\u00e7alo), 35\u00ba BPM (Itabora\u00ed) e 25\u00baBPM (Cabo Frio). Antes disso, comandou o 12\u00ba BPM por dois anos e sete meses, liderando opera\u00e7\u00f5es de combate \u00e0 criminalidade e a\u00e7\u00f5es de aproxima\u00e7\u00e3o com a comunidade.<\/p>\n\n\n\n<p>Ele disse que entre suas principais realiza\u00e7\u00f5es foram os n\u00fameros que beneficiaram a sociedade na quest\u00e3o da seguran\u00e7a. &#8220;Conseguimos neste per\u00edodo ficar em primeiro lugar no Estado com o 12\u00baBPM, o 7\u00baBPM em mat\u00e9ria de n\u00fameros. O 4\u00ba CPA foi tr\u00eas vezes primeiro lugar do Estado. Nesse tempo todo, nas quatro unidades, tivemos um n\u00famero muito grande de pris\u00f5es&#8221;, disse Guerra. <\/p>\n\n\n\n<p>Segundo a Pol\u00edcia Militar, a mudan\u00e7a faz parte da rotina administrativa da corpora\u00e7\u00e3o e visa garantir a continuidade das estrat\u00e9gias de seguran\u00e7a em \u00e1reas consideradas priorit\u00e1rias na Regi\u00e3o Metropolitana.<\/p>\n\n\n\n<p><strong>O novo comandante: Luiz Oct\u00e1vio<\/strong><\/p>\n\n\n\n<p>Ingressado na corpora\u00e7\u00e3o em 1990, o coronel Luiz Oct\u00e1vio soma 35 anos de carreira na Pol\u00edcia Militar. \u00c9 formado no Curso de Forma\u00e7\u00e3o de Oficiais, no Curso de Aperfei\u00e7oamento de Oficiais e no Curso Superior de Pol\u00edcia. Entre suas condecora\u00e7\u00f5es, recebeu a Medalha de Bravura, em 1995.<\/p>\n\n\n\n<p>Ao longo da carreira, exerceu fun\u00e7\u00f5es de planejamento, intelig\u00eancia e administra\u00e7\u00e3o, al\u00e9m de ter passado por diversos batalh\u00f5es da capital e da Regi\u00e3o Metropolitana. Foi comandante do 6\u00ba BPM, 9\u00ba BPM, 23\u00ba BPM, 27\u00ba BPM, 3\u00ba BPM e 4\u00ba BPM, al\u00e9m de ter liderado o Grupamento Especial de Policiamento em Est\u00e1dios (GEPE) e a Coordenadoria de Pol\u00edcia Pacificadora (CPP). Mais recentemente, esteve \u00e0 frente do 6\u00ba CPA e do Comando de Policiamento Especializado (CPE), entre 2024 e 2025.<\/p>\n\n\n\n<p>Com a nova miss\u00e3o, Luiz Oct\u00e1vio ser\u00e1 respons\u00e1vel por definir diretrizes e coordenar as opera\u00e7\u00f5es do 12\u00ba BPM (Niter\u00f3i), 7\u00ba BPM (S\u00e3o Gon\u00e7alo) e 35\u00ba BPM (Itabora\u00ed), batalh\u00f5es considerados estrat\u00e9gicos para a seguran\u00e7a da Regi\u00e3o Metropolitana do Rio.<\/p>\n\n\n\n<p><em>Foto: Factho Jornalismo<\/em><\/p>\n\n\n\n<p><strong><em>Fa\u00e7a sua den\u00fancia pelo nosso WhatsApp: (21) <\/em><\/strong><strong><em>99744 5345<\/em><\/strong><strong><em><\/em><\/strong><\/p>\n\n\n\n<p><strong><em>S\u00e3o Gon\u00e7alo vai mudar: Not\u00edcias de S\u00e3o Gon\u00e7alo e toda regi\u00e3o.<\/em><\/strong><\/p>\n\n\n\n<figure class=\"wp-block-image size-large\"><img decoding=\"async\" width=\"1024\" height=\"252\" src=\"https:\/\/sgvaimudar.com.br\/wp-content\/uploads\/2025\/03\/Anuncie-Aqui-Sao-Goncalo-vai-mudar-1024x252.jpg\" alt=\"\" class=\"wp-image-22693\" srcset=\"https:\/\/sgvaimudar.com.br\/wp-content\/uploads\/2025\/03\/Anuncie-Aqui-Sao-Goncalo-vai-mudar-1024x252.jpg 1024w, https:\/\/sgvaimudar.com.br\/wp-content\/uploads\/2025\/03\/Anuncie-Aqui-Sao-Goncalo-vai-mudar-300x74.jpg 300w, https:\/\/sgvaimudar.com.br\/wp-content\/uploads\/2025\/03\/Anuncie-Aqui-Sao-Goncalo-vai-mudar-768x189.jpg 768w, https:\/\/sgvaimudar.com.br\/wp-content\/uploads\/2025\/03\/Anuncie-Aqui-Sao-Goncalo-vai-mudar-1536x378.jpg 1536w, https:\/\/sgvaimudar.com.br\/wp-content\/uploads\/2025\/03\/Anuncie-Aqui-Sao-Goncalo-vai-mudar-2048x504.jpg 2048w\" sizes=\"(max-width: 1024px) 100vw, 1024px\" \/><\/figure>\n","protected":false},"excerpt":{"rendered":"<p>Pol\u00edcia Militar faz troca no 4\u00ba CPA: coronel Luiz Oct\u00e1vio substitui Sylvio Guerra Por Wellington Serrano Gomes O coronel PM&hellip;<\/p>\n","protected":false},"author":5,"featured_media":29708,"comment_status":"open","ping_status":"open","sticky":false,"template":"","format":"standard","meta":{"fifu_image_url":"","fifu_image_alt":"","footnotes":""},"categories":[32],"tags":[],"class_list":["post-29706","post","type-post","status-publish","format-standard","has-post-thumbnail","hentry","category-casos-de-policia"],"_links":{"self":[{"href":"https:\/\/sgvaimudar.com.br\/index.php\/wp-json\/wp\/v2\/posts\/29706","targetHints":{"allow":["GET"]}}],"collection":[{"href":"https:\/\/sgvaimudar.com.br\/index.php\/wp-json\/wp\/v2\/posts"}],"about":[{"href":"https:\/\/sgvaimudar.com.br\/index.php\/wp-json\/wp\/v2\/types\/post"}],"author":[{"embeddable":true,"href":"https:\/\/sgvaimudar.com.br\/index.php\/wp-json\/wp\/v2\/users\/5"}],"replies":[{"embeddable":true,"href":"https:\/\/sgvaimudar.com.br\/index.php\/wp-json\/wp\/v2\/comments?post=29706"}],"version-history":[{"count":3,"href":"https:\/\/sgvaimudar.com.br\/index.php\/wp-json\/wp\/v2\/posts\/29706\/revisions"}],"predecessor-version":[{"id":29727,"href":"https:\/\/sgvaimudar.com.br\/index.php\/wp-json\/wp\/v2\/posts\/29706\/revisions\/29727"}],"wp:featuredmedia":[{"embeddable":true,"href":"https:\/\/sgvaimudar.com.br\/index.php\/wp-json\/wp\/v2\/media\/29708"}],"wp:attachment":[{"href":"https:\/\/sgvaimudar.com.br\/index.php\/wp-json\/wp\/v2\/media?parent=29706"}],"wp:term":[{"taxonomy":"category","embeddable":true,"href":"https:\/\/sgvaimudar.com.br\/index.php\/wp-json\/wp\/v2\/categories?post=29706"},{"taxonomy":"post_tag","embeddable":true,"href":"https:\/\/sgvaimudar.com.br\/index.php\/wp-json\/wp\/v2\/tags?post=29706"}],"curies":[{"name":"wp","href":"https:\/\/api.w.org\/{rel}","templated":true}]}}