{"id":29702,"date":"2025-08-21T08:24:34","date_gmt":"2025-08-21T11:24:34","guid":{"rendered":"https:\/\/sgvaimudar.com.br\/?p=29702"},"modified":"2025-08-21T08:24:35","modified_gmt":"2025-08-21T11:24:35","slug":"clinica-da-crianca-e-referencia-na-saude-infantil-de-sao-goncalo","status":"publish","type":"post","link":"https:\/\/sgvaimudar.com.br\/index.php\/2025\/08\/21\/clinica-da-crianca-e-referencia-na-saude-infantil-de-sao-goncalo\/","title":{"rendered":"Cl\u00ednica da Crian\u00e7a \u00e9 refer\u00eancia na sa\u00fade infantil de S\u00e3o Gon\u00e7alo"},"content":{"rendered":"\n<p><em>Unidade municipal no Z\u00e9 Garoto oferece 16 especialidades m\u00e9dicas&nbsp;&nbsp;<\/em><\/p>\n\n\n\n<p>Especialidades dif\u00edceis de encontrar at\u00e9 na rede particular de sa\u00fade est\u00e3o dispon\u00edveis na Cl\u00ednica da Crian\u00e7a C\u00e9lio Carvalho Martins, que fica no Z\u00e9 Garoto, e tornou-se refer\u00eancia no cuidado com a sa\u00fade infantil. Uma cl\u00ednica todinha dedicada aos pequenos, que oferece 16 especialidades m\u00e9dicas e funciona de segunda a sexta, das 8h \u00e0s 17h. <\/p>\n\n\n\n<p>A unidade atende crian\u00e7as de 0 a 12 anos e ainda conta com pediatras todos os dias da semana em diferentes hor\u00e1rios. Atualmente, s\u00e3o realizadas uma m\u00e9dia de 1,2 mil consultas m\u00e9dicas e 2,5 mil atendimentos da equipe multiprofissional.<\/p>\n\n\n\n<figure class=\"wp-block-image size-full\"><img fetchpriority=\"high\" decoding=\"async\" width=\"1024\" height=\"683\" src=\"https:\/\/sgvaimudar.com.br\/wp-content\/uploads\/2025\/08\/unnamed-1-12.jpg\" alt=\"\" class=\"wp-image-29703\" srcset=\"https:\/\/sgvaimudar.com.br\/wp-content\/uploads\/2025\/08\/unnamed-1-12.jpg 1024w, https:\/\/sgvaimudar.com.br\/wp-content\/uploads\/2025\/08\/unnamed-1-12-300x200.jpg 300w, https:\/\/sgvaimudar.com.br\/wp-content\/uploads\/2025\/08\/unnamed-1-12-768x512.jpg 768w\" sizes=\"(max-width: 1024px) 100vw, 1024px\" \/><\/figure>\n\n\n\n<p>Dois pediatras tamb\u00e9m fazem atendimentos exclusivos para crian\u00e7as com anemia falciforme e s\u00edfilis. \u201cA Cl\u00ednica da Crian\u00e7a oferece atendimento integral com diferentes especialidades em um s\u00f3 lugar. Temos especialistas que s\u00e3o refer\u00eancias e que s\u00e3o dificilmente encontrados na rede particular como cardiologista, hematologista e endocrinologista, por exemplo. Aqui, temos um cuidado multiprofissional\u201d, explicou o diretor da unidade, Emanuel Souza.&nbsp;<\/p>\n\n\n\n<p>Com atendimentos mais humanizados e acolhedores \u2013 marca registrada da gest\u00e3o do prefeito Capit\u00e3o Nelson \u2013 a unidade encaminha para exames para ajudar no diagn\u00f3stico preciso e para a realiza\u00e7\u00e3o de cirurgias, muitas acontecem no Pronto Socorro Infantil (PSI). O tratamento e acompanhamento s\u00e3o realizados pela cl\u00ednica, que tamb\u00e9m conta com a tecnologia do prontu\u00e1rio eletr\u00f4nico (PEP) para a integra\u00e7\u00e3o dos profissionais sobre um diagn\u00f3stico.&nbsp;&nbsp;<\/p>\n\n\n\n<p>\u201cA maioria que chega para a cardiologia foi encaminhada pelo pediatra porque h\u00e1 suspeita de sopro no cora\u00e7\u00e3o, \u00e9 hipertenso ou porque quer fazer esporte e precisa de atestado. Sabemos dos riscos que uma crian\u00e7a corre se fizer atividade f\u00edsica sem orienta\u00e7\u00e3o m\u00e9dica e a realiza\u00e7\u00e3o de exames. Eles tamb\u00e9m s\u00e3o encaminhados para os testes pr\u00e9-cir\u00fargicos. N\u00e3o podemos fazer s\u00f3 o exame cl\u00ednico antes de uma cirurgia. Podemos n\u00e3o ouvir alguma defici\u00eancia e temos que atestar com qualidade e certeza\u201d, explicou a cardiologista Laudic\u00e9a Furtado Fiorito.&nbsp;&nbsp;&nbsp;<\/p>\n\n\n\n<p>Al\u00e9m das especialidades m\u00e9dicas, a cl\u00ednica oferece o acompanhamento dos profissionais da equipe multidisciplinar: terapeuta ocupacional, psic\u00f3logo, nutricionista, assistente social, enfermeira e psicopedagoga. \u201cTratar de crian\u00e7a \u00e9 uma responsabilidade muito grande. E n\u00f3s temos um trabalho multiprofissional para atender todas as demandas em um s\u00f3 lugar. \u00c9 uma equipe completa para avaliar a crian\u00e7a para que ela tenha o atendimento necess\u00e1rio\u201d, finalizou o diretor.&nbsp;<\/p>\n\n\n\n<p>Al\u00e9m dos atendimentos dos profissionais, a unidade tamb\u00e9m realiza a testagem para detectar Covid-19, de segunda a sexta, das 8h \u00e0s 16h &#8211; sem marca\u00e7\u00e3o pr\u00e9via; eletrocardiograma, toda segunda, a partir das 8h, e sextas, a partir das 10h &#8211; sem marca\u00e7\u00e3o pr\u00e9via; exame de sangue: agendamentos toda sexta-feira na pr\u00f3pria cl\u00ednica a partir das 8h; e videoendoscopia nasal\/videolaringoscopia: toda sexta-feira, \u00e0s 10h, com agendamentos atrav\u00e9s da Central de Regula\u00e7\u00e3o.<\/p>\n\n\n\n<p>Com exce\u00e7\u00e3o dos pediatras, as consultas das demais especialidades m\u00e9dicas precisam de encaminhamento e s\u00e3o agendadas atrav\u00e9s da Central de Regula\u00e7\u00e3o da Secretaria Municipal de Sa\u00fade e Defesa Civil da Prefeitura de S\u00e3o Gon\u00e7alo. As consultas para pediatras s\u00e3o marcadas todas as primeiras segundas-feiras de cada m\u00eas a partir das 8h na pr\u00f3pria unidade. E para o atendimento com a equipe multidisciplinar, os respons\u00e1veis podem agendar durante a semana na cl\u00ednica em qualquer dia e hor\u00e1rio.&nbsp;&nbsp;<\/p>\n\n\n\n<p>Para os agendamentos na unidade, o respons\u00e1vel deve levar cart\u00e3o do SUS, certid\u00e3o de nascimento, identidade do respons\u00e1vel, comprovante de resid\u00eancia atualizado (at\u00e9 tr\u00eas meses) e encaminhamento, no caso dos especialistas.<\/p>\n\n\n\n<p><strong>Regula\u00e7\u00e3o<\/strong>&nbsp;\u2013 As unidades inserem os pacientes no sistema da Central de Regula\u00e7\u00e3o, que vai entrar em contato \u2013 atrav\u00e9s do telefone \u2013 para avisar sobre a marca\u00e7\u00e3o do servi\u00e7o. Por isso, \u00e9 necess\u00e1rio que os pacientes mantenham um telefone que funcione e esteja atualizado no cadastro. O contato e endere\u00e7o do morador tamb\u00e9m podem ser atualizados em qualquer unidade de sa\u00fade. Se houver alguma pend\u00eancia no pedido, os funcion\u00e1rios das unidades de sa\u00fade avisam ao paciente para que regularize a situa\u00e7\u00e3o. Com qualquer pend\u00eancia, o paciente n\u00e3o \u00e9 chamado.&nbsp;&nbsp;<\/p>\n\n\n\n<p><strong>Especialidades m\u00e9dicas:<\/strong><\/p>\n\n\n\n<p>Pediatra<\/p>\n\n\n\n<p>Cirurgi\u00e3o pedi\u00e1trico<\/p>\n\n\n\n<p>Cardiologista<\/p>\n\n\n\n<p>Neurologista<\/p>\n\n\n\n<p>Pneumologista<\/p>\n\n\n\n<p>Ortopedista<\/p>\n\n\n\n<p>Dermatologista<\/p>\n\n\n\n<p>Gastrologista<\/p>\n\n\n\n<p>Endocrinologista<\/p>\n\n\n\n<p>Hematologista<\/p>\n\n\n\n<p>Alergologista<\/p>\n\n\n\n<p>Pediatra especializado em anemia falciforme<\/p>\n\n\n\n<p>Pediatra especializado em s\u00edfilis<\/p>\n\n\n\n<p>Otorrinolaringologista<\/p>\n\n\n\n<p>Cirurgi\u00e3o pl\u00e1stico<\/p>\n\n\n\n<p>Oftalmologista<\/p>\n\n\n\n<p><strong>Equipe Multidisciplinar:<\/strong><\/p>\n\n\n\n<p>Terapeuta Ocupacional<\/p>\n\n\n\n<p>Psic\u00f3logo<\/p>\n\n\n\n<p>Nutricionista<\/p>\n\n\n\n<p>Assistente Social<\/p>\n\n\n\n<p>Psicopedagoga<\/p>\n\n\n\n<p>Enfermeira.<\/p>\n\n\n\n<p><em>Fotos: Julio Diniz<\/em><\/p>\n\n\n\n<p><strong><em>S\u00e3o Gon\u00e7alo vai mudar: Not\u00edcias de S\u00e3o Gon\u00e7alo e toda regi\u00e3o.<\/em><\/strong><\/p>\n\n\n\n<figure class=\"wp-block-image size-large\"><img decoding=\"async\" width=\"1024\" height=\"252\" src=\"https:\/\/sgvaimudar.com.br\/wp-content\/uploads\/2025\/03\/Anuncie-Aqui-Sao-Goncalo-vai-mudar-1024x252.jpg\" alt=\"\" class=\"wp-image-22693\" srcset=\"https:\/\/sgvaimudar.com.br\/wp-content\/uploads\/2025\/03\/Anuncie-Aqui-Sao-Goncalo-vai-mudar-1024x252.jpg 1024w, https:\/\/sgvaimudar.com.br\/wp-content\/uploads\/2025\/03\/Anuncie-Aqui-Sao-Goncalo-vai-mudar-300x74.jpg 300w, https:\/\/sgvaimudar.com.br\/wp-content\/uploads\/2025\/03\/Anuncie-Aqui-Sao-Goncalo-vai-mudar-768x189.jpg 768w, https:\/\/sgvaimudar.com.br\/wp-content\/uploads\/2025\/03\/Anuncie-Aqui-Sao-Goncalo-vai-mudar-1536x378.jpg 1536w, https:\/\/sgvaimudar.com.br\/wp-content\/uploads\/2025\/03\/Anuncie-Aqui-Sao-Goncalo-vai-mudar-2048x504.jpg 2048w\" sizes=\"(max-width: 1024px) 100vw, 1024px\" \/><\/figure>\n","protected":false},"excerpt":{"rendered":"<p>Unidade municipal no Z\u00e9 Garoto oferece 16 especialidades m\u00e9dicas&nbsp;&nbsp; Especialidades dif\u00edceis de encontrar at\u00e9 na rede particular de sa\u00fade est\u00e3o&hellip;<\/p>\n","protected":false},"author":5,"featured_media":29704,"comment_status":"open","ping_status":"open","sticky":false,"template":"","format":"standard","meta":{"fifu_image_url":"","fifu_image_alt":"","footnotes":""},"categories":[7],"tags":[],"class_list":["post-29702","post","type-post","status-publish","format-standard","has-post-thumbnail","hentry","category-saude"],"_links":{"self":[{"href":"https:\/\/sgvaimudar.com.br\/index.php\/wp-json\/wp\/v2\/posts\/29702","targetHints":{"allow":["GET"]}}],"collection":[{"href":"https:\/\/sgvaimudar.com.br\/index.php\/wp-json\/wp\/v2\/posts"}],"about":[{"href":"https:\/\/sgvaimudar.com.br\/index.php\/wp-json\/wp\/v2\/types\/post"}],"author":[{"embeddable":true,"href":"https:\/\/sgvaimudar.com.br\/index.php\/wp-json\/wp\/v2\/users\/5"}],"replies":[{"embeddable":true,"href":"https:\/\/sgvaimudar.com.br\/index.php\/wp-json\/wp\/v2\/comments?post=29702"}],"version-history":[{"count":1,"href":"https:\/\/sgvaimudar.com.br\/index.php\/wp-json\/wp\/v2\/posts\/29702\/revisions"}],"predecessor-version":[{"id":29705,"href":"https:\/\/sgvaimudar.com.br\/index.php\/wp-json\/wp\/v2\/posts\/29702\/revisions\/29705"}],"wp:featuredmedia":[{"embeddable":true,"href":"https:\/\/sgvaimudar.com.br\/index.php\/wp-json\/wp\/v2\/media\/29704"}],"wp:attachment":[{"href":"https:\/\/sgvaimudar.com.br\/index.php\/wp-json\/wp\/v2\/media?parent=29702"}],"wp:term":[{"taxonomy":"category","embeddable":true,"href":"https:\/\/sgvaimudar.com.br\/index.php\/wp-json\/wp\/v2\/categories?post=29702"},{"taxonomy":"post_tag","embeddable":true,"href":"https:\/\/sgvaimudar.com.br\/index.php\/wp-json\/wp\/v2\/tags?post=29702"}],"curies":[{"name":"wp","href":"https:\/\/api.w.org\/{rel}","templated":true}]}}