{"id":29698,"date":"2025-08-21T08:11:39","date_gmt":"2025-08-21T11:11:39","guid":{"rendered":"https:\/\/sgvaimudar.com.br\/?p=29698"},"modified":"2025-08-21T08:11:39","modified_gmt":"2025-08-21T11:11:39","slug":"ronda-preventiva-escolar-da-guarda-municipal-realiza-palestra-sobre-bullying-para-alunos-goncalenses","status":"publish","type":"post","link":"https:\/\/sgvaimudar.com.br\/index.php\/2025\/08\/21\/ronda-preventiva-escolar-da-guarda-municipal-realiza-palestra-sobre-bullying-para-alunos-goncalenses\/","title":{"rendered":"Ronda Preventiva Escolar da Guarda Municipal realiza palestra sobre bullying para alunos gon\u00e7alenses"},"content":{"rendered":"\n<p><em>Estudantes do 8\u00b0 e 9\u00b0 anos participaram do bate-papo com os agentes<\/em><\/p>\n\n\n\n<p>O Grupamento de Ronda Preventiva Escolar (Rope) da Guarda Municipal da Prefeitura de S\u00e3o Gon\u00e7alo realizou, nesta manh\u00e3 de quarta-feira (20), uma palestra com temas sobre bullying, ansiedade, empatia e resili\u00eancia para alunos do 8\u00b0 e 9\u00b0 anos do Ensino Fundamental da Escola Municipal Luiz Gonzaga, no bairro S\u00e3o Miguel.<\/p>\n\n\n\n<p>&#8220;A Ronda Preventiva Escolar tem desenvolvido um trabalho cont\u00ednuo de prote\u00e7\u00e3o, acolhimento e aproxima\u00e7\u00e3o com a comunidade escolar. A iniciativa busca garantir n\u00e3o apenas a seguran\u00e7a f\u00edsica, mas tamb\u00e9m promover um ambiente de paz e cidadania para alunos, professores e fam\u00edlias. As a\u00e7\u00f5es da Ronda s\u00e3o fundamentadas em princ\u00edpios de direitos humanos, media\u00e7\u00e3o de conflitos e prote\u00e7\u00e3o integral de crian\u00e7as e adolescentes, atuando de maneira preventiva contra situa\u00e7\u00f5es de viol\u00eancia, bullying, discrimina\u00e7\u00e3o, uso de drogas e outras vulnerabilidades que possam afetar o ambiente escolar&#8221;, disse o comandante da Guarda, Ewerton Mendes.<\/p>\n\n\n\n<figure class=\"wp-block-image size-full\"><img fetchpriority=\"high\" decoding=\"async\" width=\"1024\" height=\"683\" src=\"https:\/\/sgvaimudar.com.br\/wp-content\/uploads\/2025\/08\/unnamed-34.jpg\" alt=\"\" class=\"wp-image-29700\" srcset=\"https:\/\/sgvaimudar.com.br\/wp-content\/uploads\/2025\/08\/unnamed-34.jpg 1024w, https:\/\/sgvaimudar.com.br\/wp-content\/uploads\/2025\/08\/unnamed-34-300x200.jpg 300w, https:\/\/sgvaimudar.com.br\/wp-content\/uploads\/2025\/08\/unnamed-34-768x512.jpg 768w\" sizes=\"(max-width: 1024px) 100vw, 1024px\" \/><\/figure>\n\n\n\n<p>Nesta quarta-feira (20), a palestra foi ministrada pelos guardas Marcelo Torres e Nath\u00e1lia dos Santos. As palestras s\u00e3o montadas de acordo com as necessidades do corpo docente da unidade de ensino.<\/p>\n\n\n\n<p>Lorraine F\u00e9lix \u00e9 diretora adjunta da escola. Para ela, a palestra dos guardas foi essencial.<\/p>\n\n\n\n<p>&#8220;A gente conversa muito com os alunos sobre bullying, \u00e9 algo que sempre buscamos conscientizar e, quando temos agentes da Guarda Municipal falando sobre isso tamb\u00e9m, \u00e9 de extrema import\u00e2ncia e agrega muito. Al\u00e9m disso, a Guarda inspira nossos alunos, que entendem como esses profissionais atuam e podem vislumbrar ter essa profiss\u00e3o no futuro&#8221;, disse.<\/p>\n\n\n\n<p>Willians Borges, de 16 anos, assistiu \u00e0 palestra. &#8220;Esse assunto do bullying \u00e9 de extrema import\u00e2ncia! Os guardas aqui alertando a gente e pedindo informa\u00e7\u00f5es sobre o que sabemos sobre o tema, \u00e9 algo muito legal. O bullying n\u00e3o deve ser normalizado nas escolas&#8221;, afirmou o aluno do 9\u00b0 ano do Ensino Fundamental.<\/p>\n\n\n\n<p><strong>Ronda Preventiva Escolar<\/strong>&nbsp;&#8211; Com a\u00e7\u00f5es rotineiras, os agentes do grupamento realizam a\u00e7\u00f5es preventivas e visitas peri\u00f3dicas \u00e0s escolas do munic\u00edpio, entendendo a necessidade de palestras e identificando poss\u00edveis riscos \u00e0 seguran\u00e7a, a sa\u00fade f\u00edsica e mental dos alunos, apoiando assim, na preserva\u00e7\u00e3o da ordem local, zelando pela seguran\u00e7a dos servi\u00e7os, instala\u00e7\u00f5es, e seguran\u00e7a dos funcion\u00e1rios e alunos.<\/p>\n\n\n\n<p>Entre as pr\u00e1ticas aplicadas no dia a dia da Ronda est\u00e3o apoio pedag\u00f3gico com palestras e atividades educativas sobre cidadania e preven\u00e7\u00e3o \u00e0 viol\u00eancia; orienta\u00e7\u00f5es sobre o Estatuto da Crian\u00e7a e do Adolescente (ECA), assegurando os direitos e deveres dos estudantes; enfrentamento \u00e0 explora\u00e7\u00e3o sexual e \u00e0 viol\u00eancia dom\u00e9stica, com encaminhamentos adequados aos \u00f3rg\u00e3os competentes; escuta qualificada para acolher crian\u00e7as e adolescentes em situa\u00e7\u00e3o de vulnerabilidade.<\/p>\n\n\n\n<p>Dessa forma, a Ronda Preventiva Escolar se consolida como uma ferramenta de integra\u00e7\u00e3o entre escola, fam\u00edlia e poder p\u00fablico, garantindo mais tranquilidade no ambiente educacional e refor\u00e7ando o compromisso da Guarda Municipal com a forma\u00e7\u00e3o cidad\u00e3 e a cultura de paz.<\/p>\n\n\n\n<p><em>Fotos: Fabio Guimar\u00e3es<\/em><\/p>\n\n\n\n<p><strong><em>Fa\u00e7a sua den\u00fancia pelo nosso WhatsApp: (21) <\/em><\/strong><strong><em>99744 5345<\/em><\/strong><strong><em><\/em><\/strong><\/p>\n\n\n\n<p><strong><em>S\u00e3o Gon\u00e7alo vai mudar: Not\u00edcias de S\u00e3o Gon\u00e7alo e toda regi\u00e3o.<\/em><\/strong><\/p>\n\n\n\n<figure class=\"wp-block-image size-large\"><img decoding=\"async\" width=\"1024\" height=\"252\" src=\"https:\/\/sgvaimudar.com.br\/wp-content\/uploads\/2025\/03\/Anuncie-Aqui-Sao-Goncalo-vai-mudar-1024x252.jpg\" alt=\"\" class=\"wp-image-22693\" srcset=\"https:\/\/sgvaimudar.com.br\/wp-content\/uploads\/2025\/03\/Anuncie-Aqui-Sao-Goncalo-vai-mudar-1024x252.jpg 1024w, https:\/\/sgvaimudar.com.br\/wp-content\/uploads\/2025\/03\/Anuncie-Aqui-Sao-Goncalo-vai-mudar-300x74.jpg 300w, https:\/\/sgvaimudar.com.br\/wp-content\/uploads\/2025\/03\/Anuncie-Aqui-Sao-Goncalo-vai-mudar-768x189.jpg 768w, https:\/\/sgvaimudar.com.br\/wp-content\/uploads\/2025\/03\/Anuncie-Aqui-Sao-Goncalo-vai-mudar-1536x378.jpg 1536w, https:\/\/sgvaimudar.com.br\/wp-content\/uploads\/2025\/03\/Anuncie-Aqui-Sao-Goncalo-vai-mudar-2048x504.jpg 2048w\" sizes=\"(max-width: 1024px) 100vw, 1024px\" \/><\/figure>\n","protected":false},"excerpt":{"rendered":"<p>Estudantes do 8\u00b0 e 9\u00b0 anos participaram do bate-papo com os agentes O Grupamento de Ronda Preventiva Escolar (Rope) da&hellip;<\/p>\n","protected":false},"author":5,"featured_media":29699,"comment_status":"open","ping_status":"open","sticky":false,"template":"","format":"standard","meta":{"fifu_image_url":"","fifu_image_alt":"","footnotes":""},"categories":[32],"tags":[],"class_list":["post-29698","post","type-post","status-publish","format-standard","has-post-thumbnail","hentry","category-casos-de-policia"],"_links":{"self":[{"href":"https:\/\/sgvaimudar.com.br\/index.php\/wp-json\/wp\/v2\/posts\/29698","targetHints":{"allow":["GET"]}}],"collection":[{"href":"https:\/\/sgvaimudar.com.br\/index.php\/wp-json\/wp\/v2\/posts"}],"about":[{"href":"https:\/\/sgvaimudar.com.br\/index.php\/wp-json\/wp\/v2\/types\/post"}],"author":[{"embeddable":true,"href":"https:\/\/sgvaimudar.com.br\/index.php\/wp-json\/wp\/v2\/users\/5"}],"replies":[{"embeddable":true,"href":"https:\/\/sgvaimudar.com.br\/index.php\/wp-json\/wp\/v2\/comments?post=29698"}],"version-history":[{"count":1,"href":"https:\/\/sgvaimudar.com.br\/index.php\/wp-json\/wp\/v2\/posts\/29698\/revisions"}],"predecessor-version":[{"id":29701,"href":"https:\/\/sgvaimudar.com.br\/index.php\/wp-json\/wp\/v2\/posts\/29698\/revisions\/29701"}],"wp:featuredmedia":[{"embeddable":true,"href":"https:\/\/sgvaimudar.com.br\/index.php\/wp-json\/wp\/v2\/media\/29699"}],"wp:attachment":[{"href":"https:\/\/sgvaimudar.com.br\/index.php\/wp-json\/wp\/v2\/media?parent=29698"}],"wp:term":[{"taxonomy":"category","embeddable":true,"href":"https:\/\/sgvaimudar.com.br\/index.php\/wp-json\/wp\/v2\/categories?post=29698"},{"taxonomy":"post_tag","embeddable":true,"href":"https:\/\/sgvaimudar.com.br\/index.php\/wp-json\/wp\/v2\/tags?post=29698"}],"curies":[{"name":"wp","href":"https:\/\/api.w.org\/{rel}","templated":true}]}}