{"id":29681,"date":"2025-08-20T17:00:00","date_gmt":"2025-08-20T20:00:00","guid":{"rendered":"https:\/\/sgvaimudar.com.br\/?p=29681"},"modified":"2025-08-20T10:43:16","modified_gmt":"2025-08-20T13:43:16","slug":"claudio-castro-assume-a-presidencia-do-consorcio-de-integracao-sul-e-sudeste","status":"publish","type":"post","link":"https:\/\/sgvaimudar.com.br\/index.php\/2025\/08\/20\/claudio-castro-assume-a-presidencia-do-consorcio-de-integracao-sul-e-sudeste\/","title":{"rendered":"Cl\u00e1udio Castro assume a presid\u00eancia do Cons\u00f3rcio de Integra\u00e7\u00e3o Sul e Sudeste"},"content":{"rendered":"\n<p><em>Durante evento em Curitiba, governadores apresentaram solu\u00e7\u00f5es voltadas \u00e0 sustentabilidade para o fortalecimento regional<\/em><\/p>\n\n\n\n<p>O governador Cl\u00e1udio Castro tomou posse, nesta ter\u00e7a-feira (19\/08), como presidente do Cons\u00f3rcio de Integra\u00e7\u00e3o Sul e Sudeste (Cosud), em Curitiba, no&nbsp;Paran\u00e1. A cerim\u00f4nia aconteceu&nbsp;durante&nbsp;a&nbsp;Confer\u00eancia da Mata Atl\u00e2ntica, onde acontece tamb\u00e9m&nbsp;13\u00aa edi\u00e7\u00e3o do Cosud, que abordou o meio ambiente e a sustentabilidade.<\/p>\n\n\n\n<p>&#8211;\u00a0O Cosud mostra, hoje, sua vontade de participar e construir solu\u00e7\u00f5es para o pa\u00eds. N\u00e3o buscamos ser melhores que os demais, mas, representando 56% da popula\u00e7\u00e3o, 70% do PIB e quase 80% da arrecada\u00e7\u00e3o federal, temos a responsabilidade de assumir esse papel\u00a0&#8211; afirmou o governador e novo presidente do Cosud, Cl\u00e1udio Castro.<\/p>\n\n\n\n<figure class=\"wp-block-image size-large\"><img fetchpriority=\"high\" decoding=\"async\" width=\"1024\" height=\"546\" src=\"https:\/\/sgvaimudar.com.br\/wp-content\/uploads\/2025\/08\/MHR_7661-1024x546.jpg\" alt=\"\" class=\"wp-image-29683\" srcset=\"https:\/\/sgvaimudar.com.br\/wp-content\/uploads\/2025\/08\/MHR_7661-1024x546.jpg 1024w, https:\/\/sgvaimudar.com.br\/wp-content\/uploads\/2025\/08\/MHR_7661-300x160.jpg 300w, https:\/\/sgvaimudar.com.br\/wp-content\/uploads\/2025\/08\/MHR_7661-768x410.jpg 768w, https:\/\/sgvaimudar.com.br\/wp-content\/uploads\/2025\/08\/MHR_7661-1536x819.jpg 1536w, https:\/\/sgvaimudar.com.br\/wp-content\/uploads\/2025\/08\/MHR_7661-2048x1092.jpg 2048w\" sizes=\"(max-width: 1024px) 100vw, 1024px\" \/><\/figure>\n\n\n\n<p>O 13\u00ba encontro de governadores do Sul e Sudeste tamb\u00e9m abordou&nbsp;outros temas de relev\u00e2ncia nacional, como o impacto das tarifas impostas pelos Estados Unidos,&nbsp;avan\u00e7os na seguran\u00e7a p\u00fablica, educa\u00e7\u00e3o, agricultura&nbsp;e desenvolvimento social.<\/p>\n\n\n\n<p>O evento&nbsp;contou com presen\u00e7a tamb\u00e9m&nbsp;dos governadores do Paran\u00e1,&nbsp;Carlos Massa Ratinho Junior,&nbsp;do&nbsp;Rio Grande do Sul,&nbsp;Eduardo Leite,&nbsp;de&nbsp;Minas Gerais,&nbsp;Romeu Zema,&nbsp;e&nbsp;do&nbsp;Esp\u00edrito Santo,&nbsp;Renato Casagrande,&nbsp;al\u00e9m&nbsp;dos vice-governadores Fel\u00edcio Ramuth, de&nbsp;S\u00e3o Paulo,&nbsp;e Marilisa Boehm, de&nbsp;Santa Catarina.<\/p>\n\n\n\n<p><strong>Confer\u00eancia da Mata Atl\u00e2ntica<\/strong><\/p>\n\n\n\n<p>A Confer\u00eancia da Mata Atl\u00e2ntica, segundo maior bioma do pa\u00eds e que compreende a \u00e1rea onde vive mais de 70% da popula\u00e7\u00e3o nacional, acontece at\u00e9 a pr\u00f3xima quinta-feira (21\/08).&nbsp;O encontro prop\u00f5e um espa\u00e7o estrat\u00e9gico de articula\u00e7\u00e3o nacional e internacional sobre os grandes desafios das mudan\u00e7as clim\u00e1ticas, com especial aten\u00e7\u00e3o \u00e0 preserva\u00e7\u00e3o da biodiversidade e ao papel da Mata Atl\u00e2ntica como bioma-chave na resili\u00eancia ambiental.<\/p>\n\n\n\n<p>O Rio de Janeiro\u00a0\u00e9 o \u00fanico estado do Brasil que aumentou a cobertura de vegeta\u00e7\u00e3o nativa nos \u00faltimos 39 anos, segundo\u00a0estudo publicado recentemente pelo MapBiomas, projeto de mapeamento composto por ONGs, universidades e startups de tecnologia.<\/p>\n\n\n\n<p><strong><em>S\u00e3o Gon\u00e7alo vai mudar: Not\u00edcias de S\u00e3o Gon\u00e7alo e toda regi\u00e3o.<\/em><\/strong><\/p>\n\n\n\n<figure class=\"wp-block-image size-large\"><img decoding=\"async\" width=\"1024\" height=\"252\" src=\"https:\/\/sgvaimudar.com.br\/wp-content\/uploads\/2025\/03\/Anuncie-Aqui-Sao-Goncalo-vai-mudar-1024x252.jpg\" alt=\"\" class=\"wp-image-22693\" srcset=\"https:\/\/sgvaimudar.com.br\/wp-content\/uploads\/2025\/03\/Anuncie-Aqui-Sao-Goncalo-vai-mudar-1024x252.jpg 1024w, https:\/\/sgvaimudar.com.br\/wp-content\/uploads\/2025\/03\/Anuncie-Aqui-Sao-Goncalo-vai-mudar-300x74.jpg 300w, https:\/\/sgvaimudar.com.br\/wp-content\/uploads\/2025\/03\/Anuncie-Aqui-Sao-Goncalo-vai-mudar-768x189.jpg 768w, https:\/\/sgvaimudar.com.br\/wp-content\/uploads\/2025\/03\/Anuncie-Aqui-Sao-Goncalo-vai-mudar-1536x378.jpg 1536w, https:\/\/sgvaimudar.com.br\/wp-content\/uploads\/2025\/03\/Anuncie-Aqui-Sao-Goncalo-vai-mudar-2048x504.jpg 2048w\" sizes=\"(max-width: 1024px) 100vw, 1024px\" \/><\/figure>\n","protected":false},"excerpt":{"rendered":"<p>Durante evento em Curitiba, governadores apresentaram solu\u00e7\u00f5es voltadas \u00e0 sustentabilidade para o fortalecimento regional O governador Cl\u00e1udio Castro tomou posse,&hellip;<\/p>\n","protected":false},"author":5,"featured_media":29682,"comment_status":"open","ping_status":"open","sticky":false,"template":"","format":"standard","meta":{"fifu_image_url":"","fifu_image_alt":"","footnotes":""},"categories":[4],"tags":[],"class_list":["post-29681","post","type-post","status-publish","format-standard","has-post-thumbnail","hentry","category-brasil"],"_links":{"self":[{"href":"https:\/\/sgvaimudar.com.br\/index.php\/wp-json\/wp\/v2\/posts\/29681","targetHints":{"allow":["GET"]}}],"collection":[{"href":"https:\/\/sgvaimudar.com.br\/index.php\/wp-json\/wp\/v2\/posts"}],"about":[{"href":"https:\/\/sgvaimudar.com.br\/index.php\/wp-json\/wp\/v2\/types\/post"}],"author":[{"embeddable":true,"href":"https:\/\/sgvaimudar.com.br\/index.php\/wp-json\/wp\/v2\/users\/5"}],"replies":[{"embeddable":true,"href":"https:\/\/sgvaimudar.com.br\/index.php\/wp-json\/wp\/v2\/comments?post=29681"}],"version-history":[{"count":2,"href":"https:\/\/sgvaimudar.com.br\/index.php\/wp-json\/wp\/v2\/posts\/29681\/revisions"}],"predecessor-version":[{"id":29685,"href":"https:\/\/sgvaimudar.com.br\/index.php\/wp-json\/wp\/v2\/posts\/29681\/revisions\/29685"}],"wp:featuredmedia":[{"embeddable":true,"href":"https:\/\/sgvaimudar.com.br\/index.php\/wp-json\/wp\/v2\/media\/29682"}],"wp:attachment":[{"href":"https:\/\/sgvaimudar.com.br\/index.php\/wp-json\/wp\/v2\/media?parent=29681"}],"wp:term":[{"taxonomy":"category","embeddable":true,"href":"https:\/\/sgvaimudar.com.br\/index.php\/wp-json\/wp\/v2\/categories?post=29681"},{"taxonomy":"post_tag","embeddable":true,"href":"https:\/\/sgvaimudar.com.br\/index.php\/wp-json\/wp\/v2\/tags?post=29681"}],"curies":[{"name":"wp","href":"https:\/\/api.w.org\/{rel}","templated":true}]}}