{"id":29677,"date":"2025-08-20T15:00:00","date_gmt":"2025-08-20T18:00:00","guid":{"rendered":"https:\/\/sgvaimudar.com.br\/?p=29677"},"modified":"2025-08-20T10:37:49","modified_gmt":"2025-08-20T13:37:49","slug":"itaborai-segue-em-transformacao-com-obras-e-melhorias-em-diversos-bairros","status":"publish","type":"post","link":"https:\/\/sgvaimudar.com.br\/index.php\/2025\/08\/20\/itaborai-segue-em-transformacao-com-obras-e-melhorias-em-diversos-bairros\/","title":{"rendered":"Itabora\u00ed segue em transforma\u00e7\u00e3o com obras e melhorias em diversos bairros"},"content":{"rendered":"\n<p>Os moradores de Itabora\u00ed viram nesta ter\u00e7a-feira (19\/08) uma visita t\u00e9cnica que a  Prefeitura realizou sobre importantes obras e a\u00e7\u00f5es em andamento no munic\u00edpio. Na ocasi\u00e3o, o prefeito Marcelo Delaroli esteve acompanhado do presidente da Companhia Municipal de Conserva\u00e7\u00e3o e Limpeza (Conserlimpi), H\u00e9dio Mataruna; do secret\u00e1rio municipal de Servi\u00e7os P\u00fablicos, Diogo Sperling; do chefe de Gabinete, Uilton Vianna; al\u00e9m de outras autoridades municipais.<\/p>\n\n\n\n<figure class=\"wp-block-image size-large\"><img fetchpriority=\"high\" decoding=\"async\" width=\"1024\" height=\"576\" src=\"https:\/\/sgvaimudar.com.br\/wp-content\/uploads\/2025\/08\/Itaborai-segue-em-transformacao-com-obras-e-melhorias-em-diversos-bairros-2-1024x576.jpeg\" alt=\"\" class=\"wp-image-29678\" srcset=\"https:\/\/sgvaimudar.com.br\/wp-content\/uploads\/2025\/08\/Itaborai-segue-em-transformacao-com-obras-e-melhorias-em-diversos-bairros-2-1024x576.jpeg 1024w, https:\/\/sgvaimudar.com.br\/wp-content\/uploads\/2025\/08\/Itaborai-segue-em-transformacao-com-obras-e-melhorias-em-diversos-bairros-2-300x169.jpeg 300w, https:\/\/sgvaimudar.com.br\/wp-content\/uploads\/2025\/08\/Itaborai-segue-em-transformacao-com-obras-e-melhorias-em-diversos-bairros-2-768x432.jpeg 768w, https:\/\/sgvaimudar.com.br\/wp-content\/uploads\/2025\/08\/Itaborai-segue-em-transformacao-com-obras-e-melhorias-em-diversos-bairros-2-1536x864.jpeg 1536w, https:\/\/sgvaimudar.com.br\/wp-content\/uploads\/2025\/08\/Itaborai-segue-em-transformacao-com-obras-e-melhorias-em-diversos-bairros-2.jpeg 1600w\" sizes=\"(max-width: 1024px) 100vw, 1024px\" \/><\/figure>\n\n\n\n<p>A agenda teve in\u00edcio no bairro Nova Cidade, onde est\u00e1 sendo realizada uma grande a\u00e7\u00e3o de conserva\u00e7\u00e3o e limpeza urbana. Em seguida, a comitiva esteve na Esta\u00e7\u00e3o Cidadania, tamb\u00e9m em Nova Cidade, para acompanhar a reforma da quadra poliesportiva e a revitaliza\u00e7\u00e3o da pra\u00e7a, que em breve ser\u00e1 entregue \u00e0 comunidade completamente renovada.<\/p>\n\n\n\n<p>Logo ap\u00f3s, foi a vez de conferir o andamento da obra da ciclovia, na altura do bairro Venda das Pedras. O projeto ligar\u00e1 pontos estrat\u00e9gicos da cidade e trar\u00e1 mais seguran\u00e7a e mobilidade para ciclistas e pedestres, transformando a principal via do munic\u00edpio em um espa\u00e7o moderno e acess\u00edvel.<\/p>\n\n\n\n<p>De acordo com o prefeito Marcelo Delaroli, as melhorias representam o compromisso da gest\u00e3o com o bem-estar da popula\u00e7\u00e3o.<\/p>\n\n\n\n<p>\u201cCada obra que visitamos hoje tem um significado especial, porque representa qualidade de vida para os moradores de Itabora\u00ed. Estamos cuidando dos bairros, revitalizando espa\u00e7os de lazer e garantindo mobilidade para todos. Isso s\u00f3 \u00e9 poss\u00edvel gra\u00e7as ao trabalho em conjunto com nossa equipe e, principalmente, com a confian\u00e7a da popula\u00e7\u00e3o, que nos inspira a continuar transformando cada cantinho da nossa cidade. Itabora\u00ed n\u00e3o tem tempo a perder, vamos continuar avan\u00e7ando\u201d,<br>ressaltou Marcelo Delaroli.<\/p>\n\n\n\n<p>A popula\u00e7\u00e3o tamb\u00e9m reconhece os avan\u00e7os. O morador Michel C\u00e2ndido, de 47 anos, que vive em Itabora\u00ed h\u00e1 45, destacou a import\u00e2ncia do momento.<\/p>\n\n\n\n<p>\u201cIsso \u00e9 resultado de muito trabalho que est\u00e1 acontecendo em Itabora\u00ed. Eu admiro a dedica\u00e7\u00e3o da gest\u00e3o e acredito que estamos colhendo frutos de um esfor\u00e7o coletivo, que faz diferen\u00e7a na vida de todos n\u00f3s. Como morador, vejo que nossas ora\u00e7\u00f5es e a esperan\u00e7a de dias melhores est\u00e3o se concretizando\u201d, declarou o morador do bairro Reta Velha.<\/p>\n\n\n\n<p>As obras de infraestrutura e a\u00e7\u00f5es de limpeza urbana continuar\u00e3o acontecendo em diversos pontos da cidade ao longo da semana, refor\u00e7ando o compromisso com a transforma\u00e7\u00e3o que est\u00e1 acontecendo em Itabora\u00ed.<\/p>\n\n\n\n<p><strong><em>S\u00e3o Gon\u00e7alo vai mudar: Not\u00edcias de S\u00e3o Gon\u00e7alo e toda regi\u00e3o.<\/em><\/strong><\/p>\n\n\n\n<figure class=\"wp-block-image size-large\"><img decoding=\"async\" width=\"1024\" height=\"252\" src=\"https:\/\/sgvaimudar.com.br\/wp-content\/uploads\/2025\/03\/Anuncie-Aqui-Sao-Goncalo-vai-mudar-1024x252.jpg\" alt=\"\" class=\"wp-image-22693\" srcset=\"https:\/\/sgvaimudar.com.br\/wp-content\/uploads\/2025\/03\/Anuncie-Aqui-Sao-Goncalo-vai-mudar-1024x252.jpg 1024w, https:\/\/sgvaimudar.com.br\/wp-content\/uploads\/2025\/03\/Anuncie-Aqui-Sao-Goncalo-vai-mudar-300x74.jpg 300w, https:\/\/sgvaimudar.com.br\/wp-content\/uploads\/2025\/03\/Anuncie-Aqui-Sao-Goncalo-vai-mudar-768x189.jpg 768w, https:\/\/sgvaimudar.com.br\/wp-content\/uploads\/2025\/03\/Anuncie-Aqui-Sao-Goncalo-vai-mudar-1536x378.jpg 1536w, https:\/\/sgvaimudar.com.br\/wp-content\/uploads\/2025\/03\/Anuncie-Aqui-Sao-Goncalo-vai-mudar-2048x504.jpg 2048w\" sizes=\"(max-width: 1024px) 100vw, 1024px\" \/><\/figure>\n","protected":false},"excerpt":{"rendered":"<p>Os moradores de Itabora\u00ed viram nesta ter\u00e7a-feira (19\/08) uma visita t\u00e9cnica que a Prefeitura realizou sobre importantes obras e a\u00e7\u00f5es&hellip;<\/p>\n","protected":false},"author":5,"featured_media":29679,"comment_status":"open","ping_status":"open","sticky":false,"template":"","format":"standard","meta":{"fifu_image_url":"","fifu_image_alt":"","footnotes":""},"categories":[36],"tags":[],"class_list":["post-29677","post","type-post","status-publish","format-standard","has-post-thumbnail","hentry","category-bem-estar"],"_links":{"self":[{"href":"https:\/\/sgvaimudar.com.br\/index.php\/wp-json\/wp\/v2\/posts\/29677","targetHints":{"allow":["GET"]}}],"collection":[{"href":"https:\/\/sgvaimudar.com.br\/index.php\/wp-json\/wp\/v2\/posts"}],"about":[{"href":"https:\/\/sgvaimudar.com.br\/index.php\/wp-json\/wp\/v2\/types\/post"}],"author":[{"embeddable":true,"href":"https:\/\/sgvaimudar.com.br\/index.php\/wp-json\/wp\/v2\/users\/5"}],"replies":[{"embeddable":true,"href":"https:\/\/sgvaimudar.com.br\/index.php\/wp-json\/wp\/v2\/comments?post=29677"}],"version-history":[{"count":1,"href":"https:\/\/sgvaimudar.com.br\/index.php\/wp-json\/wp\/v2\/posts\/29677\/revisions"}],"predecessor-version":[{"id":29680,"href":"https:\/\/sgvaimudar.com.br\/index.php\/wp-json\/wp\/v2\/posts\/29677\/revisions\/29680"}],"wp:featuredmedia":[{"embeddable":true,"href":"https:\/\/sgvaimudar.com.br\/index.php\/wp-json\/wp\/v2\/media\/29679"}],"wp:attachment":[{"href":"https:\/\/sgvaimudar.com.br\/index.php\/wp-json\/wp\/v2\/media?parent=29677"}],"wp:term":[{"taxonomy":"category","embeddable":true,"href":"https:\/\/sgvaimudar.com.br\/index.php\/wp-json\/wp\/v2\/categories?post=29677"},{"taxonomy":"post_tag","embeddable":true,"href":"https:\/\/sgvaimudar.com.br\/index.php\/wp-json\/wp\/v2\/tags?post=29677"}],"curies":[{"name":"wp","href":"https:\/\/api.w.org\/{rel}","templated":true}]}}