{"id":29633,"date":"2025-08-20T07:44:48","date_gmt":"2025-08-20T10:44:48","guid":{"rendered":"https:\/\/sgvaimudar.com.br\/?p=29633"},"modified":"2025-08-20T07:44:48","modified_gmt":"2025-08-20T10:44:48","slug":"sao-goncalo-oferece-aulas-de-jiu-jitsu-para-autistas","status":"publish","type":"post","link":"https:\/\/sgvaimudar.com.br\/index.php\/2025\/08\/20\/sao-goncalo-oferece-aulas-de-jiu-jitsu-para-autistas\/","title":{"rendered":"S\u00e3o Gon\u00e7alo oferece aulas de Jiu-J\u00edtsu para autistas"},"content":{"rendered":"\n<p><em>Atendidos no Centro de Refer\u00eancia do Centro iniciam arte marcial<\/em><\/p>\n\n\n\n<p>O Centro de Refer\u00eancia Municipal do Autista Marlene Fel\u00edcio Faria, no Centro do munic\u00edpio de S\u00e3o Gon\u00e7alo, realizou, nesta ter\u00e7a-feira (19), a aula inaugural de Jiu-J\u00edtsu para os atendidos. O evento contou com entrega de kimonos, explica\u00e7\u00e3o sobre a arte marcial para alunos e respons\u00e1veis e uma demonstra\u00e7\u00e3o da aula, que vai acontecer \u00e0s ter\u00e7as-feiras e quintas-feiras na unidade. A iniciativa \u00e9 da Secretaria de Educa\u00e7\u00e3o da Prefeitura de S\u00e3o Gon\u00e7alo.<\/p>\n\n\n\n<p>A pr\u00e1tica do Jiu-J\u00edtsu \u00e9 uma ferramenta eficaz no desenvolvimento de habilidades motoras, sociais e emocionais de crian\u00e7as autistas. Com foco na disciplina, respeito e controle emocional, o esporte ajuda a melhorar a coordena\u00e7\u00e3o e a concentra\u00e7\u00e3o, fundamentais para o desenvolvimento cognitivo. Al\u00e9m disso, arte marcial promove a integra\u00e7\u00e3o social e melhora a autoestima.<\/p>\n\n\n\n<figure class=\"wp-block-image size-large\"><img fetchpriority=\"high\" decoding=\"async\" width=\"1024\" height=\"684\" src=\"https:\/\/sgvaimudar.com.br\/wp-content\/uploads\/2025\/08\/unnamed-33-1024x684.jpg\" alt=\"\" class=\"wp-image-29635\" srcset=\"https:\/\/sgvaimudar.com.br\/wp-content\/uploads\/2025\/08\/unnamed-33-1024x684.jpg 1024w, https:\/\/sgvaimudar.com.br\/wp-content\/uploads\/2025\/08\/unnamed-33-300x200.jpg 300w, https:\/\/sgvaimudar.com.br\/wp-content\/uploads\/2025\/08\/unnamed-33-768x513.jpg 768w, https:\/\/sgvaimudar.com.br\/wp-content\/uploads\/2025\/08\/unnamed-33-1536x1027.jpg 1536w, https:\/\/sgvaimudar.com.br\/wp-content\/uploads\/2025\/08\/unnamed-33.jpg 1616w\" sizes=\"(max-width: 1024px) 100vw, 1024px\" \/><\/figure>\n\n\n\n<p>\u201cAcredito que o Jiu-j\u00edtsu \u00e9 uma ferramenta de transforma\u00e7\u00e3o na vida das pessoas, n\u00e3o s\u00f3 como atividade f\u00edsica mas tamb\u00e9m desenvolvendo as partes cognitiva e social. As aulas ser\u00e3o divididas em duplas, para que haja uma intera\u00e7\u00e3o entre os alunos. Estou muito feliz de estar aqui tendo essa troca t\u00e3o importante, ser\u00e1 um aprendizado m\u00fatuo\u201d, disse o professor Julio Sinhorello.<\/p>\n\n\n\n<p>Para Danielle Carvalho, m\u00e3e do Heitor, de 6 anos, as aulas chegaram no momento certo. Ap\u00f3s pesquisar sobre o tema e entender os benef\u00edcios da arte marcial para pessoas com Transtorno do Espectro Autista (TEA), ela n\u00e3o teve d\u00favidas e inscreveu o filho.<\/p>\n\n\n\n<p>\u201c\u00c9 muito bom ver ele interagindo, conseguindo fazer as coisas que o professor est\u00e1 propondo. Apesar das dificuldades, ele est\u00e1 avan\u00e7ando e, para mim, \u00e9 muito emocionante ver essa supera\u00e7\u00e3o. O Jiu-J\u00edtsu j\u00e1 era uma aula que eu estava procurando para ele, por dar autonomia e ajudar na concentra\u00e7\u00e3o. Por quest\u00e3o financeira, n\u00e3o tive como pagar uma aula por fora, por isso foi maravilhoso saber que teria aqui, eu inscrevi o Heitor na hora\u201d, afirmou a m\u00e3e.<\/p>\n\n\n\n<p><em>Foto: Renan Otto<\/em><\/p>\n\n\n\n<p><strong><em>S\u00e3o Gon\u00e7alo vai mudar: Not\u00edcias de S\u00e3o Gon\u00e7alo e toda regi\u00e3o.<\/em><\/strong><\/p>\n\n\n\n<figure class=\"wp-block-image size-full\"><img decoding=\"async\" width=\"250\" height=\"87\" src=\"https:\/\/sgvaimudar.com.br\/wp-content\/uploads\/2023\/08\/cropped-Logo.png\" alt=\"\" class=\"wp-image-2739\" \/><\/figure>\n","protected":false},"excerpt":{"rendered":"<p>Atendidos no Centro de Refer\u00eancia do Centro iniciam arte marcial O Centro de Refer\u00eancia Municipal do Autista Marlene Fel\u00edcio Faria,&hellip;<\/p>\n","protected":false},"author":5,"featured_media":29634,"comment_status":"open","ping_status":"open","sticky":false,"template":"","format":"standard","meta":{"fifu_image_url":"","fifu_image_alt":"","footnotes":""},"categories":[5],"tags":[],"class_list":["post-29633","post","type-post","status-publish","format-standard","has-post-thumbnail","hentry","category-esportes"],"_links":{"self":[{"href":"https:\/\/sgvaimudar.com.br\/index.php\/wp-json\/wp\/v2\/posts\/29633","targetHints":{"allow":["GET"]}}],"collection":[{"href":"https:\/\/sgvaimudar.com.br\/index.php\/wp-json\/wp\/v2\/posts"}],"about":[{"href":"https:\/\/sgvaimudar.com.br\/index.php\/wp-json\/wp\/v2\/types\/post"}],"author":[{"embeddable":true,"href":"https:\/\/sgvaimudar.com.br\/index.php\/wp-json\/wp\/v2\/users\/5"}],"replies":[{"embeddable":true,"href":"https:\/\/sgvaimudar.com.br\/index.php\/wp-json\/wp\/v2\/comments?post=29633"}],"version-history":[{"count":1,"href":"https:\/\/sgvaimudar.com.br\/index.php\/wp-json\/wp\/v2\/posts\/29633\/revisions"}],"predecessor-version":[{"id":29636,"href":"https:\/\/sgvaimudar.com.br\/index.php\/wp-json\/wp\/v2\/posts\/29633\/revisions\/29636"}],"wp:featuredmedia":[{"embeddable":true,"href":"https:\/\/sgvaimudar.com.br\/index.php\/wp-json\/wp\/v2\/media\/29634"}],"wp:attachment":[{"href":"https:\/\/sgvaimudar.com.br\/index.php\/wp-json\/wp\/v2\/media?parent=29633"}],"wp:term":[{"taxonomy":"category","embeddable":true,"href":"https:\/\/sgvaimudar.com.br\/index.php\/wp-json\/wp\/v2\/categories?post=29633"},{"taxonomy":"post_tag","embeddable":true,"href":"https:\/\/sgvaimudar.com.br\/index.php\/wp-json\/wp\/v2\/tags?post=29633"}],"curies":[{"name":"wp","href":"https:\/\/api.w.org\/{rel}","templated":true}]}}