{"id":29623,"date":"2025-08-19T17:00:00","date_gmt":"2025-08-19T20:00:00","guid":{"rendered":"https:\/\/sgvaimudar.com.br\/?p=29623"},"modified":"2025-08-19T10:28:31","modified_gmt":"2025-08-19T13:28:31","slug":"claudio-castro-anuncia-investimento-de-r-15-milhoes-no-lancamento-do-mundial-de-ginastica-ritmica","status":"publish","type":"post","link":"https:\/\/sgvaimudar.com.br\/index.php\/2025\/08\/19\/claudio-castro-anuncia-investimento-de-r-15-milhoes-no-lancamento-do-mundial-de-ginastica-ritmica\/","title":{"rendered":"Cl\u00e1udio Castro anuncia investimento de R$ 15 milh\u00f5es no lan\u00e7amento do Mundial de Gin\u00e1stica R\u00edtmica"},"content":{"rendered":"\n<p><em>Ap\u00f3s 40 edi\u00e7\u00f5es, \u00e9 a primeira vez que a competi\u00e7\u00e3o \u00e9 realizada na Am\u00e9rica do Sul<\/em><\/p>\n\n\n\n<p>O governador Cl\u00e1udio Castro recebeu a comitiva do Mundial de Gin\u00e1stica R\u00edtmica, no Pal\u00e1cio Laranjeiras, onde foi realizado o lan\u00e7amento oficial da competi\u00e7\u00e3o, nesta segunda-feira (18\/08). O Governo do Estado investe cerca de R$ 15 milh\u00f5es no evento. Ap\u00f3s 40 edi\u00e7\u00f5es em outros continentes, essa \u00e9 a primeira vez que o Mundial acontece na Am\u00e9rica do Sul.<\/p>\n\n\n\n<p>\u2013 Investir na realiza\u00e7\u00e3o desta edi\u00e7\u00e3o do Mundial de Gin\u00e1stica R\u00edtmica \u00e9 uma a\u00e7\u00e3o estrat\u00e9gica, que al\u00e9m de fomentar o esporte, movimenta a economia local, incentivando o turismo e gerando empregos em diversos setores. A gin\u00e1stica tem atuado quase como um garimpo, os atletas t\u00eam trazido v\u00e1rias medalhas preciosas \u2013 celebrou o governador Cl\u00e1udio Castro.<\/p>\n\n\n\n<figure class=\"wp-block-image size-large\"><img fetchpriority=\"high\" decoding=\"async\" width=\"1024\" height=\"800\" src=\"https:\/\/sgvaimudar.com.br\/wp-content\/uploads\/2025\/08\/IMGL5011-1024x800.jpg\" alt=\"\" class=\"wp-image-29624\" srcset=\"https:\/\/sgvaimudar.com.br\/wp-content\/uploads\/2025\/08\/IMGL5011-1024x800.jpg 1024w, https:\/\/sgvaimudar.com.br\/wp-content\/uploads\/2025\/08\/IMGL5011-300x235.jpg 300w, https:\/\/sgvaimudar.com.br\/wp-content\/uploads\/2025\/08\/IMGL5011-768x600.jpg 768w, https:\/\/sgvaimudar.com.br\/wp-content\/uploads\/2025\/08\/IMGL5011-1536x1201.jpg 1536w, https:\/\/sgvaimudar.com.br\/wp-content\/uploads\/2025\/08\/IMGL5011-2048x1601.jpg 2048w\" sizes=\"(max-width: 1024px) 100vw, 1024px\" \/><\/figure>\n\n\n\n<p>A competi\u00e7\u00e3o acontece entre os dias 20 e 24 de agosto, na Arena Carioca 2, na Barra da Tijuca. Essa edi\u00e7\u00e3o ser\u00e1 a maior da hist\u00f3ria da modalidade: reunir\u00e1 78 na\u00e7\u00f5es, incluindo 18 das Am\u00e9ricas, superando a marca anterior registrada no Mundial de 2023, em Val\u00eancia, na Espanha, que contou com 62 pa\u00edses.<\/p>\n\n\n\n<p>\u2013 Receber no Rio de Janeiro a maior edi\u00e7\u00e3o da hist\u00f3ria do Mundial de Gin\u00e1stica R\u00edtmica \u00e9 motivo de imenso orgulho para o nosso estado e para todo o Brasil. Ter esse evento in\u00e9dito na Am\u00e9rica do Sul refor\u00e7a o nosso papel como refer\u00eancia na organiza\u00e7\u00e3o de grandes encontros esportivos. \u00c9 tamb\u00e9m uma oportunidade de celebrar o talento e a dedica\u00e7\u00e3o das melhores ginastas do planeta \u2013 destacou o secret\u00e1rio de Estado de Esporte e Lazer, Rafael Picciani.<\/p>\n\n\n\n<p>No total, 111 ginastas disputar\u00e3o o torneio individual, enquanto 36 conjuntos entrar\u00e3o em a\u00e7\u00e3o \u2014 n\u00fameros que tamb\u00e9m representam um crescimento expressivo em rela\u00e7\u00e3o \u00e0 \u00faltima edi\u00e7\u00e3o, que registrou 92 atletas e 24 conjuntos.<\/p>\n\n\n\n<p>A composi\u00e7\u00e3o dos grupos e a ordem de apresenta\u00e7\u00f5es foram definidas em um torneio realizado online. O Brasil competir\u00e1 no grupo 2 do individual e no grupo 1 em conjunto. Os ingressos para o p\u00fablico est\u00e3o dispon\u00edveis no site ingresse.com.<\/p>\n\n\n\n<p>Confira abaixo a programa\u00e7\u00e3o completa do evento, divulgada pela Federa\u00e7\u00e3o Internacional de Gin\u00e1stica (FIG):<\/p>\n\n\n\n<p>Quarta-feira, 20 de Agosto<br>9h-12h \u2013 Gin\u00e1stica R\u00edtmica Individual \u2013 Classificat\u00f3rias arco e bola \u2013 Grupo A<br>12h-12h45 \u2013 Cerim\u00f4nia de abertura<br>12h45-15h45 \u2013 Gin\u00e1stica R\u00edtmica Individual \u2013 Classificat\u00f3rias arco e bola \u2013 Grupo B<br>16h10-19h10 \u2013 Gin\u00e1stica R\u00edtmica Individual \u2013 Classificat\u00f3rias arco e bola \u2013 Grupo C<br>19h35-22h35 \u2013 Gin\u00e1stica R\u00edtmica Individual \u2013 Classificat\u00f3rias arco e bola \u2013 Grupo D<\/p>\n\n\n\n<p>Quinta-feira, 21 de Agosto<br>9h-12h \u2013 Gin\u00e1stica R\u00edtmica Individual \u2013 Classificat\u00f3rias ma\u00e7as e fita \u2013 Grupo B<br>12h45-15h45 \u2013 Gin\u00e1stica R\u00edtmica Individual \u2013 Classificat\u00f3rias ma\u00e7as e fita \u2013 Grupo A<br>16h10-19h10 \u2013 Gin\u00e1stica R\u00edtmica Individual \u2013 Classificat\u00f3rias ma\u00e7as e fita \u2013 Grupo D<br>19h35-22h35 \u2013 Gin\u00e1stica R\u00edtmica Individual \u2013 Classificat\u00f3rias ma\u00e7as e fita \u2013 Grupo C<\/p>\n\n\n\n<p>Sexta-feira, 22 de Agosto<br>14h30-16h40 \u2013 Gin\u00e1stica R\u00edtmica Individual \u2013 Final \u2013 Individual Geral \u2013 Grupo B (posi\u00e7\u00f5es 10 a 18)<br>17h-19h10 \u2013 Gin\u00e1stica R\u00edtmica Individual \u2013 Final \u2013 Individual Geral \u2013 Grupo A (posi\u00e7\u00f5es 1 a 9)<\/p>\n\n\n\n<p>S\u00e1bado, 23 de Agosto<br>14h-16h30 \u2013 Gin\u00e1stica R\u00edtmica de Conjunto \u2013 All-around \u2013 5 fitas e 3 bolas\/2 arcos<br>17h-19h \u2013 Gin\u00e1stica R\u00edtmica de Conjunto \u2013 All-around \u2013 5 fitas e 3 bolas\/2 arcos<\/p>\n\n\n\n<p>Domingo, 24 de Agosto<br>11h-11h35 \u2013 Gin\u00e1stica R\u00edtmica Individual \u2013 Final \u2013 arco<br>11h40-12h15 \u2013 Gin\u00e1stica R\u00edtmica Individual \u2013 Final \u2013 bola<br>12h50-13h35 \u2013 Gin\u00e1stica R\u00edtmica de Conjunto \u2013 Final \u2013 5 fitas<br>14h-14h35 \u2013 Gin\u00e1stica R\u00edtmica Individual \u2013 Final \u2013 ma\u00e7as<br>14h40-15h15 \u2013 Gin\u00e1stica R\u00edtmica Individual \u2013 Final \u2013 fita<br>15h50-16h35 \u2013 Gin\u00e1stica R\u00edtmica de Conjunto \u2013 Final \u2013\u00a03\u00a0bolas\/2\u00a0arcos.<\/p>\n\n\n\n<p><em>Fotos Eliane Carvalho<\/em><\/p>\n\n\n\n<p><strong><em>S\u00e3o Gon\u00e7alo vai mudar: Not\u00edcias de S\u00e3o Gon\u00e7alo e toda regi\u00e3o.<\/em><\/strong><\/p>\n\n\n\n<figure class=\"wp-block-image size-large\"><img decoding=\"async\" width=\"1024\" height=\"252\" src=\"https:\/\/sgvaimudar.com.br\/wp-content\/uploads\/2025\/03\/Anuncie-Aqui-Sao-Goncalo-vai-mudar-1024x252.jpg\" alt=\"\" class=\"wp-image-22693\" srcset=\"https:\/\/sgvaimudar.com.br\/wp-content\/uploads\/2025\/03\/Anuncie-Aqui-Sao-Goncalo-vai-mudar-1024x252.jpg 1024w, https:\/\/sgvaimudar.com.br\/wp-content\/uploads\/2025\/03\/Anuncie-Aqui-Sao-Goncalo-vai-mudar-300x74.jpg 300w, https:\/\/sgvaimudar.com.br\/wp-content\/uploads\/2025\/03\/Anuncie-Aqui-Sao-Goncalo-vai-mudar-768x189.jpg 768w, https:\/\/sgvaimudar.com.br\/wp-content\/uploads\/2025\/03\/Anuncie-Aqui-Sao-Goncalo-vai-mudar-1536x378.jpg 1536w, https:\/\/sgvaimudar.com.br\/wp-content\/uploads\/2025\/03\/Anuncie-Aqui-Sao-Goncalo-vai-mudar-2048x504.jpg 2048w\" sizes=\"(max-width: 1024px) 100vw, 1024px\" \/><\/figure>\n","protected":false},"excerpt":{"rendered":"<p>Ap\u00f3s 40 edi\u00e7\u00f5es, \u00e9 a primeira vez que a competi\u00e7\u00e3o \u00e9 realizada na Am\u00e9rica do Sul O governador Cl\u00e1udio Castro&hellip;<\/p>\n","protected":false},"author":5,"featured_media":29625,"comment_status":"open","ping_status":"open","sticky":false,"template":"","format":"standard","meta":{"fifu_image_url":"","fifu_image_alt":"","footnotes":""},"categories":[5],"tags":[],"class_list":["post-29623","post","type-post","status-publish","format-standard","has-post-thumbnail","hentry","category-esportes"],"_links":{"self":[{"href":"https:\/\/sgvaimudar.com.br\/index.php\/wp-json\/wp\/v2\/posts\/29623","targetHints":{"allow":["GET"]}}],"collection":[{"href":"https:\/\/sgvaimudar.com.br\/index.php\/wp-json\/wp\/v2\/posts"}],"about":[{"href":"https:\/\/sgvaimudar.com.br\/index.php\/wp-json\/wp\/v2\/types\/post"}],"author":[{"embeddable":true,"href":"https:\/\/sgvaimudar.com.br\/index.php\/wp-json\/wp\/v2\/users\/5"}],"replies":[{"embeddable":true,"href":"https:\/\/sgvaimudar.com.br\/index.php\/wp-json\/wp\/v2\/comments?post=29623"}],"version-history":[{"count":1,"href":"https:\/\/sgvaimudar.com.br\/index.php\/wp-json\/wp\/v2\/posts\/29623\/revisions"}],"predecessor-version":[{"id":29626,"href":"https:\/\/sgvaimudar.com.br\/index.php\/wp-json\/wp\/v2\/posts\/29623\/revisions\/29626"}],"wp:featuredmedia":[{"embeddable":true,"href":"https:\/\/sgvaimudar.com.br\/index.php\/wp-json\/wp\/v2\/media\/29625"}],"wp:attachment":[{"href":"https:\/\/sgvaimudar.com.br\/index.php\/wp-json\/wp\/v2\/media?parent=29623"}],"wp:term":[{"taxonomy":"category","embeddable":true,"href":"https:\/\/sgvaimudar.com.br\/index.php\/wp-json\/wp\/v2\/categories?post=29623"},{"taxonomy":"post_tag","embeddable":true,"href":"https:\/\/sgvaimudar.com.br\/index.php\/wp-json\/wp\/v2\/tags?post=29623"}],"curies":[{"name":"wp","href":"https:\/\/api.w.org\/{rel}","templated":true}]}}