{"id":29620,"date":"2025-08-19T15:00:00","date_gmt":"2025-08-19T18:00:00","guid":{"rendered":"https:\/\/sgvaimudar.com.br\/?p=29620"},"modified":"2025-08-19T10:22:26","modified_gmt":"2025-08-19T13:22:26","slug":"itaborai-promove-encontro-com-gestantes-e-puerperas-em-alusao-ao-agosto-dourado","status":"publish","type":"post","link":"https:\/\/sgvaimudar.com.br\/index.php\/2025\/08\/19\/itaborai-promove-encontro-com-gestantes-e-puerperas-em-alusao-ao-agosto-dourado\/","title":{"rendered":"Itabora\u00ed promove encontro com gestantes e pu\u00e9rperas em alus\u00e3o ao Agosto Dourado"},"content":{"rendered":"\n<p>A manh\u00e3 desta segunda-feira (18\/08) foi marcada por um momento de acolhimento e informa\u00e7\u00e3o no Centro de Especialidades e Cl\u00ednica da Mulher (Cecam), em Itabora\u00ed. Em alus\u00e3o ao Agosto Dourado, m\u00eas de incentivo mundial ao aleitamento materno, a Sala de Apoio \u00e0 Amamenta\u00e7\u00e3o promoveu uma conversa com gestantes e pu\u00e9rperas sobre a import\u00e2ncia da amamenta\u00e7\u00e3o e da cria\u00e7\u00e3o de ambientes de apoio sustent\u00e1veis para m\u00e3es e beb\u00eas.<\/p>\n\n\n\n<p>Neste ano, a Semana Mundial de Aleitamento Materno (Smam) trouxe como tema \u201cPriorize a amamenta\u00e7\u00e3o: Construindo ambientes de apoio sustent\u00e1veis\u201d, refor\u00e7ando o papel da sociedade na constru\u00e7\u00e3o de espa\u00e7os que favore\u00e7am e incentivem as mulheres a amamentarem.<\/p>\n\n\n\n<p>O momento de conversa teve como objetivo sensibilizar as mulheres para al\u00e9m do ato de amamentar. Foram abordadas informa\u00e7oes sobre como \u00e9 importante criarem ambientes que incentivem e favore\u00e7am as mulheres a amamentarem, para que a m\u00e3e n\u00e3o se sinta sozinha, mas sim parte de uma rede de apoio que acolhe e fortalece esse momento t\u00e3o essencial para o beb\u00ea e para ela mesma.<\/p>\n\n\n\n<p>A secret\u00e1ria municipal de Sa\u00fade, Analice Rangel, ressaltou a relev\u00e2ncia da campanha.<\/p>\n\n\n\n<p>\u201cO Agosto Dourado \u00e9 um chamado \u00e0 sociedade para apoiar as m\u00e3es no aleitamento. Em Itabora\u00ed, buscamos n\u00e3o apenas orientar, mas tamb\u00e9m garantir uma rede de suporte que fortale\u00e7a esse gesto de amor e sa\u00fade para nossos beb\u00eas\u201d, afirmou a secret\u00e1ria.<\/p>\n\n\n\n<p>A a\u00e7\u00e3o se integra \u00e0s estrat\u00e9gias da Rede Alyne, que apoia Urg\u00eancia, Emerg\u00eancia, Aten\u00e7\u00e3o Prim\u00e1ria e Especializada, e ao trabalho de matriciamento, que capacita as equipes da Aten\u00e7\u00e3o B\u00e1sica para atender casos de forma resolutiva em suas unidades, encaminhando apenas situa\u00e7\u00f5es mais complexas.<\/p>\n\n\n\n<p>O encontro tamb\u00e9m abriu espa\u00e7o para relatos emocionantes de m\u00e3es como a Ingrid Nogueira, m\u00e3e do Davi Luca, de 10 dias de vida, que compartilhou suas experi\u00eancias sobre os desafios e alegrias da amamenta\u00e7\u00e3o.<\/p>\n\n\n\n<p>\u201cO leite materno protege o nosso nen\u00e9m. Tenho cinco filhos e todos mamaram no meu peito. Agrade\u00e7o muito por ter a oportunidade de trocar experi\u00eancia com outras mulheres que est\u00e3o passando por esse momento\u201d, contou a moradora do Bairro Esperan\u00e7a.<\/p>\n\n\n\n<p>O Agosto Dourado \u00e9 celebrado em diversos pa\u00edses e busca conscientizar sobre os benef\u00edcios do leite materno, que vai muito al\u00e9m da nutri\u00e7\u00e3o, trazendo prote\u00e7\u00e3o imunol\u00f3gica, fortalecimento do v\u00ednculo entre m\u00e3e e filho e impacto positivo no desenvolvimento infantil.<\/p>\n\n\n\n<p><strong><em>S\u00e3o Gon\u00e7alo vai mudar: Not\u00edcias de S\u00e3o Gon\u00e7alo e toda regi\u00e3o.<\/em><\/strong><\/p>\n\n\n\n<figure class=\"wp-block-image size-large\"><img fetchpriority=\"high\" decoding=\"async\" width=\"1024\" height=\"252\" src=\"https:\/\/sgvaimudar.com.br\/wp-content\/uploads\/2025\/03\/Anuncie-Aqui-Sao-Goncalo-vai-mudar-1024x252.jpg\" alt=\"\" class=\"wp-image-22693\" srcset=\"https:\/\/sgvaimudar.com.br\/wp-content\/uploads\/2025\/03\/Anuncie-Aqui-Sao-Goncalo-vai-mudar-1024x252.jpg 1024w, https:\/\/sgvaimudar.com.br\/wp-content\/uploads\/2025\/03\/Anuncie-Aqui-Sao-Goncalo-vai-mudar-300x74.jpg 300w, https:\/\/sgvaimudar.com.br\/wp-content\/uploads\/2025\/03\/Anuncie-Aqui-Sao-Goncalo-vai-mudar-768x189.jpg 768w, https:\/\/sgvaimudar.com.br\/wp-content\/uploads\/2025\/03\/Anuncie-Aqui-Sao-Goncalo-vai-mudar-1536x378.jpg 1536w, https:\/\/sgvaimudar.com.br\/wp-content\/uploads\/2025\/03\/Anuncie-Aqui-Sao-Goncalo-vai-mudar-2048x504.jpg 2048w\" sizes=\"(max-width: 1024px) 100vw, 1024px\" \/><\/figure>\n","protected":false},"excerpt":{"rendered":"<p>A manh\u00e3 desta segunda-feira (18\/08) foi marcada por um momento de acolhimento e informa\u00e7\u00e3o no Centro de Especialidades e Cl\u00ednica&hellip;<\/p>\n","protected":false},"author":5,"featured_media":29621,"comment_status":"open","ping_status":"open","sticky":false,"template":"","format":"standard","meta":{"fifu_image_url":"","fifu_image_alt":"","footnotes":""},"categories":[7],"tags":[],"class_list":["post-29620","post","type-post","status-publish","format-standard","has-post-thumbnail","hentry","category-saude"],"_links":{"self":[{"href":"https:\/\/sgvaimudar.com.br\/index.php\/wp-json\/wp\/v2\/posts\/29620","targetHints":{"allow":["GET"]}}],"collection":[{"href":"https:\/\/sgvaimudar.com.br\/index.php\/wp-json\/wp\/v2\/posts"}],"about":[{"href":"https:\/\/sgvaimudar.com.br\/index.php\/wp-json\/wp\/v2\/types\/post"}],"author":[{"embeddable":true,"href":"https:\/\/sgvaimudar.com.br\/index.php\/wp-json\/wp\/v2\/users\/5"}],"replies":[{"embeddable":true,"href":"https:\/\/sgvaimudar.com.br\/index.php\/wp-json\/wp\/v2\/comments?post=29620"}],"version-history":[{"count":1,"href":"https:\/\/sgvaimudar.com.br\/index.php\/wp-json\/wp\/v2\/posts\/29620\/revisions"}],"predecessor-version":[{"id":29622,"href":"https:\/\/sgvaimudar.com.br\/index.php\/wp-json\/wp\/v2\/posts\/29620\/revisions\/29622"}],"wp:featuredmedia":[{"embeddable":true,"href":"https:\/\/sgvaimudar.com.br\/index.php\/wp-json\/wp\/v2\/media\/29621"}],"wp:attachment":[{"href":"https:\/\/sgvaimudar.com.br\/index.php\/wp-json\/wp\/v2\/media?parent=29620"}],"wp:term":[{"taxonomy":"category","embeddable":true,"href":"https:\/\/sgvaimudar.com.br\/index.php\/wp-json\/wp\/v2\/categories?post=29620"},{"taxonomy":"post_tag","embeddable":true,"href":"https:\/\/sgvaimudar.com.br\/index.php\/wp-json\/wp\/v2\/tags?post=29620"}],"curies":[{"name":"wp","href":"https:\/\/api.w.org\/{rel}","templated":true}]}}