{"id":29603,"date":"2025-08-19T11:00:00","date_gmt":"2025-08-19T14:00:00","guid":{"rendered":"https:\/\/sgvaimudar.com.br\/?p=29603"},"modified":"2025-08-19T09:30:09","modified_gmt":"2025-08-19T12:30:09","slug":"vigilancia-sanitaria-orienta-microempreendedores-em-sao-goncalo","status":"publish","type":"post","link":"https:\/\/sgvaimudar.com.br\/index.php\/2025\/08\/19\/vigilancia-sanitaria-orienta-microempreendedores-em-sao-goncalo\/","title":{"rendered":"Vigil\u00e2ncia Sanit\u00e1ria orienta microempreendedores em S\u00e3o Gon\u00e7alo"},"content":{"rendered":"\n<p><em>Encontro detalha legisla\u00e7\u00f5es ligadas a quest\u00f5es sanit\u00e1rias<\/em><\/p>\n\n\n\n<p>A Vigil\u00e2ncia Sanit\u00e1ria da Prefeitura de S\u00e3o Gon\u00e7alo vai realizar mais uma capacita\u00e7\u00e3o na pr\u00f3xima quinta-feira, dia 21, das 9h \u00e0s 17h. Desta vez, a orienta\u00e7\u00e3o ser\u00e1 para os microempreendedores (MEI). Para participar, os interessados devem fazer a inscri\u00e7\u00e3o atrav\u00e9s do email\u00a0<a rel=\"noreferrer noopener\" href=\"mailto:vigilanciasanitaria@pmsg.rj.gov.br\" target=\"_blank\">vigilanciasanitaria@pmsg.rj.gov.br<\/a>. A qualifica\u00e7\u00e3o vai acontecer no audit\u00f3rio da Secretaria de Sa\u00fade, no Boa Vista.\u00a0<\/p>\n\n\n\n<figure class=\"wp-block-image size-large\"><img fetchpriority=\"high\" decoding=\"async\" width=\"819\" height=\"1024\" src=\"https:\/\/sgvaimudar.com.br\/wp-content\/uploads\/2025\/08\/unnamed-22-1-819x1024.jpg\" alt=\"\" class=\"wp-image-29604\" srcset=\"https:\/\/sgvaimudar.com.br\/wp-content\/uploads\/2025\/08\/unnamed-22-1-819x1024.jpg 819w, https:\/\/sgvaimudar.com.br\/wp-content\/uploads\/2025\/08\/unnamed-22-1-240x300.jpg 240w, https:\/\/sgvaimudar.com.br\/wp-content\/uploads\/2025\/08\/unnamed-22-1-768x960.jpg 768w, https:\/\/sgvaimudar.com.br\/wp-content\/uploads\/2025\/08\/unnamed-22-1.jpg 1080w\" sizes=\"(max-width: 819px) 100vw, 819px\" \/><\/figure>\n\n\n\n<p>Para as capacita\u00e7\u00f5es s\u00e3o oferecidas 42 vagas e as inscri\u00e7\u00f5es est\u00e3o sujeitas \u00e0 lota\u00e7\u00e3o do audit\u00f3rio. A palestra \u00e9 sobre as legisla\u00e7\u00f5es pertinentes a cada tipo de estabelecimento e as quest\u00f5es sanit\u00e1rias que devem ser observadas pelos profissionais no ambiente de trabalho para que consigam obter a licen\u00e7a sanit\u00e1ria de funcionamento. Os participantes receber\u00e3o o certificado emitido pelo N\u00facleo de Educa\u00e7\u00e3o Permanente em Sa\u00fade (Neps).<\/p>\n\n\n\n<p>O objetivo \u00e9 levar conhecimento aos trabalhadores e aos respons\u00e1veis pelas institui\u00e7\u00f5es para que eles possam se adequar \u00e0s normas vigentes e se regularizar com a Vigil\u00e2ncia Sanit\u00e1ria com a inten\u00e7\u00e3o de melhorar os servi\u00e7os oferecidos para a popula\u00e7\u00e3o gon\u00e7alense.<\/p>\n\n\n\n<p>Outras capacita\u00e7\u00f5es para outros setores acontecer\u00e3o at\u00e9 o fim do ano. E os interessados j\u00e1 podem fazer as inscri\u00e7\u00f5es atrav\u00e9s do mesmo email:&nbsp;<a href=\"mailto:vigilanciasanitaria@pmsg.rj.gov.br\" rel=\"noreferrer noopener\" target=\"_blank\">vigilanciasanitaria@pmsg.rj.gov.br<\/a>. Aqueles aptos para assistirem \u00e0 palestra receber\u00e3o um email de confirma\u00e7\u00e3o.&nbsp;<\/p>\n\n\n\n<p><strong>Palestras:<\/strong>&nbsp;&nbsp;&nbsp;&nbsp;&nbsp;<\/p>\n\n\n\n<p>21\/08 &#8211; MEI, das 9h \u00e0s 14h&nbsp;<\/p>\n\n\n\n<p>28\/08 &#8211; Academia, das 14h \u00e0s 17h&nbsp;<\/p>\n\n\n\n<p>16\/09 &#8211; Zoonoses, das 9h \u00e0s 14h&nbsp;<\/p>\n\n\n\n<p>10\/10 &#8211; Balan\u00e7o, das 9h \u00e0s 14h&nbsp;<\/p>\n\n\n\n<p>23\/10 &#8211; Documenta\u00e7\u00e3o, das 14h \u00e0s 17h&nbsp;<\/p>\n\n\n\n<p>24\/11 &#8211; Laborat\u00f3rio, das 9h \u00e0s 14h.<\/p>\n\n\n\n<p><strong><em>S\u00e3o Gon\u00e7alo vai mudar: Not\u00edcias de S\u00e3o Gon\u00e7alo e toda regi\u00e3o.<\/em><\/strong><\/p>\n\n\n\n<figure class=\"wp-block-image size-large\"><img decoding=\"async\" width=\"1024\" height=\"252\" src=\"https:\/\/sgvaimudar.com.br\/wp-content\/uploads\/2025\/03\/Anuncie-Aqui-Sao-Goncalo-vai-mudar-1024x252.jpg\" alt=\"\" class=\"wp-image-22693\" srcset=\"https:\/\/sgvaimudar.com.br\/wp-content\/uploads\/2025\/03\/Anuncie-Aqui-Sao-Goncalo-vai-mudar-1024x252.jpg 1024w, https:\/\/sgvaimudar.com.br\/wp-content\/uploads\/2025\/03\/Anuncie-Aqui-Sao-Goncalo-vai-mudar-300x74.jpg 300w, https:\/\/sgvaimudar.com.br\/wp-content\/uploads\/2025\/03\/Anuncie-Aqui-Sao-Goncalo-vai-mudar-768x189.jpg 768w, https:\/\/sgvaimudar.com.br\/wp-content\/uploads\/2025\/03\/Anuncie-Aqui-Sao-Goncalo-vai-mudar-1536x378.jpg 1536w, https:\/\/sgvaimudar.com.br\/wp-content\/uploads\/2025\/03\/Anuncie-Aqui-Sao-Goncalo-vai-mudar-2048x504.jpg 2048w\" sizes=\"(max-width: 1024px) 100vw, 1024px\" \/><\/figure>\n","protected":false},"excerpt":{"rendered":"<p>Encontro detalha legisla\u00e7\u00f5es ligadas a quest\u00f5es sanit\u00e1rias A Vigil\u00e2ncia Sanit\u00e1ria da Prefeitura de S\u00e3o Gon\u00e7alo vai realizar mais uma capacita\u00e7\u00e3o&hellip;<\/p>\n","protected":false},"author":5,"featured_media":29605,"comment_status":"open","ping_status":"open","sticky":false,"template":"","format":"standard","meta":{"fifu_image_url":"","fifu_image_alt":"","footnotes":""},"categories":[7],"tags":[],"class_list":["post-29603","post","type-post","status-publish","format-standard","has-post-thumbnail","hentry","category-saude"],"_links":{"self":[{"href":"https:\/\/sgvaimudar.com.br\/index.php\/wp-json\/wp\/v2\/posts\/29603","targetHints":{"allow":["GET"]}}],"collection":[{"href":"https:\/\/sgvaimudar.com.br\/index.php\/wp-json\/wp\/v2\/posts"}],"about":[{"href":"https:\/\/sgvaimudar.com.br\/index.php\/wp-json\/wp\/v2\/types\/post"}],"author":[{"embeddable":true,"href":"https:\/\/sgvaimudar.com.br\/index.php\/wp-json\/wp\/v2\/users\/5"}],"replies":[{"embeddable":true,"href":"https:\/\/sgvaimudar.com.br\/index.php\/wp-json\/wp\/v2\/comments?post=29603"}],"version-history":[{"count":1,"href":"https:\/\/sgvaimudar.com.br\/index.php\/wp-json\/wp\/v2\/posts\/29603\/revisions"}],"predecessor-version":[{"id":29606,"href":"https:\/\/sgvaimudar.com.br\/index.php\/wp-json\/wp\/v2\/posts\/29603\/revisions\/29606"}],"wp:featuredmedia":[{"embeddable":true,"href":"https:\/\/sgvaimudar.com.br\/index.php\/wp-json\/wp\/v2\/media\/29605"}],"wp:attachment":[{"href":"https:\/\/sgvaimudar.com.br\/index.php\/wp-json\/wp\/v2\/media?parent=29603"}],"wp:term":[{"taxonomy":"category","embeddable":true,"href":"https:\/\/sgvaimudar.com.br\/index.php\/wp-json\/wp\/v2\/categories?post=29603"},{"taxonomy":"post_tag","embeddable":true,"href":"https:\/\/sgvaimudar.com.br\/index.php\/wp-json\/wp\/v2\/tags?post=29603"}],"curies":[{"name":"wp","href":"https:\/\/api.w.org\/{rel}","templated":true}]}}