{"id":29597,"date":"2025-08-19T10:00:00","date_gmt":"2025-08-19T13:00:00","guid":{"rendered":"https:\/\/sgvaimudar.com.br\/?p=29597"},"modified":"2025-08-19T09:19:01","modified_gmt":"2025-08-19T12:19:01","slug":"cultura-e-diversao-tomam-conta-de-sao-goncalo-nesta-semana","status":"publish","type":"post","link":"https:\/\/sgvaimudar.com.br\/index.php\/2025\/08\/19\/cultura-e-diversao-tomam-conta-de-sao-goncalo-nesta-semana\/","title":{"rendered":"Cultura e divers\u00e3o tomam conta de S\u00e3o Gon\u00e7alo nesta semana"},"content":{"rendered":"\n<p><em>Programa\u00e7\u00e3o inclui teatro inspirado em Lorca, show gratuito e aventura<\/em><\/p>\n\n\n\n<p>Esta semana ser\u00e1 marcada por teatro, m\u00fasica e aventura para todas as idades em S\u00e3o Gon\u00e7alo. A programa\u00e7\u00e3o, que se concentra no Teatro Municipal, re\u00fane desde um espet\u00e1culo sobre a artista Clara Nunes at\u00e9 a vida e obra de Federico Garc\u00eda Lorca, passando por um show gratuito com um dos grandes compositores da m\u00fasica brasileira, at\u00e9 uma superprodu\u00e7\u00e3o baseada no universo de Naruto, com batalhas e emo\u00e7\u00f5es dignas dos f\u00e3s mais apaixonados.<\/p>\n\n\n\n<p>Na quinta-feira (21), \u00e0s 20h, come\u00e7a a programa\u00e7\u00e3o no Teatro Municipal com o Samba \u00e0s Claras, que pode ser considerado um tributo musical, composto por can\u00e7\u00f5es que consagraram a artista Clara Nunes como recordista de vendas em EPs em vida no per\u00edodo de 1960 a 1983. <\/p>\n\n\n\n<figure class=\"wp-block-image size-large\"><img fetchpriority=\"high\" decoding=\"async\" width=\"1024\" height=\"682\" src=\"https:\/\/sgvaimudar.com.br\/wp-content\/uploads\/2025\/08\/unnamed-19-1-1024x682.jpg\" alt=\"\" class=\"wp-image-29598\" srcset=\"https:\/\/sgvaimudar.com.br\/wp-content\/uploads\/2025\/08\/unnamed-19-1-1024x682.jpg 1024w, https:\/\/sgvaimudar.com.br\/wp-content\/uploads\/2025\/08\/unnamed-19-1-300x200.jpg 300w, https:\/\/sgvaimudar.com.br\/wp-content\/uploads\/2025\/08\/unnamed-19-1-768x512.jpg 768w, https:\/\/sgvaimudar.com.br\/wp-content\/uploads\/2025\/08\/unnamed-19-1-1536x1023.jpg 1536w, https:\/\/sgvaimudar.com.br\/wp-content\/uploads\/2025\/08\/unnamed-19-1.jpg 1600w\" sizes=\"(max-width: 1024px) 100vw, 1024px\" \/><\/figure>\n\n\n\n<p>A apresenta\u00e7\u00e3o conta com texto narrado e \u00e1udios retirados de entrevistas feitas com a cantora, tornando o espet\u00e1culo ainda mais emocionante, m\u00fasicas executadas pelo grupo Samba da Mulher, al\u00e9m da interpreta\u00e7\u00e3o de uma dan\u00e7arina e atriz que faz com que a apresenta\u00e7\u00e3o tenha um contexto visual muito mais envolvente. O evento tem classifica\u00e7\u00e3o livre e entrada gratuita.<\/p>\n\n\n\n<figure class=\"wp-block-image size-large\"><img decoding=\"async\" width=\"819\" height=\"1024\" src=\"https:\/\/sgvaimudar.com.br\/wp-content\/uploads\/2025\/08\/unnamed-21-1-819x1024.jpg\" alt=\"\" class=\"wp-image-29601\" srcset=\"https:\/\/sgvaimudar.com.br\/wp-content\/uploads\/2025\/08\/unnamed-21-1-819x1024.jpg 819w, https:\/\/sgvaimudar.com.br\/wp-content\/uploads\/2025\/08\/unnamed-21-1-240x300.jpg 240w, https:\/\/sgvaimudar.com.br\/wp-content\/uploads\/2025\/08\/unnamed-21-1-768x960.jpg 768w, https:\/\/sgvaimudar.com.br\/wp-content\/uploads\/2025\/08\/unnamed-21-1.jpg 980w\" sizes=\"(max-width: 819px) 100vw, 819px\" \/><\/figure>\n\n\n\n<p>J\u00e1 sexta-feira (22), \u00e0s 19h, o Teatro recebe o espet\u00e1culo \u201cLorca \u2013 Experimentos de Uma Paix\u00e3o\u201d, que transporta a vida e obra de Federico Garc\u00eda Lorca para o Brasil contempor\u00e2neo, misturando flamenco e sonoridades afro-brasileiras em uma encena\u00e7\u00e3o que une o cabaret europeu e a teatralidade das periferias. A pe\u00e7a, com classifica\u00e7\u00e3o de 18 anos, tem ingressos \u00e0 venda por R$ 40 (inteira) e R$ 20 (meia) no Sympla:\u00a0<a rel=\"noreferrer noopener\" href=\"https:\/\/click.cse360.com.br\/Click\/AddCampaignEmailClick\/69114e49-54bf-4554-2334-08dddc3dbd41\/https%253a%252f%252fwww.sympla.com.br%252fevento%252florca-experimentos-de-uma-paixao%252f3008725\/ac66966e-2b55-4484-fb2c-08dc491eed5f\/jornalistaws@gmail.com\/False\" target=\"_blank\"><u>https:\/\/www.sympla.com.br\/evento\/lorca-experimentos-de-uma-paixao\/3008725<\/u><\/a>.\u00a0<\/p>\n\n\n\n<figure class=\"wp-block-image size-large\"><img decoding=\"async\" width=\"918\" height=\"1024\" src=\"https:\/\/sgvaimudar.com.br\/wp-content\/uploads\/2025\/08\/unnamed-18-1-918x1024.jpg\" alt=\"\" class=\"wp-image-29600\" srcset=\"https:\/\/sgvaimudar.com.br\/wp-content\/uploads\/2025\/08\/unnamed-18-1-918x1024.jpg 918w, https:\/\/sgvaimudar.com.br\/wp-content\/uploads\/2025\/08\/unnamed-18-1-269x300.jpg 269w, https:\/\/sgvaimudar.com.br\/wp-content\/uploads\/2025\/08\/unnamed-18-1-768x856.jpg 768w, https:\/\/sgvaimudar.com.br\/wp-content\/uploads\/2025\/08\/unnamed-18-1.jpg 1105w\" sizes=\"(max-width: 918px) 100vw, 918px\" \/><\/figure>\n\n\n\n<p>No s\u00e1bado (23), tamb\u00e9m \u00e0s 19h, o palco ser\u00e1 do cantor e compositor S\u00e9rgio Caetano, autor de sucessos como \u201cDepois do Prazer\u201d, imortalizado pelo S\u00f3 Pra Contrariar e regravado por grandes nomes da m\u00fasica brasileira. O show \u201cSublime e Singelo\u201d tem classifica\u00e7\u00e3o livre e entrada gratuita,\u00a0basta enviar o nome pelo Facebookk:\u00a0<a rel=\"noreferrer noopener\" href=\"https:\/\/click.cse360.com.br\/Click\/AddCampaignEmailClick\/69114e49-54bf-4554-2334-08dddc3dbd41\/https%253a%252f%252fwww.facebook.com%252fshare%252f1C3Qi8qa13%252f\/ac66966e-2b55-4484-fb2c-08dc491eed5f\/jornalistaws@gmail.com\/False\" target=\"_blank\"><u>https:\/\/www.facebook.com\/share\/1C3Qi8qa13\/<\/u><\/a>.\u00a0<\/p>\n\n\n\n<figure class=\"wp-block-image size-large\"><img loading=\"lazy\" decoding=\"async\" width=\"819\" height=\"1024\" src=\"https:\/\/sgvaimudar.com.br\/wp-content\/uploads\/2025\/08\/unnamed-20-1-819x1024.jpg\" alt=\"\" class=\"wp-image-29599\" srcset=\"https:\/\/sgvaimudar.com.br\/wp-content\/uploads\/2025\/08\/unnamed-20-1-819x1024.jpg 819w, https:\/\/sgvaimudar.com.br\/wp-content\/uploads\/2025\/08\/unnamed-20-1-240x300.jpg 240w, https:\/\/sgvaimudar.com.br\/wp-content\/uploads\/2025\/08\/unnamed-20-1-768x960.jpg 768w, https:\/\/sgvaimudar.com.br\/wp-content\/uploads\/2025\/08\/unnamed-20-1.jpg 1080w\" sizes=\"(max-width: 819px) 100vw, 819px\" \/><\/figure>\n\n\n\n<p>Encerrando a programa\u00e7\u00e3o, no domingo (24), \u00e0s 15h, os f\u00e3s de anime poder\u00e3o acompanhar \u201cNaruto Parte 2 \u2013 A Grande Guerra Ninja\u201d, continua\u00e7\u00e3o da saga que conquistou o Brasil, com batalhas \u00e9picas e reviravoltas emocionantes. A classifica\u00e7\u00e3o \u00e9 livre e os ingressos custam R$ 60 (inteira) e R$ 30 (meia), dispon\u00edveis no ShowPass:&nbsp;<a href=\"https:\/\/click.cse360.com.br\/Click\/AddCampaignEmailClick\/69114e49-54bf-4554-2334-08dddc3dbd41\/https%253a%252f%252fshowpass.com.br%252fcomprar%252f1596%252fnaruto-grande-guerra-ninja\/ac66966e-2b55-4484-fb2c-08dc491eed5f\/jornalistaws@gmail.com\/False\" rel=\"noreferrer noopener\" target=\"_blank\"><u>https:\/\/showpass.com.br\/comprar\/1596\/naruto-grande-guerra-ninja<\/u><\/a>.<\/p>\n\n\n\n<p><em>Fotos: Ascom<\/em><\/p>\n\n\n\n<p><strong><em>S\u00e3o Gon\u00e7alo vai mudar: Not\u00edcias de S\u00e3o Gon\u00e7alo e toda regi\u00e3o.<\/em><\/strong><\/p>\n\n\n\n<figure class=\"wp-block-image size-large\"><img loading=\"lazy\" decoding=\"async\" width=\"1024\" height=\"252\" src=\"https:\/\/sgvaimudar.com.br\/wp-content\/uploads\/2025\/03\/Anuncie-Aqui-Sao-Goncalo-vai-mudar-1024x252.jpg\" alt=\"\" class=\"wp-image-22693\" srcset=\"https:\/\/sgvaimudar.com.br\/wp-content\/uploads\/2025\/03\/Anuncie-Aqui-Sao-Goncalo-vai-mudar-1024x252.jpg 1024w, https:\/\/sgvaimudar.com.br\/wp-content\/uploads\/2025\/03\/Anuncie-Aqui-Sao-Goncalo-vai-mudar-300x74.jpg 300w, https:\/\/sgvaimudar.com.br\/wp-content\/uploads\/2025\/03\/Anuncie-Aqui-Sao-Goncalo-vai-mudar-768x189.jpg 768w, https:\/\/sgvaimudar.com.br\/wp-content\/uploads\/2025\/03\/Anuncie-Aqui-Sao-Goncalo-vai-mudar-1536x378.jpg 1536w, https:\/\/sgvaimudar.com.br\/wp-content\/uploads\/2025\/03\/Anuncie-Aqui-Sao-Goncalo-vai-mudar-2048x504.jpg 2048w\" sizes=\"(max-width: 1024px) 100vw, 1024px\" \/><\/figure>\n","protected":false},"excerpt":{"rendered":"<p>Programa\u00e7\u00e3o inclui teatro inspirado em Lorca, show gratuito e aventura Esta semana ser\u00e1 marcada por teatro, m\u00fasica e aventura para&hellip;<\/p>\n","protected":false},"author":5,"featured_media":6390,"comment_status":"open","ping_status":"open","sticky":false,"template":"","format":"standard","meta":{"fifu_image_url":"","fifu_image_alt":"","footnotes":""},"categories":[6],"tags":[],"class_list":["post-29597","post","type-post","status-publish","format-standard","has-post-thumbnail","hentry","category-entretenimento"],"_links":{"self":[{"href":"https:\/\/sgvaimudar.com.br\/index.php\/wp-json\/wp\/v2\/posts\/29597","targetHints":{"allow":["GET"]}}],"collection":[{"href":"https:\/\/sgvaimudar.com.br\/index.php\/wp-json\/wp\/v2\/posts"}],"about":[{"href":"https:\/\/sgvaimudar.com.br\/index.php\/wp-json\/wp\/v2\/types\/post"}],"author":[{"embeddable":true,"href":"https:\/\/sgvaimudar.com.br\/index.php\/wp-json\/wp\/v2\/users\/5"}],"replies":[{"embeddable":true,"href":"https:\/\/sgvaimudar.com.br\/index.php\/wp-json\/wp\/v2\/comments?post=29597"}],"version-history":[{"count":1,"href":"https:\/\/sgvaimudar.com.br\/index.php\/wp-json\/wp\/v2\/posts\/29597\/revisions"}],"predecessor-version":[{"id":29602,"href":"https:\/\/sgvaimudar.com.br\/index.php\/wp-json\/wp\/v2\/posts\/29597\/revisions\/29602"}],"wp:featuredmedia":[{"embeddable":true,"href":"https:\/\/sgvaimudar.com.br\/index.php\/wp-json\/wp\/v2\/media\/6390"}],"wp:attachment":[{"href":"https:\/\/sgvaimudar.com.br\/index.php\/wp-json\/wp\/v2\/media?parent=29597"}],"wp:term":[{"taxonomy":"category","embeddable":true,"href":"https:\/\/sgvaimudar.com.br\/index.php\/wp-json\/wp\/v2\/categories?post=29597"},{"taxonomy":"post_tag","embeddable":true,"href":"https:\/\/sgvaimudar.com.br\/index.php\/wp-json\/wp\/v2\/tags?post=29597"}],"curies":[{"name":"wp","href":"https:\/\/api.w.org\/{rel}","templated":true}]}}