{"id":29589,"date":"2025-08-19T08:47:19","date_gmt":"2025-08-19T11:47:19","guid":{"rendered":"https:\/\/sgvaimudar.com.br\/?p=29589"},"modified":"2025-08-19T08:47:19","modified_gmt":"2025-08-19T11:47:19","slug":"goncalenses-participam-de-seminario-sobre-primeira-infancia","status":"publish","type":"post","link":"https:\/\/sgvaimudar.com.br\/index.php\/2025\/08\/19\/goncalenses-participam-de-seminario-sobre-primeira-infancia\/","title":{"rendered":"Gon\u00e7alenses participam de semin\u00e1rio sobre Primeira Inf\u00e2ncia"},"content":{"rendered":"\n<p><em>O evento, que segue com as inscri\u00e7\u00f5es abertas, ser\u00e1 realizado no dia 9 de setembro, no bairro Z\u00e9 Garoto<\/em><\/p>\n\n\n\n<p>A Secretaria de Assist\u00eancia Social da Prefeitura de S\u00e3o Gon\u00e7alo, por meio da Subsecretaria da Inf\u00e2ncia e Adolesc\u00eancia, vai promover, no dia 9 de setembro, o semin\u00e1rio \u201cA Primeira Inf\u00e2ncia e o papel da rede de prote\u00e7\u00e3o na garantia de direitos e no cuidado integral\u201d. O encontro acontece das 9h \u00e0s 12h, na OAB \u2013 S\u00e3o Gon\u00e7alo, no bairro Z\u00e9 Garoto.<\/p>\n\n\n\n<figure class=\"wp-block-image size-large\"><img fetchpriority=\"high\" decoding=\"async\" width=\"819\" height=\"1024\" src=\"https:\/\/sgvaimudar.com.br\/wp-content\/uploads\/2025\/08\/unnamed-15-2-819x1024.jpg\" alt=\"\" class=\"wp-image-29590\" srcset=\"https:\/\/sgvaimudar.com.br\/wp-content\/uploads\/2025\/08\/unnamed-15-2-819x1024.jpg 819w, https:\/\/sgvaimudar.com.br\/wp-content\/uploads\/2025\/08\/unnamed-15-2-240x300.jpg 240w, https:\/\/sgvaimudar.com.br\/wp-content\/uploads\/2025\/08\/unnamed-15-2-768x960.jpg 768w, https:\/\/sgvaimudar.com.br\/wp-content\/uploads\/2025\/08\/unnamed-15-2.jpg 1080w\" sizes=\"(max-width: 819px) 100vw, 819px\" \/><\/figure>\n\n\n\n<p>O semin\u00e1rio tem como objetivo discutir as pol\u00edticas p\u00fablicas voltadas para a Primeira Inf\u00e2ncia, apresentar os servi\u00e7os existentes e a metodologia de abordagem associada \u00e0 linha de cuidado destinada a este p\u00fablico no munic\u00edpio, al\u00e9m de enfatizar os indicadores sobre o quantitativo de neglig\u00eancias registradas ao longo dos anos para os profissionais da rede de prote\u00e7\u00e3o.<\/p>\n\n\n\n<p>As inscri\u00e7\u00f5es s\u00e3o limitadas. Os interessados em participar devem se inscrever pelo link:&nbsp;<a href=\"https:\/\/click.cse360.com.br\/Click\/AddCampaignEmailClick\/ba7cf5b7-6381-4b58-8e92-08dddc3cb4df\/http%253a%252f%252fdocs.google.com%252fforms%252fd%252fe%252f1FAIpQLSedMsnReMqXHLaSOv7c2oyFaxcETlfJIVx_QUoKR2XDdu04w%252fviewform\/ac66966e-2b55-4484-fb2c-08dc491eed5f\/jornalistaws@gmail.com\/False\" rel=\"noreferrer noopener\" target=\"_blank\">docs.google.com\/forms\/d\/e\/1FAIpQLSedMsnReMqXHLaSOv7c2oyFaxcETlfJIVx_QUoKR2XDdu04w\/viewform<\/a>.<\/p>\n\n\n\n<p>As palestras do evento ser\u00e3o: \u201cA Import\u00e2ncia do Cuidado e da Valoriza\u00e7\u00e3o da Primeira Inf\u00e2ncia\u201d e \u201cNeglig\u00eancia, Cuidados e Metodologia Pikler \u2013 Refletindo o Acolhimento em Fam\u00edlias Acolhedoras\u201d. Al\u00e9m disso, haver\u00e1 coffee break e um debate sobre os temas abordados. Ao final, todos os participantes receber\u00e3o certificado.<\/p>\n\n\n\n<p><strong><em>Fa\u00e7a sua den\u00fancia pelo nosso WhatsApp: (21) <\/em><\/strong><strong><em>99744 5345<\/em><\/strong><strong><em><\/em><\/strong><\/p>\n\n\n\n<p><strong><em>S\u00e3o Gon\u00e7alo vai mudar: Not\u00edcias de S\u00e3o Gon\u00e7alo e toda regi\u00e3o.<\/em><\/strong><\/p>\n\n\n\n<figure class=\"wp-block-image size-large\"><img decoding=\"async\" width=\"1024\" height=\"252\" src=\"https:\/\/sgvaimudar.com.br\/wp-content\/uploads\/2025\/03\/Anuncie-Aqui-Sao-Goncalo-vai-mudar-1024x252.jpg\" alt=\"\" class=\"wp-image-22693\" srcset=\"https:\/\/sgvaimudar.com.br\/wp-content\/uploads\/2025\/03\/Anuncie-Aqui-Sao-Goncalo-vai-mudar-1024x252.jpg 1024w, https:\/\/sgvaimudar.com.br\/wp-content\/uploads\/2025\/03\/Anuncie-Aqui-Sao-Goncalo-vai-mudar-300x74.jpg 300w, https:\/\/sgvaimudar.com.br\/wp-content\/uploads\/2025\/03\/Anuncie-Aqui-Sao-Goncalo-vai-mudar-768x189.jpg 768w, https:\/\/sgvaimudar.com.br\/wp-content\/uploads\/2025\/03\/Anuncie-Aqui-Sao-Goncalo-vai-mudar-1536x378.jpg 1536w, https:\/\/sgvaimudar.com.br\/wp-content\/uploads\/2025\/03\/Anuncie-Aqui-Sao-Goncalo-vai-mudar-2048x504.jpg 2048w\" sizes=\"(max-width: 1024px) 100vw, 1024px\" \/><\/figure>\n","protected":false},"excerpt":{"rendered":"<p>O evento, que segue com as inscri\u00e7\u00f5es abertas, ser\u00e1 realizado no dia 9 de setembro, no bairro Z\u00e9 Garoto A&hellip;<\/p>\n","protected":false},"author":5,"featured_media":29591,"comment_status":"open","ping_status":"open","sticky":false,"template":"","format":"standard","meta":{"fifu_image_url":"","fifu_image_alt":"","footnotes":""},"categories":[3],"tags":[],"class_list":["post-29589","post","type-post","status-publish","format-standard","has-post-thumbnail","hentry","category-sao-goncalo"],"_links":{"self":[{"href":"https:\/\/sgvaimudar.com.br\/index.php\/wp-json\/wp\/v2\/posts\/29589","targetHints":{"allow":["GET"]}}],"collection":[{"href":"https:\/\/sgvaimudar.com.br\/index.php\/wp-json\/wp\/v2\/posts"}],"about":[{"href":"https:\/\/sgvaimudar.com.br\/index.php\/wp-json\/wp\/v2\/types\/post"}],"author":[{"embeddable":true,"href":"https:\/\/sgvaimudar.com.br\/index.php\/wp-json\/wp\/v2\/users\/5"}],"replies":[{"embeddable":true,"href":"https:\/\/sgvaimudar.com.br\/index.php\/wp-json\/wp\/v2\/comments?post=29589"}],"version-history":[{"count":1,"href":"https:\/\/sgvaimudar.com.br\/index.php\/wp-json\/wp\/v2\/posts\/29589\/revisions"}],"predecessor-version":[{"id":29592,"href":"https:\/\/sgvaimudar.com.br\/index.php\/wp-json\/wp\/v2\/posts\/29589\/revisions\/29592"}],"wp:featuredmedia":[{"embeddable":true,"href":"https:\/\/sgvaimudar.com.br\/index.php\/wp-json\/wp\/v2\/media\/29591"}],"wp:attachment":[{"href":"https:\/\/sgvaimudar.com.br\/index.php\/wp-json\/wp\/v2\/media?parent=29589"}],"wp:term":[{"taxonomy":"category","embeddable":true,"href":"https:\/\/sgvaimudar.com.br\/index.php\/wp-json\/wp\/v2\/categories?post=29589"},{"taxonomy":"post_tag","embeddable":true,"href":"https:\/\/sgvaimudar.com.br\/index.php\/wp-json\/wp\/v2\/tags?post=29589"}],"curies":[{"name":"wp","href":"https:\/\/api.w.org\/{rel}","templated":true}]}}