{"id":29584,"date":"2025-08-19T08:35:40","date_gmt":"2025-08-19T11:35:40","guid":{"rendered":"https:\/\/sgvaimudar.com.br\/?p=29584"},"modified":"2025-08-19T08:35:41","modified_gmt":"2025-08-19T11:35:41","slug":"evento-teste-na-pista-de-skate-chorao-leva-atletas-de-todos-os-niveis-para-marica","status":"publish","type":"post","link":"https:\/\/sgvaimudar.com.br\/index.php\/2025\/08\/19\/evento-teste-na-pista-de-skate-chorao-leva-atletas-de-todos-os-niveis-para-marica\/","title":{"rendered":"Evento-teste na Pista de Skate Chor\u00e3o leva atletas de todos os n\u00edveis para Maric\u00e1"},"content":{"rendered":"\n<p><em>Profissionais e entusiastas do esporte avaliaram o equipamento, considerado um dos mais modernos do Estado<\/em><\/p>\n\n\n\n<p>Os skatistas maricaenses fizeram, nesta segunda-feira (18\/08) um evento-teste na Pista de Skate Chor\u00e3o. Praticantes do esporte em diversos n\u00edveis puderam testar o equipamento, um dos mais modernos do estado do Rio de Janeiro e \u00fanico que re\u00fane num s\u00f3 lugar as tr\u00eas principais modalidades da pr\u00e1tica: street, bowl e park. <\/p>\n\n\n\n<p>A pista foi constru\u00edda pela Autarquia de Servi\u00e7os de Obras de Maric\u00e1 (Somar) e fica na Estrada Ivan Mundin, a 600 metros da Ponte do Boqueir\u00e3o.<\/p>\n\n\n\n<figure class=\"wp-block-image size-large\"><img fetchpriority=\"high\" decoding=\"async\" width=\"1024\" height=\"683\" src=\"https:\/\/sgvaimudar.com.br\/wp-content\/uploads\/2025\/08\/54730158838_43a09ff559_k-1024x683.jpg\" alt=\"\" class=\"wp-image-29585\" srcset=\"https:\/\/sgvaimudar.com.br\/wp-content\/uploads\/2025\/08\/54730158838_43a09ff559_k-1024x683.jpg 1024w, https:\/\/sgvaimudar.com.br\/wp-content\/uploads\/2025\/08\/54730158838_43a09ff559_k-300x200.jpg 300w, https:\/\/sgvaimudar.com.br\/wp-content\/uploads\/2025\/08\/54730158838_43a09ff559_k-768x512.jpg 768w, https:\/\/sgvaimudar.com.br\/wp-content\/uploads\/2025\/08\/54730158838_43a09ff559_k-1536x1024.jpg 1536w, https:\/\/sgvaimudar.com.br\/wp-content\/uploads\/2025\/08\/54730158838_43a09ff559_k.jpg 2048w\" sizes=\"(max-width: 1024px) 100vw, 1024px\" \/><\/figure>\n\n\n\n<p>&#8220;Definitivamente \u00e9 uma das melhores pistas do estado e vai ajudar no desenvolvimento de atletas de alto rendimento e na descoberta de novos. Isso al\u00e9m do aspecto social, porque \u00e9 um espa\u00e7o seguro para reunir a juventude. Outra frente que essa pista abre \u00e9 para que Maric\u00e1 receba competi\u00e7\u00f5es e visitantes. A associa\u00e7\u00e3o j\u00e1 est\u00e1 trabalhando para que, no ano que vem, a gente tenha prova em Maric\u00e1 valendo pontos para o circuito do skate&#8221;, antecipou Haziel Alves, vice-presidente da Associa\u00e7\u00e3o de Skate de Maric\u00e1 e fundador do coletivo Crias do Skate.<\/p>\n\n\n\n<p><strong>Constru\u00e7\u00e3o conjunta<\/strong><\/p>\n\n\n\n<p>O subsecret\u00e1rio de Esporte Diogo Brito lembrou que a abertura da pista para o evento-teste \u00e9 uma das \u00faltimas etapas de uma constru\u00e7\u00e3o conjunta com foco na valoriza\u00e7\u00e3o do skate na cidade:<\/p>\n\n\n\n<p>&#8220;Esse teste \u00e9 para que a gente possa pontuar, depois, junto com os alunos, com os atletas, com os professores, o que eles encontraram que, de repente, a gente possa vir a melhorar. A entrega estar\u00e1 com tudo pronto da maneira que eles gostam e precisam para crescer no esporte. Hoje, temos uma refer\u00eancia do skate no projeto Maric\u00e1 Cidade Ol\u00edmpica, que \u00e9 a Duda Ribeiro. E os nossos projetos sociais tamb\u00e9m t\u00eam crescido demais com os nossos alunos&#8221;, enfatizou Brito.<\/p>\n\n\n\n<figure class=\"wp-block-image size-large\"><img decoding=\"async\" width=\"1024\" height=\"683\" src=\"https:\/\/sgvaimudar.com.br\/wp-content\/uploads\/2025\/08\/54729137157_4669f0a008_k-1024x683.jpg\" alt=\"\" class=\"wp-image-29587\" srcset=\"https:\/\/sgvaimudar.com.br\/wp-content\/uploads\/2025\/08\/54729137157_4669f0a008_k-1024x683.jpg 1024w, https:\/\/sgvaimudar.com.br\/wp-content\/uploads\/2025\/08\/54729137157_4669f0a008_k-300x200.jpg 300w, https:\/\/sgvaimudar.com.br\/wp-content\/uploads\/2025\/08\/54729137157_4669f0a008_k-768x512.jpg 768w, https:\/\/sgvaimudar.com.br\/wp-content\/uploads\/2025\/08\/54729137157_4669f0a008_k-1536x1024.jpg 1536w, https:\/\/sgvaimudar.com.br\/wp-content\/uploads\/2025\/08\/54729137157_4669f0a008_k.jpg 2048w\" sizes=\"(max-width: 1024px) 100vw, 1024px\" \/><\/figure>\n\n\n\n<p>Testando a pista sobre um skate com a filha, Lucas Cruz Vieira estava longe de ser apenas mais um entusiasta da nova pista: ele conhece as estruturas desde as funda\u00e7\u00f5es. Engenheiro civil, Lucas \u00e9 assessor especial da Somar e atuou na obra.<\/p>\n\n\n\n<p>&#8220;Eu ando de skate desde os 14 anos, ent\u00e3o trabalhar com a constru\u00e7\u00e3o de pistas depois de formado foi algo natural. O que a gente tem aqui \u00e9 um sonho. Esta \u00e9 a quarta pista que ajudo a fazer em Maric\u00e1, mas tenho pistas em Minas e no Esp\u00edrito Santo tamb\u00e9m. Aqui \u00e9 feito de skatista para skatista, para o pessoal do patins, do BMX&#8230;&#8221;, disse Lucas.<\/p>\n\n\n\n<p><strong>Destaque e inclus\u00e3o<\/strong><\/p>\n\n\n\n<p>Duda Ribeiro, atleta de 14 anos, grande promessa do esporte nacional e integrante da equipe Maric\u00e1 Cidade Ol\u00edmpica, foi conferir de perto o espa\u00e7o.<\/p>\n\n\n\n<p>&#8220;Essa pista \u00e9 muito interessante para mim, para meu treino, mas tamb\u00e9m para os novos que est\u00e3o conhecendo o skate, o patins, a bicicleta. Vai facilitar a chegada de novos destaques no esporte&#8221;, projetou Duda.<\/p>\n\n\n\n<p>Mais do que um equipamento para manobras radicais, a Pista Chor\u00e3o \u00e9 instrumento para socializa\u00e7\u00e3o e constru\u00e7\u00e3o de cidadania. &nbsp;<\/p>\n\n\n\n<p>&#8220;Eu amo o skate, e sou muito f\u00e3 do Chor\u00e3o&#8221;. Foram as palavras de Gustavo Tardelli, de 20 anos, antes de descer na pista com seu skate adaptado. A cadeira de rodas ficou num canto, vigiada pela m\u00e3e, a professora Michele Tardelli.<\/p>\n\n\n\n<p>&#8220;Ele escolheu o skate e posso dizer que o esporte trouxe meu filho para a vida. Ele tem paralisia cerebral, mas ali na pista, com os outros skatistas, ele n\u00e3o se sente nem diminu\u00eddo nem diferente. A participa\u00e7\u00e3o dele aqui neste teste foi importante porque identificamos quest\u00f5es de acessibilidade que podem ser resolvidas. \u00c9 preciso incluir de fato as PCD no esporte e na educa\u00e7\u00e3o, principalmente&#8221;, avaliou.<\/p>\n\n\n\n<p><strong><em>S\u00e3o Gon\u00e7alo vai mudar: Not\u00edcias de S\u00e3o Gon\u00e7alo e toda regi\u00e3o.<\/em><\/strong><\/p>\n\n\n\n<figure class=\"wp-block-image size-large\"><img decoding=\"async\" width=\"1024\" height=\"252\" src=\"https:\/\/sgvaimudar.com.br\/wp-content\/uploads\/2025\/03\/Anuncie-Aqui-Sao-Goncalo-vai-mudar-1024x252.jpg\" alt=\"\" class=\"wp-image-22693\" srcset=\"https:\/\/sgvaimudar.com.br\/wp-content\/uploads\/2025\/03\/Anuncie-Aqui-Sao-Goncalo-vai-mudar-1024x252.jpg 1024w, https:\/\/sgvaimudar.com.br\/wp-content\/uploads\/2025\/03\/Anuncie-Aqui-Sao-Goncalo-vai-mudar-300x74.jpg 300w, https:\/\/sgvaimudar.com.br\/wp-content\/uploads\/2025\/03\/Anuncie-Aqui-Sao-Goncalo-vai-mudar-768x189.jpg 768w, https:\/\/sgvaimudar.com.br\/wp-content\/uploads\/2025\/03\/Anuncie-Aqui-Sao-Goncalo-vai-mudar-1536x378.jpg 1536w, https:\/\/sgvaimudar.com.br\/wp-content\/uploads\/2025\/03\/Anuncie-Aqui-Sao-Goncalo-vai-mudar-2048x504.jpg 2048w\" sizes=\"(max-width: 1024px) 100vw, 1024px\" \/><\/figure>\n","protected":false},"excerpt":{"rendered":"<p>Profissionais e entusiastas do esporte avaliaram o equipamento, considerado um dos mais modernos do Estado Os skatistas maricaenses fizeram, nesta&hellip;<\/p>\n","protected":false},"author":5,"featured_media":29586,"comment_status":"open","ping_status":"open","sticky":false,"template":"","format":"standard","meta":{"fifu_image_url":"","fifu_image_alt":"","footnotes":""},"categories":[5],"tags":[],"class_list":["post-29584","post","type-post","status-publish","format-standard","has-post-thumbnail","hentry","category-esportes"],"_links":{"self":[{"href":"https:\/\/sgvaimudar.com.br\/index.php\/wp-json\/wp\/v2\/posts\/29584","targetHints":{"allow":["GET"]}}],"collection":[{"href":"https:\/\/sgvaimudar.com.br\/index.php\/wp-json\/wp\/v2\/posts"}],"about":[{"href":"https:\/\/sgvaimudar.com.br\/index.php\/wp-json\/wp\/v2\/types\/post"}],"author":[{"embeddable":true,"href":"https:\/\/sgvaimudar.com.br\/index.php\/wp-json\/wp\/v2\/users\/5"}],"replies":[{"embeddable":true,"href":"https:\/\/sgvaimudar.com.br\/index.php\/wp-json\/wp\/v2\/comments?post=29584"}],"version-history":[{"count":1,"href":"https:\/\/sgvaimudar.com.br\/index.php\/wp-json\/wp\/v2\/posts\/29584\/revisions"}],"predecessor-version":[{"id":29588,"href":"https:\/\/sgvaimudar.com.br\/index.php\/wp-json\/wp\/v2\/posts\/29584\/revisions\/29588"}],"wp:featuredmedia":[{"embeddable":true,"href":"https:\/\/sgvaimudar.com.br\/index.php\/wp-json\/wp\/v2\/media\/29586"}],"wp:attachment":[{"href":"https:\/\/sgvaimudar.com.br\/index.php\/wp-json\/wp\/v2\/media?parent=29584"}],"wp:term":[{"taxonomy":"category","embeddable":true,"href":"https:\/\/sgvaimudar.com.br\/index.php\/wp-json\/wp\/v2\/categories?post=29584"},{"taxonomy":"post_tag","embeddable":true,"href":"https:\/\/sgvaimudar.com.br\/index.php\/wp-json\/wp\/v2\/tags?post=29584"}],"curies":[{"name":"wp","href":"https:\/\/api.w.org\/{rel}","templated":true}]}}