{"id":29555,"date":"2025-08-18T08:18:10","date_gmt":"2025-08-18T11:18:10","guid":{"rendered":"https:\/\/sgvaimudar.com.br\/?p=29555"},"modified":"2025-08-18T08:18:10","modified_gmt":"2025-08-18T11:18:10","slug":"central-de-seguranca-flagra-furtos-de-cabos-e-pichacao-em-sao-goncalo-durante-a-madrugada","status":"publish","type":"post","link":"https:\/\/sgvaimudar.com.br\/index.php\/2025\/08\/18\/central-de-seguranca-flagra-furtos-de-cabos-e-pichacao-em-sao-goncalo-durante-a-madrugada\/","title":{"rendered":"Central de Seguran\u00e7a flagra furtos de cabos e picha\u00e7\u00e3o em S\u00e3o Gon\u00e7alo durante a madrugada"},"content":{"rendered":"\n<p><em>Videomonitoramento auxilia a Guarda Municipal em tr\u00eas ocorr\u00eancias na mesma noite<\/em><\/p>\n\n\n\n<p>A Guarda Municipal de S\u00e3o Gon\u00e7alo registrou, na madrugada deste domingo (17), tr\u00eas ocorr\u00eancias distintas com o aux\u00edlio do sistema de videomonitoramento da Central de Seguran\u00e7a de S\u00e3o Gon\u00e7alo (CSSG). As a\u00e7\u00f5es, realizadas em pontos diferentes da cidade, resultaram em duas pris\u00f5es em flagrante por furto de cabos no Centro e na condu\u00e7\u00e3o de tr\u00eas pessoas \u00e0 delegacia por picha\u00e7\u00e3o em Alc\u00e2ntara.<\/p>\n\n\n\n<p>A primeira a\u00e7\u00e3o de furto ocorreu por volta de 2h, na Rua Feliciano Sodr\u00e9, em frente ao pr\u00e9dio da antiga Prefeitura. Durante patrulhamento, equipes da ROMU III foram acionadas pela central ap\u00f3s identificarem, pelas c\u00e2meras, a movimenta\u00e7\u00e3o suspeita de um homem mexendo na fia\u00e7\u00e3o. <\/p>\n\n\n\n<figure class=\"wp-block-image size-large\"><img fetchpriority=\"high\" decoding=\"async\" width=\"768\" height=\"1024\" src=\"https:\/\/sgvaimudar.com.br\/wp-content\/uploads\/2025\/08\/unnamed-7-9-768x1024.jpg\" alt=\"\" class=\"wp-image-29556\" srcset=\"https:\/\/sgvaimudar.com.br\/wp-content\/uploads\/2025\/08\/unnamed-7-9-768x1024.jpg 768w, https:\/\/sgvaimudar.com.br\/wp-content\/uploads\/2025\/08\/unnamed-7-9-225x300.jpg 225w, https:\/\/sgvaimudar.com.br\/wp-content\/uploads\/2025\/08\/unnamed-7-9.jpg 960w\" sizes=\"(max-width: 768px) 100vw, 768px\" \/><\/figure>\n\n\n\n<p>No local, os agentes constataram que ele cortava cabos e j\u00e1 havia separado cerca de dois metros de fio. O material foi apreendido e o suspeito conduzido \u00e0 Central de Flagrantes, onde ficou preso \u00e0 disposi\u00e7\u00e3o da Justi\u00e7a.<\/p>\n\n\n\n<p>Pouco depois, por volta de 4h, outra situa\u00e7\u00e3o semelhante foi registrada na Rua Carlos Gianeli, tamb\u00e9m no Centro. C\u00e2meras do videomonitoramento flagraram um casal retirando cabos de energia, utilizando serras e uma chave de fenda para cortar os fios. Os agentes da ROMU II chegaram rapidamente ao local e confirmaram a pr\u00e1tica criminosa. Al\u00e9m dos cabos, foram apreendidas as ferramentas usadas na a\u00e7\u00e3o. O homem e a mulher foram levados \u00e0 delegacia e permaneceram detidos, sendo que a mulher foi encaminhada \u00e0 Delegacia Especializada de Atendimento \u00e0 Mulher (DEAM) e o homem \u00e0 73\u00aa DP, na Central de Flagrantes.<\/p>\n\n\n\n<p>O comandante da Guarda Municipal, Ewerton Mendes, afirmou que as pris\u00f5es por furto de cabos v\u00eam aumentando no munic\u00edpio gra\u00e7as aos flagrantes das c\u00e2meras de monitoramento. Ele lembra que tais crimes tiveram a lei alterada recentemente, aumentando a pena para furto, roubo e recepta\u00e7\u00e3o de equipamentos de telefonia e de transmiss\u00e3o de energia el\u00e9trica.&nbsp;<\/p>\n\n\n\n<p>&#8220;Agora, o furto de bens que comprometem o funcionamento de \u00f3rg\u00e3os p\u00fablicos ou de estabelecimentos p\u00fablicos ou privados que prestem servi\u00e7os p\u00fablicos essenciais passa a ser qualificado. A pena passa de 1 a 4 anos para de 2 a 8 anos, a mesma quando o furto for de fios, cabos ou equipamentos utilizados para fornecimento ou transmiss\u00e3o de energia el\u00e9trica, de telefonia ou para transfer\u00eancia de dados&#8221;, explicou.&nbsp;<\/p>\n\n\n\n<p><strong>PICHA\u00c7\u00c3O <\/strong>&#8211; Mais cedo, por volta de 0h20, a Guarda Municipal tamb\u00e9m foi acionada para intervir em um ato de vandalismo em Alc\u00e2ntara. Tr\u00eas pessoas, um homem, uma mulher e uma adolescente haviam acabado de pichar um muro na Rua Jovelino de Oliveira Viana, fugindo em um ve\u00edculo preto. Ap\u00f3s buscas, o carro foi localizado na RJ-106, na altura do bairro Coluband\u00ea. <\/p>\n\n\n\n<p>Durante a abordagem, os agentes encontraram duas latas de spray utilizadas para a picha\u00e7\u00e3o. Os envolvidos foram encaminhados \u00e0 74\u00aa DP. A adolescente foi liberada na presen\u00e7a da respons\u00e1vel legal, enquanto os demais ficaram \u00e0 disposi\u00e7\u00e3o da autoridade policial.<\/p>\n\n\n\n<p><strong><em>Fa\u00e7a sua den\u00fancia pelo nosso WhatsApp: (21) <\/em><\/strong><strong><em>99744 5345<\/em><\/strong><strong><em><\/em><\/strong><\/p>\n\n\n\n<p><strong><em>S\u00e3o Gon\u00e7alo vai mudar: Not\u00edcias de S\u00e3o Gon\u00e7alo e toda regi\u00e3o.<\/em><\/strong><\/p>\n\n\n\n<figure class=\"wp-block-image size-large\"><img decoding=\"async\" width=\"1024\" height=\"252\" src=\"https:\/\/sgvaimudar.com.br\/wp-content\/uploads\/2025\/03\/Anuncie-Aqui-Sao-Goncalo-vai-mudar-1024x252.jpg\" alt=\"\" class=\"wp-image-22693\" srcset=\"https:\/\/sgvaimudar.com.br\/wp-content\/uploads\/2025\/03\/Anuncie-Aqui-Sao-Goncalo-vai-mudar-1024x252.jpg 1024w, https:\/\/sgvaimudar.com.br\/wp-content\/uploads\/2025\/03\/Anuncie-Aqui-Sao-Goncalo-vai-mudar-300x74.jpg 300w, https:\/\/sgvaimudar.com.br\/wp-content\/uploads\/2025\/03\/Anuncie-Aqui-Sao-Goncalo-vai-mudar-768x189.jpg 768w, https:\/\/sgvaimudar.com.br\/wp-content\/uploads\/2025\/03\/Anuncie-Aqui-Sao-Goncalo-vai-mudar-1536x378.jpg 1536w, https:\/\/sgvaimudar.com.br\/wp-content\/uploads\/2025\/03\/Anuncie-Aqui-Sao-Goncalo-vai-mudar-2048x504.jpg 2048w\" sizes=\"(max-width: 1024px) 100vw, 1024px\" \/><\/figure>\n","protected":false},"excerpt":{"rendered":"<p>Videomonitoramento auxilia a Guarda Municipal em tr\u00eas ocorr\u00eancias na mesma noite A Guarda Municipal de S\u00e3o Gon\u00e7alo registrou, na madrugada&hellip;<\/p>\n","protected":false},"author":5,"featured_media":29557,"comment_status":"open","ping_status":"open","sticky":false,"template":"","format":"standard","meta":{"fifu_image_url":"","fifu_image_alt":"","footnotes":""},"categories":[32],"tags":[],"class_list":["post-29555","post","type-post","status-publish","format-standard","has-post-thumbnail","hentry","category-casos-de-policia"],"_links":{"self":[{"href":"https:\/\/sgvaimudar.com.br\/index.php\/wp-json\/wp\/v2\/posts\/29555","targetHints":{"allow":["GET"]}}],"collection":[{"href":"https:\/\/sgvaimudar.com.br\/index.php\/wp-json\/wp\/v2\/posts"}],"about":[{"href":"https:\/\/sgvaimudar.com.br\/index.php\/wp-json\/wp\/v2\/types\/post"}],"author":[{"embeddable":true,"href":"https:\/\/sgvaimudar.com.br\/index.php\/wp-json\/wp\/v2\/users\/5"}],"replies":[{"embeddable":true,"href":"https:\/\/sgvaimudar.com.br\/index.php\/wp-json\/wp\/v2\/comments?post=29555"}],"version-history":[{"count":1,"href":"https:\/\/sgvaimudar.com.br\/index.php\/wp-json\/wp\/v2\/posts\/29555\/revisions"}],"predecessor-version":[{"id":29558,"href":"https:\/\/sgvaimudar.com.br\/index.php\/wp-json\/wp\/v2\/posts\/29555\/revisions\/29558"}],"wp:featuredmedia":[{"embeddable":true,"href":"https:\/\/sgvaimudar.com.br\/index.php\/wp-json\/wp\/v2\/media\/29557"}],"wp:attachment":[{"href":"https:\/\/sgvaimudar.com.br\/index.php\/wp-json\/wp\/v2\/media?parent=29555"}],"wp:term":[{"taxonomy":"category","embeddable":true,"href":"https:\/\/sgvaimudar.com.br\/index.php\/wp-json\/wp\/v2\/categories?post=29555"},{"taxonomy":"post_tag","embeddable":true,"href":"https:\/\/sgvaimudar.com.br\/index.php\/wp-json\/wp\/v2\/tags?post=29555"}],"curies":[{"name":"wp","href":"https:\/\/api.w.org\/{rel}","templated":true}]}}