{"id":29508,"date":"2025-08-16T16:00:00","date_gmt":"2025-08-16T19:00:00","guid":{"rendered":"https:\/\/sgvaimudar.com.br\/?p=29508"},"modified":"2025-08-16T08:08:13","modified_gmt":"2025-08-16T11:08:13","slug":"sao-goncalo-inscreve-para-jornada-de-nutricao","status":"publish","type":"post","link":"https:\/\/sgvaimudar.com.br\/index.php\/2025\/08\/16\/sao-goncalo-inscreve-para-jornada-de-nutricao\/","title":{"rendered":"S\u00e3o Gon\u00e7alo inscreve para jornada de nutri\u00e7\u00e3o"},"content":{"rendered":"\n<p><em>Evento \u00e9 promovido pelo Hospital do C\u00e2ncer e do Cora\u00e7\u00e3o<\/em><\/p>\n\n\n\n<p>O Hospital do C\u00e2ncer e do Cora\u00e7\u00e3o (HCCOR) vai realizar a 1\u00aa Jornada de Nutri\u00e7\u00e3o entre os dias 25 e 28 de agosto. Com o tema: \u201cNutri\u00e7\u00e3o em foco, gest\u00e3o, suplementa\u00e7\u00e3o e comunica\u00e7\u00e3o &#8211; estrat\u00e9gia na oncologia e cuidados intensivos\u201d, a capacita\u00e7\u00e3o vai acontecer no Centro de Imagens e Especialidades (Ciesg), no Vila Tr\u00eas, sempre a partir das 14h.&nbsp;<\/p>\n\n\n\n<p>As inscri\u00e7\u00f5es para participar do evento, que \u00e9 aberto para profissionais e estudantes de nutri\u00e7\u00e3o, podem ser feitas at\u00e9 o dia 18, pr\u00f3xima segunda-feira, atrav\u00e9s do link:&nbsp;<a href=\"https:\/\/click.cse360.com.br\/Click\/AddCampaignEmailClick\/eff169c1-b356-4c50-e298-08dddbf6555f\/https%253a%252f%252fdocs.google.com%252fforms%252fd%252fe%252f1FAIpQLScY1D-2dHf0pHPaGtv20QtLgsT5jHneC5IZ6zUWqBf507Byww%252fviewform\/ac66966e-2b55-4484-fb2c-08dc491eed5f\/jornalistaws@gmail.com\/False\" rel=\"noreferrer noopener\" target=\"_blank\">https:\/\/docs.google.com\/forms\/d\/e\/1FAIpQLScY1D-2dHf0pHPaGtv20QtLgsT5jHneC5IZ6zUWqBf507Byww\/viewform<\/a>.&nbsp;<\/p>\n\n\n\n<p>J\u00e1 os profissionais interessados em apresentar os trabalhos cient\u00edficos relacionados ao tema, podem se inscrever pelo link, tamb\u00e9m at\u00e9 o pr\u00f3ximo dia 18:&nbsp;<a href=\"https:\/\/click.cse360.com.br\/Click\/AddCampaignEmailClick\/eff169c1-b356-4c50-e298-08dddbf6555f\/https%253a%252f%252fdocs.google.com%252fforms%252fd%252fe%252f1FAIpQLScTsDJ5oUgZNPhDD_tuLh4EiAyyZrU74EUBp3zYxcfqhuAVTQ%252fviewform\/ac66966e-2b55-4484-fb2c-08dc491eed5f\/jornalistaws@gmail.com\/False\" rel=\"noreferrer noopener\" target=\"_blank\">https:\/\/docs.google.com\/forms\/d\/e\/1FAIpQLScTsDJ5oUgZNPhDD_tuLh4EiAyyZrU74EUBp3zYxcfqhuAVTQ\/viewform<\/a>.&nbsp;<\/p>\n\n\n\n<p>\u201cA jornada tem a inten\u00e7\u00e3o de valorizar e fortalecer a ci\u00eancia da nutri\u00e7\u00e3o hospitalar com a atualiza\u00e7\u00e3o cient\u00edfica e a ess\u00eancia humanizada do cuidado. Vamos trocar saberes e debater a integra\u00e7\u00e3o entre teoria e pr\u00e1tica. Mais do que palestras, o evento vai propor reflex\u00f5es sobre o papel da nutri\u00e7\u00e3o na preven\u00e7\u00e3o, tratamento e na reabilita\u00e7\u00e3o, em especial no contexto oncol\u00f3gico e cardiol\u00f3gico. O foco \u00e9 o compromisso com uma assist\u00eancia segura, eficaz e centrada no paciente\u201d, descreveu um dos organizadores da jornada, o enfermeiro e gerente de qualidade do HCCOR, Anderson Pais.&nbsp;&nbsp;&nbsp;<\/p>\n\n\n\n<p>Al\u00e9m das palestras, ser\u00e3o apresentados trabalhos acad\u00eamicos e cient\u00edficos com temas pertinentes e de relev\u00e2ncia para a pr\u00e1tica profissional. Essa iniciativa cria espa\u00e7o para que novas evid\u00eancias, experi\u00eancias e solu\u00e7\u00f5es inovadoras sejam compartilhadas, enriquecendo o debate e estimulando a atualiza\u00e7\u00e3o.<\/p>\n\n\n\n<p><strong>Programa\u00e7\u00e3o<\/strong>:&nbsp;<\/p>\n\n\n\n<p>No primeiro dia, a nutricionista de produ\u00e7\u00e3o \u2013 Thalya Viana vai falar sobre \u201cEstrat\u00e9gias para aumentar a ades\u00e3o da dieta do paciente hospitalizado. E a nutricionista cl\u00ednica Bruna Fiuza vai abordar \u201cGest\u00e3o em Nutri\u00e7\u00e3o Cl\u00ednica\u201d.&nbsp;&nbsp;<\/p>\n\n\n\n<p>No dia 26, os temas \u201cCuidados nutricionais no paciente oncol\u00f3gico\u201d ser\u00e1 ministrado pela nutricionista cl\u00ednica Marcela Santos e \u201cOs desafios da inser\u00e7\u00e3o profissional no campo da nutri\u00e7\u00e3o\u201d pela nutricionista cl\u00ednica Julyana Martins.&nbsp;&nbsp;&nbsp;&nbsp;<\/p>\n\n\n\n<p>As enfermeiras intensivistas Aline Borba e C\u00e9lia Aguiar e a nutricionista intensivista Carmine Dornelles v\u00e3o discursar sobre a \u201cSuplementa\u00e7\u00e3o nutricional na preven\u00e7\u00e3o e tratamento de les\u00e3o por press\u00e3o (LPP)\u201d. Fechando o terceiro dia, ainda haver\u00e1 a palestra \u201cS\u00edndrome de realimenta\u00e7\u00e3o na UTI &#8211; preven\u00e7\u00e3o e manejo\u201d com a m\u00e9dica intensivista Michele Lima.&nbsp;&nbsp;<\/p>\n\n\n\n<p>No \u00faltimo dia da jornada, a comunica\u00e7\u00e3o estar\u00e1 em evid\u00eancia com o tema: \u201cRedes sociais e influ\u00eancia no comportamento alimentar\u201d com a nutricionista cl\u00ednica Damaris Ara\u00fajo.&nbsp;<\/p>\n\n\n\n<p><em>Foto: Renan Otto<\/em><\/p>\n\n\n\n<p><strong><em>S\u00e3o Gon\u00e7alo vai mudar: Not\u00edcias de S\u00e3o Gon\u00e7alo e toda regi\u00e3o.<\/em><\/strong><\/p>\n\n\n\n<figure class=\"wp-block-image size-large\"><img fetchpriority=\"high\" decoding=\"async\" width=\"1024\" height=\"252\" src=\"https:\/\/sgvaimudar.com.br\/wp-content\/uploads\/2025\/03\/Anuncie-Aqui-Sao-Goncalo-vai-mudar-1024x252.jpg\" alt=\"\" class=\"wp-image-22693\" srcset=\"https:\/\/sgvaimudar.com.br\/wp-content\/uploads\/2025\/03\/Anuncie-Aqui-Sao-Goncalo-vai-mudar-1024x252.jpg 1024w, https:\/\/sgvaimudar.com.br\/wp-content\/uploads\/2025\/03\/Anuncie-Aqui-Sao-Goncalo-vai-mudar-300x74.jpg 300w, https:\/\/sgvaimudar.com.br\/wp-content\/uploads\/2025\/03\/Anuncie-Aqui-Sao-Goncalo-vai-mudar-768x189.jpg 768w, https:\/\/sgvaimudar.com.br\/wp-content\/uploads\/2025\/03\/Anuncie-Aqui-Sao-Goncalo-vai-mudar-1536x378.jpg 1536w, https:\/\/sgvaimudar.com.br\/wp-content\/uploads\/2025\/03\/Anuncie-Aqui-Sao-Goncalo-vai-mudar-2048x504.jpg 2048w\" sizes=\"(max-width: 1024px) 100vw, 1024px\" \/><\/figure>\n","protected":false},"excerpt":{"rendered":"<p>Evento \u00e9 promovido pelo Hospital do C\u00e2ncer e do Cora\u00e7\u00e3o O Hospital do C\u00e2ncer e do Cora\u00e7\u00e3o (HCCOR) vai realizar&hellip;<\/p>\n","protected":false},"author":5,"featured_media":29509,"comment_status":"open","ping_status":"open","sticky":false,"template":"","format":"standard","meta":{"fifu_image_url":"","fifu_image_alt":"","footnotes":""},"categories":[7],"tags":[],"class_list":["post-29508","post","type-post","status-publish","format-standard","has-post-thumbnail","hentry","category-saude"],"_links":{"self":[{"href":"https:\/\/sgvaimudar.com.br\/index.php\/wp-json\/wp\/v2\/posts\/29508","targetHints":{"allow":["GET"]}}],"collection":[{"href":"https:\/\/sgvaimudar.com.br\/index.php\/wp-json\/wp\/v2\/posts"}],"about":[{"href":"https:\/\/sgvaimudar.com.br\/index.php\/wp-json\/wp\/v2\/types\/post"}],"author":[{"embeddable":true,"href":"https:\/\/sgvaimudar.com.br\/index.php\/wp-json\/wp\/v2\/users\/5"}],"replies":[{"embeddable":true,"href":"https:\/\/sgvaimudar.com.br\/index.php\/wp-json\/wp\/v2\/comments?post=29508"}],"version-history":[{"count":1,"href":"https:\/\/sgvaimudar.com.br\/index.php\/wp-json\/wp\/v2\/posts\/29508\/revisions"}],"predecessor-version":[{"id":29510,"href":"https:\/\/sgvaimudar.com.br\/index.php\/wp-json\/wp\/v2\/posts\/29508\/revisions\/29510"}],"wp:featuredmedia":[{"embeddable":true,"href":"https:\/\/sgvaimudar.com.br\/index.php\/wp-json\/wp\/v2\/media\/29509"}],"wp:attachment":[{"href":"https:\/\/sgvaimudar.com.br\/index.php\/wp-json\/wp\/v2\/media?parent=29508"}],"wp:term":[{"taxonomy":"category","embeddable":true,"href":"https:\/\/sgvaimudar.com.br\/index.php\/wp-json\/wp\/v2\/categories?post=29508"},{"taxonomy":"post_tag","embeddable":true,"href":"https:\/\/sgvaimudar.com.br\/index.php\/wp-json\/wp\/v2\/tags?post=29508"}],"curies":[{"name":"wp","href":"https:\/\/api.w.org\/{rel}","templated":true}]}}