{"id":29505,"date":"2025-08-16T08:04:54","date_gmt":"2025-08-16T11:04:54","guid":{"rendered":"https:\/\/sgvaimudar.com.br\/?p=29505"},"modified":"2025-08-16T08:04:55","modified_gmt":"2025-08-16T11:04:55","slug":"sao-goncalo-tem-mais-um-final-de-semana-de-projeto-cinera","status":"publish","type":"post","link":"https:\/\/sgvaimudar.com.br\/index.php\/2025\/08\/16\/sao-goncalo-tem-mais-um-final-de-semana-de-projeto-cinera\/","title":{"rendered":"S\u00e3o Gon\u00e7alo tem mais um final de semana de Projeto CINERA"},"content":{"rendered":"\n<p><em>Programa\u00e7\u00e3o vai exibir quatro curtas-metragens no s\u00e1bado (16) e no domingo (17)<\/em><\/p>\n\n\n\n<p>A Secretaria de Turismo e Cultura de S\u00e3o Gon\u00e7alo convida a popula\u00e7\u00e3o para mais uma edi\u00e7\u00e3o do projeto CINERA, que vai ser realizado neste s\u00e1bado (16), \u00e0s 16h30min., na Pra\u00e7a do Boa Vista, e no domingo (17), na Pra\u00e7a Largo de Ita\u00fana, tamb\u00e9m \u00e0s 16h30min.<\/p>\n\n\n\n<p>Nesta edi\u00e7\u00e3o, o p\u00fablico poder\u00e1 conferir a exibi\u00e7\u00e3o de quatro curtas-metragens. No s\u00e1bado ser\u00e3o exibidos: \u201cUmbrella\u201d, \u201cNonna\u201d, \u201cEu Queria Ser um Monstro\u201d e \u201c4 Bilh\u00f5es de Infinitos\u201d. e no domingo: \u201cEu Mesma\u201d, \u201cO Malabarista\u201d, \u201cLa Luna\u201d e \u201cSe Algo Acontecer&#8230; Te Amo\u201d.<\/p>\n\n\n\n<figure class=\"wp-block-image size-large\"><img fetchpriority=\"high\" decoding=\"async\" width=\"819\" height=\"1024\" src=\"https:\/\/sgvaimudar.com.br\/wp-content\/uploads\/2025\/08\/unnamed-8-8-819x1024.jpg\" alt=\"\" class=\"wp-image-29506\" srcset=\"https:\/\/sgvaimudar.com.br\/wp-content\/uploads\/2025\/08\/unnamed-8-8-819x1024.jpg 819w, https:\/\/sgvaimudar.com.br\/wp-content\/uploads\/2025\/08\/unnamed-8-8-240x300.jpg 240w, https:\/\/sgvaimudar.com.br\/wp-content\/uploads\/2025\/08\/unnamed-8-8-768x960.jpg 768w, https:\/\/sgvaimudar.com.br\/wp-content\/uploads\/2025\/08\/unnamed-8-8.jpg 1080w\" sizes=\"(max-width: 819px) 100vw, 819px\" \/><\/figure>\n\n\n\n<p>O projeto CINERA foi contemplado pela Lei Paulo Gustavo, que incentiva a\u00e7\u00f5es culturais. A iniciativa tem como principal objetivo democratizar o acesso \u00e0 cultura por meio do audiovisual, promovendo momentos de lazer e reflex\u00e3o com filmes que abordam temas diversos e relevantes.<\/p>\n\n\n\n<p><strong><em>S\u00e3o Gon\u00e7alo vai mudar: Not\u00edcias de S\u00e3o Gon\u00e7alo e toda regi\u00e3o.<\/em><\/strong><\/p>\n\n\n\n<figure class=\"wp-block-image size-large\"><img decoding=\"async\" width=\"1024\" height=\"252\" src=\"https:\/\/sgvaimudar.com.br\/wp-content\/uploads\/2025\/03\/Anuncie-Aqui-Sao-Goncalo-vai-mudar-1024x252.jpg\" alt=\"\" class=\"wp-image-22693\" srcset=\"https:\/\/sgvaimudar.com.br\/wp-content\/uploads\/2025\/03\/Anuncie-Aqui-Sao-Goncalo-vai-mudar-1024x252.jpg 1024w, https:\/\/sgvaimudar.com.br\/wp-content\/uploads\/2025\/03\/Anuncie-Aqui-Sao-Goncalo-vai-mudar-300x74.jpg 300w, https:\/\/sgvaimudar.com.br\/wp-content\/uploads\/2025\/03\/Anuncie-Aqui-Sao-Goncalo-vai-mudar-768x189.jpg 768w, https:\/\/sgvaimudar.com.br\/wp-content\/uploads\/2025\/03\/Anuncie-Aqui-Sao-Goncalo-vai-mudar-1536x378.jpg 1536w, https:\/\/sgvaimudar.com.br\/wp-content\/uploads\/2025\/03\/Anuncie-Aqui-Sao-Goncalo-vai-mudar-2048x504.jpg 2048w\" sizes=\"(max-width: 1024px) 100vw, 1024px\" \/><\/figure>\n","protected":false},"excerpt":{"rendered":"<p>Programa\u00e7\u00e3o vai exibir quatro curtas-metragens no s\u00e1bado (16) e no domingo (17) A Secretaria de Turismo e Cultura de S\u00e3o&hellip;<\/p>\n","protected":false},"author":5,"featured_media":14758,"comment_status":"open","ping_status":"open","sticky":false,"template":"","format":"standard","meta":{"fifu_image_url":"","fifu_image_alt":"","footnotes":""},"categories":[6],"tags":[],"class_list":["post-29505","post","type-post","status-publish","format-standard","has-post-thumbnail","hentry","category-entretenimento"],"_links":{"self":[{"href":"https:\/\/sgvaimudar.com.br\/index.php\/wp-json\/wp\/v2\/posts\/29505","targetHints":{"allow":["GET"]}}],"collection":[{"href":"https:\/\/sgvaimudar.com.br\/index.php\/wp-json\/wp\/v2\/posts"}],"about":[{"href":"https:\/\/sgvaimudar.com.br\/index.php\/wp-json\/wp\/v2\/types\/post"}],"author":[{"embeddable":true,"href":"https:\/\/sgvaimudar.com.br\/index.php\/wp-json\/wp\/v2\/users\/5"}],"replies":[{"embeddable":true,"href":"https:\/\/sgvaimudar.com.br\/index.php\/wp-json\/wp\/v2\/comments?post=29505"}],"version-history":[{"count":1,"href":"https:\/\/sgvaimudar.com.br\/index.php\/wp-json\/wp\/v2\/posts\/29505\/revisions"}],"predecessor-version":[{"id":29507,"href":"https:\/\/sgvaimudar.com.br\/index.php\/wp-json\/wp\/v2\/posts\/29505\/revisions\/29507"}],"wp:featuredmedia":[{"embeddable":true,"href":"https:\/\/sgvaimudar.com.br\/index.php\/wp-json\/wp\/v2\/media\/14758"}],"wp:attachment":[{"href":"https:\/\/sgvaimudar.com.br\/index.php\/wp-json\/wp\/v2\/media?parent=29505"}],"wp:term":[{"taxonomy":"category","embeddable":true,"href":"https:\/\/sgvaimudar.com.br\/index.php\/wp-json\/wp\/v2\/categories?post=29505"},{"taxonomy":"post_tag","embeddable":true,"href":"https:\/\/sgvaimudar.com.br\/index.php\/wp-json\/wp\/v2\/tags?post=29505"}],"curies":[{"name":"wp","href":"https:\/\/api.w.org\/{rel}","templated":true}]}}