{"id":29501,"date":"2025-08-16T15:00:00","date_gmt":"2025-08-16T18:00:00","guid":{"rendered":"https:\/\/sgvaimudar.com.br\/?p=29501"},"modified":"2025-08-16T08:00:47","modified_gmt":"2025-08-16T11:00:47","slug":"jovens-empreendedores-se-reunem-em-encontro-promissor-no-centro","status":"publish","type":"post","link":"https:\/\/sgvaimudar.com.br\/index.php\/2025\/08\/16\/jovens-empreendedores-se-reunem-em-encontro-promissor-no-centro\/","title":{"rendered":"Jovens empreendedores se re\u00fanem em encontro promissor no Centro"},"content":{"rendered":"\n<p><em>Evento foi promovido pela Coordenadoria da Juventude em parceria com a Secretaria de Desenvolvimento Econ\u00f4mico<\/em><\/p>\n\n\n\n<p>Na noite desta quinta-feira (14), ocorreu a segunda edi\u00e7\u00e3o do Encontro de Jovens Empreendedores de S\u00e3o Gon\u00e7alo, na Cafeteria Emp\u00f3rio V\u00edrgula, no Centro. O evento \u00e9 realizado pela Coordenadoria da Juventude, da Secretaria de Assist\u00eancia Social da Prefeitura de S\u00e3o Gon\u00e7alo, em parceria com a Secretaria de Desenvolvimento Econ\u00f4mico.<\/p>\n\n\n\n<p>O coordenador da Juventude, Leonardo Le\u00e3o, destacou o objetivo da iniciativa. \u201cOrganizamos esse evento para fomentar jovens empreendedores, aqueles que est\u00e3o come\u00e7ando tamb\u00e9m e que procuram capacita\u00e7\u00e3o para enfrentar esse ramo. Antigamente j\u00e1 acontecia a troca de cart\u00f5es e, com esse encontro, garantimos uma maior dimens\u00e3o. Espero que todos possam trocar experi\u00eancias e que diversas parcerias possam sair daqui\u201d, afirmou.<\/p>\n\n\n\n<figure class=\"wp-block-image size-full\"><img fetchpriority=\"high\" decoding=\"async\" width=\"1024\" height=\"683\" src=\"https:\/\/sgvaimudar.com.br\/wp-content\/uploads\/2025\/08\/unnamed-7-8.jpg\" alt=\"\" class=\"wp-image-29502\" srcset=\"https:\/\/sgvaimudar.com.br\/wp-content\/uploads\/2025\/08\/unnamed-7-8.jpg 1024w, https:\/\/sgvaimudar.com.br\/wp-content\/uploads\/2025\/08\/unnamed-7-8-300x200.jpg 300w, https:\/\/sgvaimudar.com.br\/wp-content\/uploads\/2025\/08\/unnamed-7-8-768x512.jpg 768w\" sizes=\"(max-width: 1024px) 100vw, 1024px\" \/><\/figure>\n\n\n\n<p>Para iniciar o encontro, dezenas de jovens empreendedores e que pretendem iniciar um novo neg\u00f3cio curtiram a apresenta\u00e7\u00e3o musical do cantor William Dave. Em seguida, a empreendedora gon\u00e7alense Cris Nery palestrou sobre sua trajet\u00f3ria e os desafios do empreendedorismo.&nbsp;Ela viveu muitos anos no bairro Luiz Ca\u00e7ador e contou sobre o seu crescimento no ramo para os participantes do encontro.<\/p>\n\n\n\n<p>\u201cHoje, eu vim para inspirar empreendedores de S\u00e3o Gon\u00e7alo e lembrar que sonhar n\u00e3o tem limite. N\u00e3o importa o local onde voc\u00ea cresceu, se foi em uma comunidade, por exemplo, se a pessoa realmente quer evoluir, ela n\u00e3o deve focar nas barreiras. \u00c9 preciso buscar conhecimento para alcan\u00e7ar nossos sonhos e espero que a noite provoque uma nova mentalidade para todos&#8221;, disse a palestrante.<\/p>\n\n\n\n<p>\u201cTemos a orienta\u00e7\u00e3o do nosso prefeito Capit\u00e3o Nelson de estender tapetes para os empreendedores da cidade, facilitando o trabalho deles o m\u00e1ximo poss\u00edvel. Nesse encontro, voc\u00eas podem trazer d\u00favidas e dificuldades dos neg\u00f3cios de voc\u00eas. Seguimos buscando desburocratizar e ser mais c\u00e9lere na legaliza\u00e7\u00e3o das empresas\u201d, destacou o secret\u00e1rio de Desenvolvimento Econ\u00f4mico, Evanildo Barreto.<\/p>\n\n\n\n<p>Ao final do evento, foi oferecido um lanche onde o p\u00fablico p\u00f4de descontrair e criar uma conex\u00e3o, al\u00e9m de trocar cart\u00f5es, informa\u00e7\u00f5es e conhecimentos.<\/p>\n\n\n\n<p><em>Fotos: Fabio Guimar\u00e3es<\/em><\/p>\n\n\n\n<p><strong><em>S\u00e3o Gon\u00e7alo vai mudar: Not\u00edcias de S\u00e3o Gon\u00e7alo e toda regi\u00e3o.<\/em><\/strong><\/p>\n\n\n\n<figure class=\"wp-block-image size-large\"><img decoding=\"async\" width=\"1024\" height=\"252\" src=\"https:\/\/sgvaimudar.com.br\/wp-content\/uploads\/2025\/03\/Anuncie-Aqui-Sao-Goncalo-vai-mudar-1024x252.jpg\" alt=\"\" class=\"wp-image-22693\" srcset=\"https:\/\/sgvaimudar.com.br\/wp-content\/uploads\/2025\/03\/Anuncie-Aqui-Sao-Goncalo-vai-mudar-1024x252.jpg 1024w, https:\/\/sgvaimudar.com.br\/wp-content\/uploads\/2025\/03\/Anuncie-Aqui-Sao-Goncalo-vai-mudar-300x74.jpg 300w, https:\/\/sgvaimudar.com.br\/wp-content\/uploads\/2025\/03\/Anuncie-Aqui-Sao-Goncalo-vai-mudar-768x189.jpg 768w, https:\/\/sgvaimudar.com.br\/wp-content\/uploads\/2025\/03\/Anuncie-Aqui-Sao-Goncalo-vai-mudar-1536x378.jpg 1536w, https:\/\/sgvaimudar.com.br\/wp-content\/uploads\/2025\/03\/Anuncie-Aqui-Sao-Goncalo-vai-mudar-2048x504.jpg 2048w\" sizes=\"(max-width: 1024px) 100vw, 1024px\" \/><\/figure>\n","protected":false},"excerpt":{"rendered":"<p>Evento foi promovido pela Coordenadoria da Juventude em parceria com a Secretaria de Desenvolvimento Econ\u00f4mico Na noite desta quinta-feira (14),&hellip;<\/p>\n","protected":false},"author":5,"featured_media":29503,"comment_status":"open","ping_status":"open","sticky":false,"template":"","format":"standard","meta":{"fifu_image_url":"","fifu_image_alt":"","footnotes":""},"categories":[3],"tags":[],"class_list":["post-29501","post","type-post","status-publish","format-standard","has-post-thumbnail","hentry","category-sao-goncalo"],"_links":{"self":[{"href":"https:\/\/sgvaimudar.com.br\/index.php\/wp-json\/wp\/v2\/posts\/29501","targetHints":{"allow":["GET"]}}],"collection":[{"href":"https:\/\/sgvaimudar.com.br\/index.php\/wp-json\/wp\/v2\/posts"}],"about":[{"href":"https:\/\/sgvaimudar.com.br\/index.php\/wp-json\/wp\/v2\/types\/post"}],"author":[{"embeddable":true,"href":"https:\/\/sgvaimudar.com.br\/index.php\/wp-json\/wp\/v2\/users\/5"}],"replies":[{"embeddable":true,"href":"https:\/\/sgvaimudar.com.br\/index.php\/wp-json\/wp\/v2\/comments?post=29501"}],"version-history":[{"count":1,"href":"https:\/\/sgvaimudar.com.br\/index.php\/wp-json\/wp\/v2\/posts\/29501\/revisions"}],"predecessor-version":[{"id":29504,"href":"https:\/\/sgvaimudar.com.br\/index.php\/wp-json\/wp\/v2\/posts\/29501\/revisions\/29504"}],"wp:featuredmedia":[{"embeddable":true,"href":"https:\/\/sgvaimudar.com.br\/index.php\/wp-json\/wp\/v2\/media\/29503"}],"wp:attachment":[{"href":"https:\/\/sgvaimudar.com.br\/index.php\/wp-json\/wp\/v2\/media?parent=29501"}],"wp:term":[{"taxonomy":"category","embeddable":true,"href":"https:\/\/sgvaimudar.com.br\/index.php\/wp-json\/wp\/v2\/categories?post=29501"},{"taxonomy":"post_tag","embeddable":true,"href":"https:\/\/sgvaimudar.com.br\/index.php\/wp-json\/wp\/v2\/tags?post=29501"}],"curies":[{"name":"wp","href":"https:\/\/api.w.org\/{rel}","templated":true}]}}