{"id":29498,"date":"2025-08-16T14:00:00","date_gmt":"2025-08-16T17:00:00","guid":{"rendered":"https:\/\/sgvaimudar.com.br\/?p=29498"},"modified":"2025-08-16T07:57:26","modified_gmt":"2025-08-16T10:57:26","slug":"prefeitura-implanta-novo-sistema-de-gestao-do-iss","status":"publish","type":"post","link":"https:\/\/sgvaimudar.com.br\/index.php\/2025\/08\/16\/prefeitura-implanta-novo-sistema-de-gestao-do-iss\/","title":{"rendered":"Prefeitura implanta novo sistema de gest\u00e3o do ISS"},"content":{"rendered":"\n<p><em>At\u00e9 domingo (17) o acesso antigo estar\u00e1 indispon\u00edvel<\/em><\/p>\n\n\n\n<p>A Prefeitura de S\u00e3o Gon\u00e7alo informou que, a partir das 9h da pr\u00f3xima segunda-feira (18), vai come\u00e7ar a funcionar um novo sistema de gest\u00e3o do Imposto Sobre Servi\u00e7os (ISSQN), para emiss\u00e3o de nota fiscal, em raz\u00e3o da adequa\u00e7\u00e3o do munic\u00edpio \u00e0 Reforma Tribut\u00e1ria.<\/p>\n\n\n\n<p>Com isso, os contribuintes dever\u00e3o ficar cientes que o sistema atual ficar\u00e1 indispon\u00edvel entre esta sexta-feira (15) e domingo (17) para viabilizar a migra\u00e7\u00e3o e atualiza\u00e7\u00e3o dos dados no novo sistema. O p\u00fablico interno e externo j\u00e1 recebeu o devido treinamento.<\/p>\n\n\n\n<p>Para facilitar a adapta\u00e7\u00e3o, ser\u00e3o disponibilizados Manual do Novo Sistema e instru\u00e7\u00f5es para acesso ao suporte t\u00e9cnico, se necess\u00e1rio.<\/p>\n\n\n\n<figure class=\"wp-block-image size-large\"><img fetchpriority=\"high\" decoding=\"async\" width=\"819\" height=\"1024\" src=\"https:\/\/sgvaimudar.com.br\/wp-content\/uploads\/2025\/08\/unnamed-5-9-819x1024.jpg\" alt=\"\" class=\"wp-image-29499\" srcset=\"https:\/\/sgvaimudar.com.br\/wp-content\/uploads\/2025\/08\/unnamed-5-9-819x1024.jpg 819w, https:\/\/sgvaimudar.com.br\/wp-content\/uploads\/2025\/08\/unnamed-5-9-240x300.jpg 240w, https:\/\/sgvaimudar.com.br\/wp-content\/uploads\/2025\/08\/unnamed-5-9-768x960.jpg 768w, https:\/\/sgvaimudar.com.br\/wp-content\/uploads\/2025\/08\/unnamed-5-9.jpg 1080w\" sizes=\"(max-width: 819px) 100vw, 819px\" \/><\/figure>\n\n\n\n<p>Treinamento:&nbsp;<a href=\"https:\/\/click.cse360.com.br\/Click\/AddCampaignEmailClick\/0eb6a6e0-7744-4a6f-6a5c-08ddda85b1be\/https%253a%252f%252fsaogoncalo-rj.treino-issintegra.com.br%252fusuarios%252fentrar\/ac66966e-2b55-4484-fb2c-08dc491eed5f\/jornalistaws@gmail.com\/False\" rel=\"noreferrer noopener\" target=\"_blank\">https:\/\/saogoncalo-rj.treino-issintegra.com.br\/usuarios\/entrar<\/a><\/p>\n\n\n\n<p><em>Produ\u00e7\u00e3o:\u00a0<\/em><a rel=\"noreferrer noopener\" href=\"https:\/\/click.cse360.com.br\/Click\/AddCampaignEmailClick\/0eb6a6e0-7744-4a6f-6a5c-08ddda85b1be\/https%253a%252f%252fsaogoncalo-ri.issintegra.com.br%252fusuarios%252fentrar\/ac66966e-2b55-4484-fb2c-08dc491eed5f\/jornalistaws@gmail.com\/False\" target=\"_blank\">https:\/\/saogoncalo-ri.issintegra.com.br\/usuarios\/entrar<\/a>.<\/p>\n\n\n\n<p><strong><em>S\u00e3o Gon\u00e7alo vai mudar: Not\u00edcias de S\u00e3o Gon\u00e7alo e toda regi\u00e3o.<\/em><\/strong><\/p>\n\n\n\n<figure class=\"wp-block-image size-large\"><img decoding=\"async\" width=\"1024\" height=\"252\" src=\"https:\/\/sgvaimudar.com.br\/wp-content\/uploads\/2025\/03\/Anuncie-Aqui-Sao-Goncalo-vai-mudar-1024x252.jpg\" alt=\"\" class=\"wp-image-22693\" srcset=\"https:\/\/sgvaimudar.com.br\/wp-content\/uploads\/2025\/03\/Anuncie-Aqui-Sao-Goncalo-vai-mudar-1024x252.jpg 1024w, https:\/\/sgvaimudar.com.br\/wp-content\/uploads\/2025\/03\/Anuncie-Aqui-Sao-Goncalo-vai-mudar-300x74.jpg 300w, https:\/\/sgvaimudar.com.br\/wp-content\/uploads\/2025\/03\/Anuncie-Aqui-Sao-Goncalo-vai-mudar-768x189.jpg 768w, https:\/\/sgvaimudar.com.br\/wp-content\/uploads\/2025\/03\/Anuncie-Aqui-Sao-Goncalo-vai-mudar-1536x378.jpg 1536w, https:\/\/sgvaimudar.com.br\/wp-content\/uploads\/2025\/03\/Anuncie-Aqui-Sao-Goncalo-vai-mudar-2048x504.jpg 2048w\" sizes=\"(max-width: 1024px) 100vw, 1024px\" \/><\/figure>\n","protected":false},"excerpt":{"rendered":"<p>At\u00e9 domingo (17) o acesso antigo estar\u00e1 indispon\u00edvel A Prefeitura de S\u00e3o Gon\u00e7alo informou que, a partir das 9h da&hellip;<\/p>\n","protected":false},"author":5,"featured_media":9777,"comment_status":"open","ping_status":"open","sticky":false,"template":"","format":"standard","meta":{"fifu_image_url":"","fifu_image_alt":"","footnotes":""},"categories":[3],"tags":[],"class_list":["post-29498","post","type-post","status-publish","format-standard","has-post-thumbnail","hentry","category-sao-goncalo"],"_links":{"self":[{"href":"https:\/\/sgvaimudar.com.br\/index.php\/wp-json\/wp\/v2\/posts\/29498","targetHints":{"allow":["GET"]}}],"collection":[{"href":"https:\/\/sgvaimudar.com.br\/index.php\/wp-json\/wp\/v2\/posts"}],"about":[{"href":"https:\/\/sgvaimudar.com.br\/index.php\/wp-json\/wp\/v2\/types\/post"}],"author":[{"embeddable":true,"href":"https:\/\/sgvaimudar.com.br\/index.php\/wp-json\/wp\/v2\/users\/5"}],"replies":[{"embeddable":true,"href":"https:\/\/sgvaimudar.com.br\/index.php\/wp-json\/wp\/v2\/comments?post=29498"}],"version-history":[{"count":1,"href":"https:\/\/sgvaimudar.com.br\/index.php\/wp-json\/wp\/v2\/posts\/29498\/revisions"}],"predecessor-version":[{"id":29500,"href":"https:\/\/sgvaimudar.com.br\/index.php\/wp-json\/wp\/v2\/posts\/29498\/revisions\/29500"}],"wp:featuredmedia":[{"embeddable":true,"href":"https:\/\/sgvaimudar.com.br\/index.php\/wp-json\/wp\/v2\/media\/9777"}],"wp:attachment":[{"href":"https:\/\/sgvaimudar.com.br\/index.php\/wp-json\/wp\/v2\/media?parent=29498"}],"wp:term":[{"taxonomy":"category","embeddable":true,"href":"https:\/\/sgvaimudar.com.br\/index.php\/wp-json\/wp\/v2\/categories?post=29498"},{"taxonomy":"post_tag","embeddable":true,"href":"https:\/\/sgvaimudar.com.br\/index.php\/wp-json\/wp\/v2\/tags?post=29498"}],"curies":[{"name":"wp","href":"https:\/\/api.w.org\/{rel}","templated":true}]}}