{"id":29494,"date":"2025-08-16T13:00:00","date_gmt":"2025-08-16T16:00:00","guid":{"rendered":"https:\/\/sgvaimudar.com.br\/?p=29494"},"modified":"2025-08-16T07:53:17","modified_gmt":"2025-08-16T10:53:17","slug":"mulheres-goncalenses-participam-de-evento-em-prol-do-empreendedorismo-feminino","status":"publish","type":"post","link":"https:\/\/sgvaimudar.com.br\/index.php\/2025\/08\/16\/mulheres-goncalenses-participam-de-evento-em-prol-do-empreendedorismo-feminino\/","title":{"rendered":"Mulheres gon\u00e7alenses participam de evento em prol do empreendedorismo feminino"},"content":{"rendered":"\n<p><em>Empreenda Mais Mulher garantiu palestras, painel de empreendedoras e sess\u00e3o de networking<\/em><\/p>\n\n\n\n<p>Com o intuito de fortalecer o empreendedorismo feminino, gerar conex\u00f5es e impulsionar o neg\u00f3cio de diversas gon\u00e7alenses, a cidade recebeu, na tarde desta quinta-feira (14), o Empreenda Mais Mulher, no Sest Senat, em Tribob\u00f3.&nbsp;<\/p>\n\n\n\n<p>O evento \u00e9 uma iniciativa da Secretaria de Estado da Mulher, junto com a Secretaria de Estado de Desenvolvimento Econ\u00f4mico, Ind\u00fastria, Com\u00e9rcio e Servi\u00e7os, e contou com a parceria da Secretaria de Assist\u00eancia Social da Prefeitura de S\u00e3o Gon\u00e7alo, atrav\u00e9s da Subsecretaria de Pol\u00edticas P\u00fablicas para as Mulheres.<\/p>\n\n\n\n<figure class=\"wp-block-image size-full\"><img fetchpriority=\"high\" decoding=\"async\" width=\"1024\" height=\"681\" src=\"https:\/\/sgvaimudar.com.br\/wp-content\/uploads\/2025\/08\/unnamed-31.jpg\" alt=\"\" class=\"wp-image-29496\" srcset=\"https:\/\/sgvaimudar.com.br\/wp-content\/uploads\/2025\/08\/unnamed-31.jpg 1024w, https:\/\/sgvaimudar.com.br\/wp-content\/uploads\/2025\/08\/unnamed-31-300x200.jpg 300w, https:\/\/sgvaimudar.com.br\/wp-content\/uploads\/2025\/08\/unnamed-31-768x511.jpg 768w\" sizes=\"(max-width: 1024px) 100vw, 1024px\" \/><\/figure>\n\n\n\n<p>A mesa de abertura foi composta pelo secret\u00e1rio de Assist\u00eancia Social da Prefeitura de S\u00e3o Gon\u00e7alo, Felippe Mattos; pela subsecret\u00e1ria de Pol\u00edticas P\u00fablicas para as Mulheres, Ana Cristina da Silva; pela secret\u00e1ria de Estado da Mulher, Heloisa Aguiar; e pela secret\u00e1ria de Estado de Desenvolvimento Econ\u00f4mico, Fernanda Curdi. O secret\u00e1rio de Desenvolvimento Econ\u00f4mico de S\u00e3o Gon\u00e7alo, Evanildo Barreto, tamb\u00e9m participou da abertura do evento.<\/p>\n\n\n\n<p>O secret\u00e1rio de Assist\u00eancia Social, Felippe Mattos, afirmou estar empolgado em estreitar a parceria com o Governo do Estado.<\/p>\n\n\n\n<p>\u201cEm nome do nosso prefeito Capit\u00e3o Nelson, eu agrade\u00e7o a parceria com o governador Cl\u00e1udio Castro. Entendemos o qu\u00e3o importante \u00e9 o programa Empreenda Mais Mulher, que soma com a nossa Subsecretaria da Mulher, que vem garantindo diversos projetos. Seguimos trabalhando para melhorar as condi\u00e7\u00f5es das empreendedoras da cidade\u201d, disse.<\/p>\n\n\n\n<p>A subsecret\u00e1ria de Pol\u00edticas P\u00fablicas para as Mulheres, Ana Cristina da Silva, destacou a alegria em receber uma edi\u00e7\u00e3o do evento na cidade.<\/p>\n\n\n\n<p>\u201cEstou muito feliz em receber este evento aqui em S\u00e3o Gon\u00e7alo, que representa mais do que um encontro de empreendedoras, mas tamb\u00e9m um espa\u00e7o de troca e fortalecimento. N\u00f3s, mulheres, carregamos em nossa trajet\u00f3ria a for\u00e7a de transformar desafios em oportunidades. Com a uni\u00e3o de esfor\u00e7os entre o munic\u00edpio e o Estado, damos um passo a mais para ampliar essa rede de oportunidades e garantir que cada mulher possa desenvolver todo o seu potencial\u201d, disse.<\/p>\n\n\n\n<p>No evento, o p\u00fablico p\u00f4de presenciar o painel das empreendedoras Fernanda Rangel, Di Miranda, Luciana Cardoso, Luciana Prado, Simone Alc\u00e2ntara e S\u00f4nia Viana, al\u00e9m de palestras com os temas \u201cFormaliza\u00e7\u00e3o de Neg\u00f3cios\u201d, \u201cFinan\u00e7as para empreendedoras\u201d e \u201cIntelig\u00eancia Emocional\u201d. As empreendedoras tamb\u00e9m puderam participar de uma sess\u00e3o de networking e cr\u00e9dito que re\u00fane institui\u00e7\u00f5es parceiras que oferecem benef\u00edcios para empreendedoras locais.<\/p>\n\n\n\n<p>\u201cAgrade\u00e7o a todas as mulheres empreendedoras por estarem aqui, n\u00f3s temos um carinho enorme pela cidade. Refor\u00e7o para todas que n\u00f3s acreditamos na for\u00e7a do trabalho de voc\u00eas, e estamos aqui para viabilizar cada vez mais, junto com o time da Subsecretaria da Mulher de S\u00e3o Gon\u00e7alo, a autonomia econ\u00f4mica das mulheres,\u201d afirmou a secret\u00e1ria de Estado da Mulher, Heloisa Aguiar.<\/p>\n\n\n\n<p>\u201cS\u00e3o Gon\u00e7alo \u00e9 uma pot\u00eancia no nosso Estado e o governo precisa estar presente. Aqui, s\u00f3 neste ano, foram abertos mais de 500 neg\u00f3cios liderados por mulheres. Eu sempre falo em n\u00fameros, pois demonstram o tamanho da nossa responsabilidade em construir pol\u00edticas p\u00fablicas que permane\u00e7am e sejam perpetuadas,\u201d destacou a secret\u00e1ria de Estado de Desenvolvimento Econ\u00f4mico, Fernanda Curdi.<\/p>\n\n\n\n<p><em>Fotos: Julio Diniz<\/em><\/p>\n\n\n\n<p><strong><em>S\u00e3o Gon\u00e7alo vai mudar: Not\u00edcias de S\u00e3o Gon\u00e7alo e toda regi\u00e3o.<\/em><\/strong><\/p>\n\n\n\n<figure class=\"wp-block-image size-large\"><img decoding=\"async\" width=\"1024\" height=\"252\" src=\"https:\/\/sgvaimudar.com.br\/wp-content\/uploads\/2025\/03\/Anuncie-Aqui-Sao-Goncalo-vai-mudar-1024x252.jpg\" alt=\"\" class=\"wp-image-22693\" srcset=\"https:\/\/sgvaimudar.com.br\/wp-content\/uploads\/2025\/03\/Anuncie-Aqui-Sao-Goncalo-vai-mudar-1024x252.jpg 1024w, https:\/\/sgvaimudar.com.br\/wp-content\/uploads\/2025\/03\/Anuncie-Aqui-Sao-Goncalo-vai-mudar-300x74.jpg 300w, https:\/\/sgvaimudar.com.br\/wp-content\/uploads\/2025\/03\/Anuncie-Aqui-Sao-Goncalo-vai-mudar-768x189.jpg 768w, https:\/\/sgvaimudar.com.br\/wp-content\/uploads\/2025\/03\/Anuncie-Aqui-Sao-Goncalo-vai-mudar-1536x378.jpg 1536w, https:\/\/sgvaimudar.com.br\/wp-content\/uploads\/2025\/03\/Anuncie-Aqui-Sao-Goncalo-vai-mudar-2048x504.jpg 2048w\" sizes=\"(max-width: 1024px) 100vw, 1024px\" \/><\/figure>\n","protected":false},"excerpt":{"rendered":"<p>Empreenda Mais Mulher garantiu palestras, painel de empreendedoras e sess\u00e3o de networking Com o intuito de fortalecer o empreendedorismo feminino,&hellip;<\/p>\n","protected":false},"author":5,"featured_media":29495,"comment_status":"open","ping_status":"open","sticky":false,"template":"","format":"standard","meta":{"fifu_image_url":"","fifu_image_alt":"","footnotes":""},"categories":[6],"tags":[],"class_list":["post-29494","post","type-post","status-publish","format-standard","has-post-thumbnail","hentry","category-entretenimento"],"_links":{"self":[{"href":"https:\/\/sgvaimudar.com.br\/index.php\/wp-json\/wp\/v2\/posts\/29494","targetHints":{"allow":["GET"]}}],"collection":[{"href":"https:\/\/sgvaimudar.com.br\/index.php\/wp-json\/wp\/v2\/posts"}],"about":[{"href":"https:\/\/sgvaimudar.com.br\/index.php\/wp-json\/wp\/v2\/types\/post"}],"author":[{"embeddable":true,"href":"https:\/\/sgvaimudar.com.br\/index.php\/wp-json\/wp\/v2\/users\/5"}],"replies":[{"embeddable":true,"href":"https:\/\/sgvaimudar.com.br\/index.php\/wp-json\/wp\/v2\/comments?post=29494"}],"version-history":[{"count":1,"href":"https:\/\/sgvaimudar.com.br\/index.php\/wp-json\/wp\/v2\/posts\/29494\/revisions"}],"predecessor-version":[{"id":29497,"href":"https:\/\/sgvaimudar.com.br\/index.php\/wp-json\/wp\/v2\/posts\/29494\/revisions\/29497"}],"wp:featuredmedia":[{"embeddable":true,"href":"https:\/\/sgvaimudar.com.br\/index.php\/wp-json\/wp\/v2\/media\/29495"}],"wp:attachment":[{"href":"https:\/\/sgvaimudar.com.br\/index.php\/wp-json\/wp\/v2\/media?parent=29494"}],"wp:term":[{"taxonomy":"category","embeddable":true,"href":"https:\/\/sgvaimudar.com.br\/index.php\/wp-json\/wp\/v2\/categories?post=29494"},{"taxonomy":"post_tag","embeddable":true,"href":"https:\/\/sgvaimudar.com.br\/index.php\/wp-json\/wp\/v2\/tags?post=29494"}],"curies":[{"name":"wp","href":"https:\/\/api.w.org\/{rel}","templated":true}]}}