{"id":29490,"date":"2025-08-16T12:00:00","date_gmt":"2025-08-16T15:00:00","guid":{"rendered":"https:\/\/sgvaimudar.com.br\/?p=29490"},"modified":"2025-08-16T07:47:35","modified_gmt":"2025-08-16T10:47:35","slug":"criancas-goncalenses-realizam-aulas-de-treinamento-funcional-no-projeto-saude-em-movimento","status":"publish","type":"post","link":"https:\/\/sgvaimudar.com.br\/index.php\/2025\/08\/16\/criancas-goncalenses-realizam-aulas-de-treinamento-funcional-no-projeto-saude-em-movimento\/","title":{"rendered":"Crian\u00e7as gon\u00e7alenses realizam aulas de treinamento funcional no Projeto Sa\u00fade em Movimento"},"content":{"rendered":"\n<p><em>Cerca de 40 alunos participam da atividade no Boa Vista<\/em><\/p>\n\n\n\n<p>O projeto Sa\u00fade em Movimento, da Funda\u00e7\u00e3o de Artes, Esporte e Lazer de S\u00e3o Gon\u00e7alo (Faelsg), oferece diversas atividades f\u00edsicas gratuitas para os gon\u00e7alenses. No bairro Boa Vista, cerca de 40 crian\u00e7as realizam aulas gratuitas de treinamento funcional kids.\u00a0<\/p>\n\n\n\n<p>O treinamento funcional auxilia na coordena\u00e7\u00e3o motora, estimula o metabolismo e previne doen\u00e7as e, no caso das crian\u00e7as, tamb\u00e9m evita a obesidade infantil e motiva a pr\u00e1tica de atividades f\u00edsicas.<\/p>\n\n\n\n<figure class=\"wp-block-image size-full\"><img fetchpriority=\"high\" decoding=\"async\" width=\"1024\" height=\"705\" src=\"https:\/\/sgvaimudar.com.br\/wp-content\/uploads\/2025\/08\/unnamed-3-10.jpg\" alt=\"\" class=\"wp-image-29492\" srcset=\"https:\/\/sgvaimudar.com.br\/wp-content\/uploads\/2025\/08\/unnamed-3-10.jpg 1024w, https:\/\/sgvaimudar.com.br\/wp-content\/uploads\/2025\/08\/unnamed-3-10-300x207.jpg 300w, https:\/\/sgvaimudar.com.br\/wp-content\/uploads\/2025\/08\/unnamed-3-10-768x529.jpg 768w\" sizes=\"(max-width: 1024px) 100vw, 1024px\" \/><\/figure>\n\n\n\n<p>No Boa Vista, as aulas acontecem na Escola Municipal Florisbela Maria Nunes Haase, para crian\u00e7as de 5 a 14 anos, das 9h \u00e0s 10h. Al\u00e9m deste n\u00facleo, o projeto oferece aulas de Funcional Kids no Porto do Rosa, Salgueiro e Ita\u00fana.<\/p>\n\n\n\n<p>\u201cO funcional kids aumenta o gasto cal\u00f3rico, as crian\u00e7as aprendem sobre lateralidade, interagem muito com os colegas e o melhor de tudo \u00e9 que elas desenvolvem gosto em praticar atividade f\u00edsica. Fa\u00e7o quest\u00e3o de misturar os ensinamentos f\u00edsicos com brincadeiras, para descontrair\u201d, afirmou o professor do n\u00facleo do Boa Vista, F\u00e1bio Sim\u00e3o.<\/p>\n\n\n\n<p>Para participar de uma das atividades, basta ir at\u00e9 o local, no hor\u00e1rio da aula e falar com o professor respons\u00e1vel. Confira todos os n\u00facleos do projeto atrav\u00e9s do link:&nbsp;<a href=\"https:\/\/click.cse360.com.br\/Click\/AddCampaignEmailClick\/814cb00f-97c9-4a53-650c-08ddda892e5a\/https%253a%252f%252fwww.projetosgemmovimento.com.br%252findex.php\/ac66966e-2b55-4484-fb2c-08dc491eed5f\/jornalistaws@gmail.com\/False\" rel=\"noreferrer noopener\" target=\"_blank\"><u>https:\/\/www.projetosgemmovimento.com.br\/index.php<\/u><\/a>.<\/p>\n\n\n\n<p>A aluna Helena Santos, de 7 anos, diz que participa do projeto h\u00e1 pouco tempo e j\u00e1 se sente \u00e0 vontade para praticar as atividades.<\/p>\n\n\n\n<p>\u201cEu estudo nessa escola e soube das aulas aqui h\u00e1 pouco tempo e antes n\u00e3o fazia uma atividade como essa. Acho tudo aqui legal e o professor tamb\u00e9m. Depois do exerc\u00edcio, j\u00e1 sinto que meus bra\u00e7os est\u00e3o mais fortes,\u201d contou.<\/p>\n\n\n\n<p><em>Fotos: Luiz Carvalho<\/em><\/p>\n\n\n\n<p><strong><em>S\u00e3o Gon\u00e7alo vai mudar: Not\u00edcias de S\u00e3o Gon\u00e7alo e toda regi\u00e3o.<\/em><\/strong><\/p>\n\n\n\n<figure class=\"wp-block-image size-large\"><img decoding=\"async\" width=\"1024\" height=\"252\" src=\"https:\/\/sgvaimudar.com.br\/wp-content\/uploads\/2025\/03\/Anuncie-Aqui-Sao-Goncalo-vai-mudar-1024x252.jpg\" alt=\"\" class=\"wp-image-22693\" srcset=\"https:\/\/sgvaimudar.com.br\/wp-content\/uploads\/2025\/03\/Anuncie-Aqui-Sao-Goncalo-vai-mudar-1024x252.jpg 1024w, https:\/\/sgvaimudar.com.br\/wp-content\/uploads\/2025\/03\/Anuncie-Aqui-Sao-Goncalo-vai-mudar-300x74.jpg 300w, https:\/\/sgvaimudar.com.br\/wp-content\/uploads\/2025\/03\/Anuncie-Aqui-Sao-Goncalo-vai-mudar-768x189.jpg 768w, https:\/\/sgvaimudar.com.br\/wp-content\/uploads\/2025\/03\/Anuncie-Aqui-Sao-Goncalo-vai-mudar-1536x378.jpg 1536w, https:\/\/sgvaimudar.com.br\/wp-content\/uploads\/2025\/03\/Anuncie-Aqui-Sao-Goncalo-vai-mudar-2048x504.jpg 2048w\" sizes=\"(max-width: 1024px) 100vw, 1024px\" \/><\/figure>\n","protected":false},"excerpt":{"rendered":"<p>Cerca de 40 alunos participam da atividade no Boa Vista O projeto Sa\u00fade em Movimento, da Funda\u00e7\u00e3o de Artes, Esporte&hellip;<\/p>\n","protected":false},"author":5,"featured_media":29491,"comment_status":"open","ping_status":"open","sticky":false,"template":"","format":"standard","meta":{"fifu_image_url":"","fifu_image_alt":"","footnotes":""},"categories":[5],"tags":[],"class_list":["post-29490","post","type-post","status-publish","format-standard","has-post-thumbnail","hentry","category-esportes"],"_links":{"self":[{"href":"https:\/\/sgvaimudar.com.br\/index.php\/wp-json\/wp\/v2\/posts\/29490","targetHints":{"allow":["GET"]}}],"collection":[{"href":"https:\/\/sgvaimudar.com.br\/index.php\/wp-json\/wp\/v2\/posts"}],"about":[{"href":"https:\/\/sgvaimudar.com.br\/index.php\/wp-json\/wp\/v2\/types\/post"}],"author":[{"embeddable":true,"href":"https:\/\/sgvaimudar.com.br\/index.php\/wp-json\/wp\/v2\/users\/5"}],"replies":[{"embeddable":true,"href":"https:\/\/sgvaimudar.com.br\/index.php\/wp-json\/wp\/v2\/comments?post=29490"}],"version-history":[{"count":1,"href":"https:\/\/sgvaimudar.com.br\/index.php\/wp-json\/wp\/v2\/posts\/29490\/revisions"}],"predecessor-version":[{"id":29493,"href":"https:\/\/sgvaimudar.com.br\/index.php\/wp-json\/wp\/v2\/posts\/29490\/revisions\/29493"}],"wp:featuredmedia":[{"embeddable":true,"href":"https:\/\/sgvaimudar.com.br\/index.php\/wp-json\/wp\/v2\/media\/29491"}],"wp:attachment":[{"href":"https:\/\/sgvaimudar.com.br\/index.php\/wp-json\/wp\/v2\/media?parent=29490"}],"wp:term":[{"taxonomy":"category","embeddable":true,"href":"https:\/\/sgvaimudar.com.br\/index.php\/wp-json\/wp\/v2\/categories?post=29490"},{"taxonomy":"post_tag","embeddable":true,"href":"https:\/\/sgvaimudar.com.br\/index.php\/wp-json\/wp\/v2\/tags?post=29490"}],"curies":[{"name":"wp","href":"https:\/\/api.w.org\/{rel}","templated":true}]}}