{"id":29482,"date":"2025-08-16T10:00:00","date_gmt":"2025-08-16T13:00:00","guid":{"rendered":"https:\/\/sgvaimudar.com.br\/?p=29482"},"modified":"2025-08-16T07:39:16","modified_gmt":"2025-08-16T10:39:16","slug":"defesa-civil-forma-a-10a-turma-do-curso-de-voluntarios","status":"publish","type":"post","link":"https:\/\/sgvaimudar.com.br\/index.php\/2025\/08\/16\/defesa-civil-forma-a-10a-turma-do-curso-de-voluntarios\/","title":{"rendered":"Defesa Civil forma a 10\u00aa turma do Curso de Volunt\u00e1rios"},"content":{"rendered":"\n<p><em>Aula de encerramento aconteceu na \u00c1rea de Prote\u00e7\u00e3o Ambiental Est\u00e2ncias de Pendotiba<\/em><\/p>\n\n\n\n<p>Nesta sexta-feira (15), aconteceu a aula final de mais uma turma de 2025 do Curso de Volunt\u00e1rios da Defesa Civil, na \u00c1rea de Prote\u00e7\u00e3o Ambiental Est\u00e2ncias de Pendotiba, em Maria Paula. A capacita\u00e7\u00e3o ofereceu aulas te\u00f3ricas e pr\u00e1ticas sobre as responsabilidades da Defesa Civil.<\/p>\n\n\n\n<p>O curso \u00e9 composto por cinco m\u00f3dulos, que prop\u00f5em debates sobre temas como no\u00e7\u00f5es b\u00e1sicas de Defesa Civil e voluntariado, comunica\u00e7\u00e3o de emerg\u00eancia, abrigos tempor\u00e1rios, produtos perigosos, combate a princ\u00edpios de inc\u00eandio, atendimento pr\u00e9-hospitalar e a import\u00e2ncia da higieniza\u00e7\u00e3o das resid\u00eancias ap\u00f3s chuvas.<\/p>\n\n\n\n<p>\u201c\u00c9 uma alegria para n\u00f3s, da Defesa Civil, formar mais uma turma de volunt\u00e1rios. Saber que estamos ajudando a sociedade a estar preparada para ajudar o pr\u00f3ximo, identificar situa\u00e7\u00f5es perigosas e agir no momento necess\u00e1rio, \u00e9 prazeroso demais. \u00c9 importante que nossos alunos entendam o nosso trabalho e o que \u00e9 exigido da gente\u201d, afirmou o subsecret\u00e1rio da Defesa Civil, major Felipe Assump\u00e7\u00e3o.<\/p>\n\n\n\n<figure class=\"wp-block-image size-full\"><img fetchpriority=\"high\" decoding=\"async\" width=\"1024\" height=\"683\" src=\"https:\/\/sgvaimudar.com.br\/wp-content\/uploads\/2025\/08\/unnamed-8-7.jpg\" alt=\"\" class=\"wp-image-29483\" srcset=\"https:\/\/sgvaimudar.com.br\/wp-content\/uploads\/2025\/08\/unnamed-8-7.jpg 1024w, https:\/\/sgvaimudar.com.br\/wp-content\/uploads\/2025\/08\/unnamed-8-7-300x200.jpg 300w, https:\/\/sgvaimudar.com.br\/wp-content\/uploads\/2025\/08\/unnamed-8-7-768x512.jpg 768w\" sizes=\"(max-width: 1024px) 100vw, 1024px\" \/><\/figure>\n\n\n\n<p>Nesta sexta-feira, os volunt\u00e1rios receberam os seus certificados e debateram suas experi\u00eancias no curso. Estiveram presentes 22 alunos e uma delas, Dandara Nascimento, de 36 anos, deu sua opini\u00e3o sobre o curso.<\/p>\n\n\n\n<p>\u201cO curso \u00e9 incr\u00edvel. Eu acho que toda a sociedade precisa dessa viv\u00eancia porque enriquece a gente e nos guia como cidad\u00e3os. Nos ensina o b\u00e1sico e o essencial para que a gente possa ser um bom cidad\u00e3o e ser colaborativo na nossa sociedade, no nosso bairro, no nosso oficio\u201d, contou.<\/p>\n\n\n\n<p>Ao final do curso, os alunos ganharam um certificado de conclus\u00e3o, onde foi necess\u00e1rio o cumprimento das 44 horas de atividades oferecidas durante a capacita\u00e7\u00e3o. Vale destacar que os volunt\u00e1rios saem formados do curso, mas n\u00e3o possuem a capacita\u00e7\u00e3o para salvar e resgatar pessoas como se fossem bombeiros ou agentes da Defesa Civil. Nas a\u00e7\u00f5es, os volunt\u00e1rios t\u00eam um tratamento direcionado, apoiando abrigos, organizando mantimentos nesses locais, catalogando pessoas que precisarem de ajuda.<\/p>\n\n\n\n<p><em>Fotos: Julio Diniz<\/em><\/p>\n\n\n\n<p><strong><em>S\u00e3o Gon\u00e7alo vai mudar: Not\u00edcias de S\u00e3o Gon\u00e7alo e toda regi\u00e3o.<\/em><\/strong><\/p>\n\n\n\n<figure class=\"wp-block-image size-large\"><img decoding=\"async\" width=\"1024\" height=\"252\" src=\"https:\/\/sgvaimudar.com.br\/wp-content\/uploads\/2025\/03\/Anuncie-Aqui-Sao-Goncalo-vai-mudar-1024x252.jpg\" alt=\"\" class=\"wp-image-22693\" srcset=\"https:\/\/sgvaimudar.com.br\/wp-content\/uploads\/2025\/03\/Anuncie-Aqui-Sao-Goncalo-vai-mudar-1024x252.jpg 1024w, https:\/\/sgvaimudar.com.br\/wp-content\/uploads\/2025\/03\/Anuncie-Aqui-Sao-Goncalo-vai-mudar-300x74.jpg 300w, https:\/\/sgvaimudar.com.br\/wp-content\/uploads\/2025\/03\/Anuncie-Aqui-Sao-Goncalo-vai-mudar-768x189.jpg 768w, https:\/\/sgvaimudar.com.br\/wp-content\/uploads\/2025\/03\/Anuncie-Aqui-Sao-Goncalo-vai-mudar-1536x378.jpg 1536w, https:\/\/sgvaimudar.com.br\/wp-content\/uploads\/2025\/03\/Anuncie-Aqui-Sao-Goncalo-vai-mudar-2048x504.jpg 2048w\" sizes=\"(max-width: 1024px) 100vw, 1024px\" \/><\/figure>\n","protected":false},"excerpt":{"rendered":"<p>Aula de encerramento aconteceu na \u00c1rea de Prote\u00e7\u00e3o Ambiental Est\u00e2ncias de Pendotiba Nesta sexta-feira (15), aconteceu a aula final de&hellip;<\/p>\n","protected":false},"author":5,"featured_media":29484,"comment_status":"open","ping_status":"open","sticky":false,"template":"","format":"standard","meta":{"fifu_image_url":"","fifu_image_alt":"","footnotes":""},"categories":[3],"tags":[],"class_list":["post-29482","post","type-post","status-publish","format-standard","has-post-thumbnail","hentry","category-sao-goncalo"],"_links":{"self":[{"href":"https:\/\/sgvaimudar.com.br\/index.php\/wp-json\/wp\/v2\/posts\/29482","targetHints":{"allow":["GET"]}}],"collection":[{"href":"https:\/\/sgvaimudar.com.br\/index.php\/wp-json\/wp\/v2\/posts"}],"about":[{"href":"https:\/\/sgvaimudar.com.br\/index.php\/wp-json\/wp\/v2\/types\/post"}],"author":[{"embeddable":true,"href":"https:\/\/sgvaimudar.com.br\/index.php\/wp-json\/wp\/v2\/users\/5"}],"replies":[{"embeddable":true,"href":"https:\/\/sgvaimudar.com.br\/index.php\/wp-json\/wp\/v2\/comments?post=29482"}],"version-history":[{"count":1,"href":"https:\/\/sgvaimudar.com.br\/index.php\/wp-json\/wp\/v2\/posts\/29482\/revisions"}],"predecessor-version":[{"id":29485,"href":"https:\/\/sgvaimudar.com.br\/index.php\/wp-json\/wp\/v2\/posts\/29482\/revisions\/29485"}],"wp:featuredmedia":[{"embeddable":true,"href":"https:\/\/sgvaimudar.com.br\/index.php\/wp-json\/wp\/v2\/media\/29484"}],"wp:attachment":[{"href":"https:\/\/sgvaimudar.com.br\/index.php\/wp-json\/wp\/v2\/media?parent=29482"}],"wp:term":[{"taxonomy":"category","embeddable":true,"href":"https:\/\/sgvaimudar.com.br\/index.php\/wp-json\/wp\/v2\/categories?post=29482"},{"taxonomy":"post_tag","embeddable":true,"href":"https:\/\/sgvaimudar.com.br\/index.php\/wp-json\/wp\/v2\/tags?post=29482"}],"curies":[{"name":"wp","href":"https:\/\/api.w.org\/{rel}","templated":true}]}}