{"id":29474,"date":"2025-08-16T09:00:00","date_gmt":"2025-08-16T12:00:00","guid":{"rendered":"https:\/\/sgvaimudar.com.br\/?p=29474"},"modified":"2025-08-16T07:29:51","modified_gmt":"2025-08-16T10:29:51","slug":"prefeitura-apresenta-a-comunidade-o-novo-pac-neves-para-conter-alagamentos","status":"publish","type":"post","link":"https:\/\/sgvaimudar.com.br\/index.php\/2025\/08\/16\/prefeitura-apresenta-a-comunidade-o-novo-pac-neves-para-conter-alagamentos\/","title":{"rendered":"Prefeitura apresenta \u00e0 comunidade o Novo PAC Neves para conter alagamentos"},"content":{"rendered":"\n<p><em>Projeto apresentado pela Semgipe ter\u00e1 investimento de R$ 155 milh\u00f5es<\/em><\/p>\n\n\n\n<p>Na noite desta quarta-feira (13), a Prefeitura de S\u00e3o Gon\u00e7alo, por meio da Secretaria Municipal de Gest\u00e3o Integrada e Projetos Especiais (Semgipe), realizou a primeira reuni\u00e3o com moradores do bairro de Neves para apresentar o Novo PAC Neves, um projeto desenvolvido com foco na preven\u00e7\u00e3o de alagamentos, problema hist\u00f3rico agravado pelas mudan\u00e7as clim\u00e1ticas.<\/p>\n\n\n\n<p>O Novo PAC Neves \u00e9 fruto de uma proposta apresentada pela Semgipe ao programa federal em agosto de 2023. Em julho de 2024, o munic\u00edpio foi selecionado com cerca de R$ 155 milh\u00f5es, por meio do eixo \u201cCidades Sustent\u00e1veis e Resilientes\u201d do PAC Sele\u00e7\u00f5es. O recurso ser\u00e1 destinado a obras de drenagem pluvial, pavimenta\u00e7\u00e3o e sinaliza\u00e7\u00e3o vi\u00e1ria, beneficiando diretamente o bairro de Neves e indiretamente regi\u00f5es vizinhas como Vila Lage, Covanca e Porto Velho.<\/p>\n\n\n\n<figure class=\"wp-block-image size-full\"><img fetchpriority=\"high\" decoding=\"async\" width=\"1024\" height=\"683\" src=\"https:\/\/sgvaimudar.com.br\/wp-content\/uploads\/2025\/08\/unnamed-30.jpg\" alt=\"\" class=\"wp-image-29475\" srcset=\"https:\/\/sgvaimudar.com.br\/wp-content\/uploads\/2025\/08\/unnamed-30.jpg 1024w, https:\/\/sgvaimudar.com.br\/wp-content\/uploads\/2025\/08\/unnamed-30-300x200.jpg 300w, https:\/\/sgvaimudar.com.br\/wp-content\/uploads\/2025\/08\/unnamed-30-768x512.jpg 768w\" sizes=\"(max-width: 1024px) 100vw, 1024px\" \/><\/figure>\n\n\n\n<p>O encontro faz parte de um processo de mobiliza\u00e7\u00e3o que j\u00e1 est\u00e1 em andamento. Equipes t\u00e9cnicas e sociais t\u00eam percorrido as ruas, aplicando question\u00e1rios e ouvindo os moradores para identificar o perfil da comunidade e suas necessidades.<\/p>\n\n\n\n<p>Segundo a secret\u00e1ria da Semgipe, Rafaela Santana, a proposta \u00e9 executar o projeto em parceria com a popula\u00e7\u00e3o:<\/p>\n\n\n\n<p>\u201cTodo esse processo do Novo PAC vem com a percep\u00e7\u00e3o de um trabalho ativo, de mobiliza\u00e7\u00e3o da popula\u00e7\u00e3o para apresentar a proposta e promover troca de ideias. Queremos que os moradores saibam o que vai acontecer, tragam seus pontos de vista e nos ajudem a executar esse projeto de forma colaborativa.\u201d<\/p>\n\n\n\n<p>Com aproximadamente 12 mil habitantes e o maior \u00cdndice de Desenvolvimento Humano (IDH) do munic\u00edpio, Neves est\u00e1 situado no 4\u00ba Distrito, pr\u00f3ximo \u00e0 Ba\u00eda de Guanabara e a apenas 17 minutos do Centro de S\u00e3o Gon\u00e7alo.<\/p>\n\n\n\n<p>As melhorias v\u00e3o acelerar o escoamento das \u00e1guas para a Ba\u00eda de Guanabara, evitando extravasamentos das redes de micro e macrodrenagem, reduzir riscos de enchentes, ampliar a mobilidade urbana e facilitar o transporte de cargas e passageiros. As obras incluem canaliza\u00e7\u00e3o, limpeza e desassoreamento de canais e rios, e devem impactar positivamente a economia e a seguran\u00e7a da popula\u00e7\u00e3o.<\/p>\n\n\n\n<p>\u201cN\u00f3s estamos ansiosos por isso. A gente espera por uma obra como essa a vida toda. Ningu\u00e9m olhava para est\u00e1 \u00e1rea aqui, s\u00f3 de melhorar os alagamentos \u00e9 um sonho se tornando realidade. Eu n\u00e3o vejo a hora dessa obra come\u00e7ar\u201d, declarou emocionada, a moradora Ana Claudia, de 40 anos.<\/p>\n\n\n\n<p>O projeto tamb\u00e9m prev\u00ea um robusto trabalho social, com oficinas educativas, reuni\u00f5es comunit\u00e1rias, plant\u00e3o social e campanhas de comunica\u00e7\u00e3o, fortalecendo a rede de coopera\u00e7\u00e3o entre moradores, lideran\u00e7as e organiza\u00e7\u00f5es locais.<\/p>\n\n\n\n<p><em>Foto: Fabio Guimar\u00e3es<\/em><\/p>\n\n\n\n<p><strong><em>S\u00e3o Gon\u00e7alo vai mudar: Not\u00edcias de S\u00e3o Gon\u00e7alo e toda regi\u00e3o.<\/em><\/strong><\/p>\n\n\n\n<figure class=\"wp-block-image size-large\"><img decoding=\"async\" width=\"1024\" height=\"252\" src=\"https:\/\/sgvaimudar.com.br\/wp-content\/uploads\/2025\/03\/Anuncie-Aqui-Sao-Goncalo-vai-mudar-1024x252.jpg\" alt=\"\" class=\"wp-image-22693\" srcset=\"https:\/\/sgvaimudar.com.br\/wp-content\/uploads\/2025\/03\/Anuncie-Aqui-Sao-Goncalo-vai-mudar-1024x252.jpg 1024w, https:\/\/sgvaimudar.com.br\/wp-content\/uploads\/2025\/03\/Anuncie-Aqui-Sao-Goncalo-vai-mudar-300x74.jpg 300w, https:\/\/sgvaimudar.com.br\/wp-content\/uploads\/2025\/03\/Anuncie-Aqui-Sao-Goncalo-vai-mudar-768x189.jpg 768w, https:\/\/sgvaimudar.com.br\/wp-content\/uploads\/2025\/03\/Anuncie-Aqui-Sao-Goncalo-vai-mudar-1536x378.jpg 1536w, https:\/\/sgvaimudar.com.br\/wp-content\/uploads\/2025\/03\/Anuncie-Aqui-Sao-Goncalo-vai-mudar-2048x504.jpg 2048w\" sizes=\"(max-width: 1024px) 100vw, 1024px\" \/><\/figure>\n","protected":false},"excerpt":{"rendered":"<p>Projeto apresentado pela Semgipe ter\u00e1 investimento de R$ 155 milh\u00f5es Na noite desta quarta-feira (13), a Prefeitura de S\u00e3o Gon\u00e7alo,&hellip;<\/p>\n","protected":false},"author":5,"featured_media":29476,"comment_status":"open","ping_status":"open","sticky":false,"template":"","format":"standard","meta":{"fifu_image_url":"","fifu_image_alt":"","footnotes":""},"categories":[3],"tags":[],"class_list":["post-29474","post","type-post","status-publish","format-standard","has-post-thumbnail","hentry","category-sao-goncalo"],"_links":{"self":[{"href":"https:\/\/sgvaimudar.com.br\/index.php\/wp-json\/wp\/v2\/posts\/29474","targetHints":{"allow":["GET"]}}],"collection":[{"href":"https:\/\/sgvaimudar.com.br\/index.php\/wp-json\/wp\/v2\/posts"}],"about":[{"href":"https:\/\/sgvaimudar.com.br\/index.php\/wp-json\/wp\/v2\/types\/post"}],"author":[{"embeddable":true,"href":"https:\/\/sgvaimudar.com.br\/index.php\/wp-json\/wp\/v2\/users\/5"}],"replies":[{"embeddable":true,"href":"https:\/\/sgvaimudar.com.br\/index.php\/wp-json\/wp\/v2\/comments?post=29474"}],"version-history":[{"count":1,"href":"https:\/\/sgvaimudar.com.br\/index.php\/wp-json\/wp\/v2\/posts\/29474\/revisions"}],"predecessor-version":[{"id":29477,"href":"https:\/\/sgvaimudar.com.br\/index.php\/wp-json\/wp\/v2\/posts\/29474\/revisions\/29477"}],"wp:featuredmedia":[{"embeddable":true,"href":"https:\/\/sgvaimudar.com.br\/index.php\/wp-json\/wp\/v2\/media\/29476"}],"wp:attachment":[{"href":"https:\/\/sgvaimudar.com.br\/index.php\/wp-json\/wp\/v2\/media?parent=29474"}],"wp:term":[{"taxonomy":"category","embeddable":true,"href":"https:\/\/sgvaimudar.com.br\/index.php\/wp-json\/wp\/v2\/categories?post=29474"},{"taxonomy":"post_tag","embeddable":true,"href":"https:\/\/sgvaimudar.com.br\/index.php\/wp-json\/wp\/v2\/tags?post=29474"}],"curies":[{"name":"wp","href":"https:\/\/api.w.org\/{rel}","templated":true}]}}