{"id":29471,"date":"2025-08-16T07:22:34","date_gmt":"2025-08-16T10:22:34","guid":{"rendered":"https:\/\/sgvaimudar.com.br\/?p=29471"},"modified":"2025-08-16T07:22:34","modified_gmt":"2025-08-16T10:22:34","slug":"em-sao-goncalo-caravana-desembarca-em-tribobo-e-no-joquei-neste-fim-de-semana","status":"publish","type":"post","link":"https:\/\/sgvaimudar.com.br\/index.php\/2025\/08\/16\/em-sao-goncalo-caravana-desembarca-em-tribobo-e-no-joquei-neste-fim-de-semana\/","title":{"rendered":"Em S\u00e3o Gon\u00e7alo, Caravana desembarca em Tribob\u00f3 e no J\u00f3quei neste fim de semana"},"content":{"rendered":"\n<p><em>A\u00e7\u00e3o \u00e9 uma iniciativa da Funda\u00e7\u00e3o de Artes, Esporte e Lazer de S\u00e3o Gon\u00e7alo<\/em><\/p>\n\n\n\n<p>A Caravana de Arte e Lazer, que \u00e9 uma a\u00e7\u00e3o gratuita oferecida pela Prefeitura de S\u00e3o Gon\u00e7alo, vai proporcionar uma manh\u00e3 de brincadeiras e intera\u00e7\u00e3o para as crian\u00e7as da cidade. No pr\u00f3ximo s\u00e1bado (16), a caravana estar\u00e1 em Tribob\u00f3 e, no domingo (17), chega ao J\u00f3quei.\u00a0<\/p>\n\n\n\n<p>O evento acontece sempre das 9h \u00e0s 13h e disponibiliza brinquedos infl\u00e1veis como escorrega e disputa de cotonetes, pula-pula, pintura art\u00edstica, al\u00e9m de apresenta\u00e7\u00f5es musicais, jogos e barracas de lanches para todo o p\u00fablico.&nbsp;<\/p>\n\n\n\n<p>O intuito do projeto, da Funda\u00e7\u00e3o de Artes, Esporte e Lazer de S\u00e3o Gon\u00e7alo (Faelsg), \u00e9 garantir um momento de lazer e de pr\u00e1ticas esportivas para diversas crian\u00e7as, em \u00e1reas de vulnerabilidade social do munic\u00edpio. Desde o seu in\u00edcio, em 2022, a a\u00e7\u00e3o j\u00e1 percorreu mais de 60 bairros.&nbsp;<\/p>\n\n\n\n<p><strong>Servi\u00e7o:<\/strong><\/p>\n\n\n\n<p><strong>S\u00e1bado (16\/8)<\/strong>&nbsp;&#8211; Entre a Rua Expedicion\u00e1rio Francisco Batista Rios e a Rua Francisco de Paula Moura Neto (em frente \u00e0 USF Jos\u00e9 Avelino) &#8211; Tribob\u00f3, das 9h \u00e0s 13h;<\/p>\n\n\n\n<p><strong>Domingo (17\/8)<\/strong>&nbsp;&#8211; Largo do J\u00f3quei &#8211; J\u00f3quei, das 9h \u00e0s 13h.<\/p>\n\n\n\n<p><em>Foto: Fabio Guimar\u00e3es<\/em><\/p>\n\n\n\n<p><strong><em>S\u00e3o Gon\u00e7alo vai mudar: Not\u00edcias de S\u00e3o Gon\u00e7alo e toda regi\u00e3o.<\/em><\/strong><\/p>\n\n\n\n<figure class=\"wp-block-image size-large\"><img fetchpriority=\"high\" decoding=\"async\" width=\"1024\" height=\"252\" src=\"https:\/\/sgvaimudar.com.br\/wp-content\/uploads\/2025\/03\/Anuncie-Aqui-Sao-Goncalo-vai-mudar-1024x252.jpg\" alt=\"\" class=\"wp-image-22693\" srcset=\"https:\/\/sgvaimudar.com.br\/wp-content\/uploads\/2025\/03\/Anuncie-Aqui-Sao-Goncalo-vai-mudar-1024x252.jpg 1024w, https:\/\/sgvaimudar.com.br\/wp-content\/uploads\/2025\/03\/Anuncie-Aqui-Sao-Goncalo-vai-mudar-300x74.jpg 300w, https:\/\/sgvaimudar.com.br\/wp-content\/uploads\/2025\/03\/Anuncie-Aqui-Sao-Goncalo-vai-mudar-768x189.jpg 768w, https:\/\/sgvaimudar.com.br\/wp-content\/uploads\/2025\/03\/Anuncie-Aqui-Sao-Goncalo-vai-mudar-1536x378.jpg 1536w, https:\/\/sgvaimudar.com.br\/wp-content\/uploads\/2025\/03\/Anuncie-Aqui-Sao-Goncalo-vai-mudar-2048x504.jpg 2048w\" sizes=\"(max-width: 1024px) 100vw, 1024px\" \/><\/figure>\n","protected":false},"excerpt":{"rendered":"<p>A\u00e7\u00e3o \u00e9 uma iniciativa da Funda\u00e7\u00e3o de Artes, Esporte e Lazer de S\u00e3o Gon\u00e7alo A Caravana de Arte e Lazer,&hellip;<\/p>\n","protected":false},"author":5,"featured_media":29472,"comment_status":"open","ping_status":"open","sticky":false,"template":"","format":"standard","meta":{"fifu_image_url":"","fifu_image_alt":"","footnotes":""},"categories":[6],"tags":[],"class_list":["post-29471","post","type-post","status-publish","format-standard","has-post-thumbnail","hentry","category-entretenimento"],"_links":{"self":[{"href":"https:\/\/sgvaimudar.com.br\/index.php\/wp-json\/wp\/v2\/posts\/29471","targetHints":{"allow":["GET"]}}],"collection":[{"href":"https:\/\/sgvaimudar.com.br\/index.php\/wp-json\/wp\/v2\/posts"}],"about":[{"href":"https:\/\/sgvaimudar.com.br\/index.php\/wp-json\/wp\/v2\/types\/post"}],"author":[{"embeddable":true,"href":"https:\/\/sgvaimudar.com.br\/index.php\/wp-json\/wp\/v2\/users\/5"}],"replies":[{"embeddable":true,"href":"https:\/\/sgvaimudar.com.br\/index.php\/wp-json\/wp\/v2\/comments?post=29471"}],"version-history":[{"count":1,"href":"https:\/\/sgvaimudar.com.br\/index.php\/wp-json\/wp\/v2\/posts\/29471\/revisions"}],"predecessor-version":[{"id":29473,"href":"https:\/\/sgvaimudar.com.br\/index.php\/wp-json\/wp\/v2\/posts\/29471\/revisions\/29473"}],"wp:featuredmedia":[{"embeddable":true,"href":"https:\/\/sgvaimudar.com.br\/index.php\/wp-json\/wp\/v2\/media\/29472"}],"wp:attachment":[{"href":"https:\/\/sgvaimudar.com.br\/index.php\/wp-json\/wp\/v2\/media?parent=29471"}],"wp:term":[{"taxonomy":"category","embeddable":true,"href":"https:\/\/sgvaimudar.com.br\/index.php\/wp-json\/wp\/v2\/categories?post=29471"},{"taxonomy":"post_tag","embeddable":true,"href":"https:\/\/sgvaimudar.com.br\/index.php\/wp-json\/wp\/v2\/tags?post=29471"}],"curies":[{"name":"wp","href":"https:\/\/api.w.org\/{rel}","templated":true}]}}