{"id":29464,"date":"2025-08-16T07:11:33","date_gmt":"2025-08-16T10:11:33","guid":{"rendered":"https:\/\/sgvaimudar.com.br\/?p=29464"},"modified":"2025-08-16T07:11:34","modified_gmt":"2025-08-16T10:11:34","slug":"escalacao-do-inter-roger-deve-promover-mudancas-no-time-contra-o-flamengo","status":"publish","type":"post","link":"https:\/\/sgvaimudar.com.br\/index.php\/2025\/08\/16\/escalacao-do-inter-roger-deve-promover-mudancas-no-time-contra-o-flamengo\/","title":{"rendered":"Escala\u00e7\u00e3o do Inter: Roger deve promover mudan\u00e7as no time contra o Flamengo"},"content":{"rendered":"\n<p><h2 class=\"content-head__subtitle\" style=\"margin: 0px;padding-right: var(--spacing-40);border: 0px;font-weight: inherit;font-size: var(--font-size-60-responsive-book);line-height: var(--font-line-height-spaced);font-family: var(--font-family-book),var(--font-family-book-fallback);vertical-align: initial;letter-spacing: var(--font-size-60-responsive-book-letter-spacing)\"><em>T\u00e9cnico deve preservar parte dos titulares para o jogo com o Rubro-Negro na quarta-feira<\/em><\/h2><\/p>\n\n\n\n<p>O Inter ter\u00e1 mudan\u00e7as para o segundo jogo da s\u00e9rie de tr\u00eas contra o Flamengo neste domingo, \u00e0s 18h30, no Beira-Rio. O t\u00e9cnico Roger Machado n\u00e3o ter\u00e1 o meia Bruno Tabata, suspenso, e deve ter preserva\u00e7\u00f5es.<\/p>\n\n\n\n<p>Os principais nomes com possibilidades de ficar fora do jogo s\u00e3o Alan Patrick, Wesley, Bernabei e Aguirre. Rochet deve atuar no gol, e Vit\u00e3o deve jogar j\u00e1 que esteve fora dos \u00faltimos dois jogos no Brasileir\u00e3o, por puni\u00e7\u00e3o.<\/p>\n\n\n\n<p>Sem Tabata, Bruno Henrique deve reaparecer no meio-campo. Resta saber se o uruguaio Alan Ben\u00edtez, titular nos \u00faltimos dois jogos, come\u00e7ar\u00e1. A tend\u00eancia \u00e9 ser titular, j\u00e1 que teve uma semana entre a derrota para o S\u00e3o Paulo e a vit\u00f3ria sobre o Red Bull Bragantino. Romero, recuperado de les\u00e3o, tamb\u00e9m \u00e9 op\u00e7\u00e3o para iniciar.<\/p>\n\n\n\n<p>O prov\u00e1vel Inter tem Rochet; Alan Ben\u00edtez, Vit\u00e3o, Clayton Sampaio e Victor Gabriel; Richard, Bruno Henrique (Luis Ot\u00e1vio), Alan Rodr\u00edguez, Romero (Gustavo Prado) e Vitinho; Borr\u00e9.<\/p>\n\n\n\n<p>Neste domingo, no Beira-Rio, o Inter enfrenta o Flamengo \u00e0s 18h30min. Enquanto os cariocas lideram com 40 pontos, os ga\u00fachos est\u00e3o em 11\u00ba, com 24. Na pr\u00f3xima quarta, ocorre o jogo de volta entre as duas equipes pelas oitavas de final da Conmebol Libertadores. O Inter est\u00e1 em desvantagem ap\u00f3s perder por 1 a 0 no Maracan\u00e3.<\/p>\n\n\n\n<p><strong><em>S\u00e3o Gon\u00e7alo vai mudar: Not\u00edcias de S\u00e3o Gon\u00e7alo e toda regi\u00e3o.<\/em><\/strong><\/p>\n\n\n\n<figure class=\"wp-block-image size-large\"><img fetchpriority=\"high\" decoding=\"async\" width=\"1024\" height=\"252\" src=\"https:\/\/sgvaimudar.com.br\/wp-content\/uploads\/2025\/03\/Anuncie-Aqui-Sao-Goncalo-vai-mudar-1024x252.jpg\" alt=\"\" class=\"wp-image-22693\" srcset=\"https:\/\/sgvaimudar.com.br\/wp-content\/uploads\/2025\/03\/Anuncie-Aqui-Sao-Goncalo-vai-mudar-1024x252.jpg 1024w, https:\/\/sgvaimudar.com.br\/wp-content\/uploads\/2025\/03\/Anuncie-Aqui-Sao-Goncalo-vai-mudar-300x74.jpg 300w, https:\/\/sgvaimudar.com.br\/wp-content\/uploads\/2025\/03\/Anuncie-Aqui-Sao-Goncalo-vai-mudar-768x189.jpg 768w, https:\/\/sgvaimudar.com.br\/wp-content\/uploads\/2025\/03\/Anuncie-Aqui-Sao-Goncalo-vai-mudar-1536x378.jpg 1536w, https:\/\/sgvaimudar.com.br\/wp-content\/uploads\/2025\/03\/Anuncie-Aqui-Sao-Goncalo-vai-mudar-2048x504.jpg 2048w\" sizes=\"(max-width: 1024px) 100vw, 1024px\" \/><\/figure>\n","protected":false},"excerpt":{"rendered":"<p>T\u00e9cnico deve preservar parte dos titulares para o jogo com o Rubro-Negro na quarta-feira O Inter ter\u00e1 mudan\u00e7as para o&hellip;<\/p>\n","protected":false},"author":5,"featured_media":29465,"comment_status":"open","ping_status":"open","sticky":false,"template":"","format":"standard","meta":{"fifu_image_url":"","fifu_image_alt":"","footnotes":""},"categories":[5],"tags":[],"class_list":["post-29464","post","type-post","status-publish","format-standard","has-post-thumbnail","hentry","category-esportes"],"_links":{"self":[{"href":"https:\/\/sgvaimudar.com.br\/index.php\/wp-json\/wp\/v2\/posts\/29464","targetHints":{"allow":["GET"]}}],"collection":[{"href":"https:\/\/sgvaimudar.com.br\/index.php\/wp-json\/wp\/v2\/posts"}],"about":[{"href":"https:\/\/sgvaimudar.com.br\/index.php\/wp-json\/wp\/v2\/types\/post"}],"author":[{"embeddable":true,"href":"https:\/\/sgvaimudar.com.br\/index.php\/wp-json\/wp\/v2\/users\/5"}],"replies":[{"embeddable":true,"href":"https:\/\/sgvaimudar.com.br\/index.php\/wp-json\/wp\/v2\/comments?post=29464"}],"version-history":[{"count":1,"href":"https:\/\/sgvaimudar.com.br\/index.php\/wp-json\/wp\/v2\/posts\/29464\/revisions"}],"predecessor-version":[{"id":29466,"href":"https:\/\/sgvaimudar.com.br\/index.php\/wp-json\/wp\/v2\/posts\/29464\/revisions\/29466"}],"wp:featuredmedia":[{"embeddable":true,"href":"https:\/\/sgvaimudar.com.br\/index.php\/wp-json\/wp\/v2\/media\/29465"}],"wp:attachment":[{"href":"https:\/\/sgvaimudar.com.br\/index.php\/wp-json\/wp\/v2\/media?parent=29464"}],"wp:term":[{"taxonomy":"category","embeddable":true,"href":"https:\/\/sgvaimudar.com.br\/index.php\/wp-json\/wp\/v2\/categories?post=29464"},{"taxonomy":"post_tag","embeddable":true,"href":"https:\/\/sgvaimudar.com.br\/index.php\/wp-json\/wp\/v2\/tags?post=29464"}],"curies":[{"name":"wp","href":"https:\/\/api.w.org\/{rel}","templated":true}]}}