{"id":29459,"date":"2025-08-14T21:00:00","date_gmt":"2025-08-15T00:00:00","guid":{"rendered":"https:\/\/sgvaimudar.com.br\/?p=29459"},"modified":"2025-08-14T11:27:19","modified_gmt":"2025-08-14T14:27:19","slug":"incendios-florestais-na-espanha-deixam-mais-de-18-mil-pessoas-confinadas","status":"publish","type":"post","link":"https:\/\/sgvaimudar.com.br\/index.php\/2025\/08\/14\/incendios-florestais-na-espanha-deixam-mais-de-18-mil-pessoas-confinadas\/","title":{"rendered":"Inc\u00eandios florestais na Espanha deixam mais de 18 mil pessoas confinadas"},"content":{"rendered":"\n<p><em>Chamas j\u00e1 consumiram quase 30 quil\u00f4metros quadrados de vegeta\u00e7\u00e3o na regi\u00e3o da Catalunha<\/em><\/p>\n\n\n\n<p>As autoridades espanholas ordenaram que mais de 18 mil moradores da prov\u00edncia de Tarragona, no nordeste do pa\u00eds, permanecessem em casa e dezenas de outras foram retiradas de suas resid\u00eancias devido a um inc\u00eandio florestal descontrolado, que consumiu quase 30 quil\u00f4metros quadrados de vegeta\u00e7\u00e3o.<\/p>\n\n\n\n<p>Grandes \u00e1reas da Espanha est\u00e3o em alerta m\u00e1ximo para chamas ap\u00f3s o pa\u00eds ter vivenciado o junho mais quente j\u00e1 registrado. Tr\u00eas pessoas morreram em um inc\u00eandio florestal em 1\u00ba de julho na regi\u00e3o da Catalunha, onde Tarragona est\u00e1 localizada.<\/p>\n\n\n\n<p>As chamas mais recentes ocorreram na manh\u00e3 de segunda-feira (7) em uma \u00e1rea remota perto da vila de Pauls, onde ventos fortes dificultaram os esfor\u00e7os de combate ao fogo, segundo autoridades.<\/p>\n\n\n\n<p>Uma unidade militar de emerg\u00eancia foi mobilizada na manh\u00e3 desta ter\u00e7a-feira (8), juntamente com mais de 300 bombeiros que trabalham na \u00e1rea.<\/p>\n\n\n\n<p>\u201cDesde a meia-noite, os bombeiros combatem o inc\u00eandio com rajadas de vento que chegam a 90 quil\u00f4metros por hora\u201d, informou o servi\u00e7o regional de combate a inc\u00eandios da Catalunha, acrescentando que a previs\u00e3o \u00e9 de que o forte vento Mistral diminua \u00e0 tarde.<\/p>\n\n\n\n<p>Durante a noite, carros de\u00a0bombeiros percorreram as estradas sinuosas da Serra de Pauls, cercados pelas chamas, enquanto as equipes avaliavam e tentavam conter o inc\u00eandio. Nas aldeias vizinhas de Xerta e Aldover, os moradores passaram a noite em claro enquanto as chamas amea\u00e7avam suas casas.<\/p>\n\n\n\n<p>&#8220;Houve muito medo e muito choro porque j\u00e1 estamos na beira do inc\u00eandio. Ontem \u00e0 noite, devido ao vento que soprava o fogo e da fuma\u00e7a, n\u00e3o pod\u00edamos sair de casa. Terr\u00edvel, isso nunca foi visto antes\u201d, relatou Rosa Veleda, de 76 anos, \u00e0 ag\u00eancia de not\u00edcias Reuters.<\/p>\n\n\n\n<p>As autoridades disseram que impediram que o fogo se alastrasse pelo rio Ebro, o que teria piorado a situa\u00e7\u00e3o. Aproximadamente 30% da \u00e1rea afetada fica no Parque Natural de Ports, localizado na Catalunha. Autoridades investigam as origens do inc\u00eandio.<\/p>\n\n\n\n<p><em>Fonte: CNN<\/em><\/p>\n\n\n\n<p><strong><em>S\u00e3o Gon\u00e7alo vai mudar: Not\u00edcias de S\u00e3o Gon\u00e7alo e toda regi\u00e3o.<\/em><\/strong><\/p>\n\n\n\n<figure class=\"wp-block-image size-large\"><img fetchpriority=\"high\" decoding=\"async\" width=\"1024\" height=\"252\" src=\"https:\/\/sgvaimudar.com.br\/wp-content\/uploads\/2023\/10\/Anuncie-Aqui-Sao-Goncalo-vai-mudar-2-1024x252.jpg\" alt=\"\" class=\"wp-image-3625\" srcset=\"https:\/\/sgvaimudar.com.br\/wp-content\/uploads\/2023\/10\/Anuncie-Aqui-Sao-Goncalo-vai-mudar-2-1024x252.jpg 1024w, https:\/\/sgvaimudar.com.br\/wp-content\/uploads\/2023\/10\/Anuncie-Aqui-Sao-Goncalo-vai-mudar-2-300x74.jpg 300w, https:\/\/sgvaimudar.com.br\/wp-content\/uploads\/2023\/10\/Anuncie-Aqui-Sao-Goncalo-vai-mudar-2-768x189.jpg 768w, https:\/\/sgvaimudar.com.br\/wp-content\/uploads\/2023\/10\/Anuncie-Aqui-Sao-Goncalo-vai-mudar-2-1536x378.jpg 1536w, https:\/\/sgvaimudar.com.br\/wp-content\/uploads\/2023\/10\/Anuncie-Aqui-Sao-Goncalo-vai-mudar-2-2048x504.jpg 2048w\" sizes=\"(max-width: 1024px) 100vw, 1024px\" \/><\/figure>\n","protected":false},"excerpt":{"rendered":"<p>Chamas j\u00e1 consumiram quase 30 quil\u00f4metros quadrados de vegeta\u00e7\u00e3o na regi\u00e3o da Catalunha As autoridades espanholas ordenaram que mais de&hellip;<\/p>\n","protected":false},"author":5,"featured_media":29460,"comment_status":"open","ping_status":"open","sticky":false,"template":"","format":"standard","meta":{"fifu_image_url":"","fifu_image_alt":"","footnotes":""},"categories":[1],"tags":[],"class_list":["post-29459","post","type-post","status-publish","format-standard","has-post-thumbnail","hentry","category-mundo"],"_links":{"self":[{"href":"https:\/\/sgvaimudar.com.br\/index.php\/wp-json\/wp\/v2\/posts\/29459","targetHints":{"allow":["GET"]}}],"collection":[{"href":"https:\/\/sgvaimudar.com.br\/index.php\/wp-json\/wp\/v2\/posts"}],"about":[{"href":"https:\/\/sgvaimudar.com.br\/index.php\/wp-json\/wp\/v2\/types\/post"}],"author":[{"embeddable":true,"href":"https:\/\/sgvaimudar.com.br\/index.php\/wp-json\/wp\/v2\/users\/5"}],"replies":[{"embeddable":true,"href":"https:\/\/sgvaimudar.com.br\/index.php\/wp-json\/wp\/v2\/comments?post=29459"}],"version-history":[{"count":1,"href":"https:\/\/sgvaimudar.com.br\/index.php\/wp-json\/wp\/v2\/posts\/29459\/revisions"}],"predecessor-version":[{"id":29461,"href":"https:\/\/sgvaimudar.com.br\/index.php\/wp-json\/wp\/v2\/posts\/29459\/revisions\/29461"}],"wp:featuredmedia":[{"embeddable":true,"href":"https:\/\/sgvaimudar.com.br\/index.php\/wp-json\/wp\/v2\/media\/29460"}],"wp:attachment":[{"href":"https:\/\/sgvaimudar.com.br\/index.php\/wp-json\/wp\/v2\/media?parent=29459"}],"wp:term":[{"taxonomy":"category","embeddable":true,"href":"https:\/\/sgvaimudar.com.br\/index.php\/wp-json\/wp\/v2\/categories?post=29459"},{"taxonomy":"post_tag","embeddable":true,"href":"https:\/\/sgvaimudar.com.br\/index.php\/wp-json\/wp\/v2\/tags?post=29459"}],"curies":[{"name":"wp","href":"https:\/\/api.w.org\/{rel}","templated":true}]}}